{"id":85942,"date":"2025-05-13T10:43:53","date_gmt":"2025-05-13T13:43:53","guid":{"rendered":"https:\/\/noticiasbahia360.com.br\/?p=85942"},"modified":"2025-05-13T10:43:53","modified_gmt":"2025-05-13T13:43:53","slug":"operacao-lockdown-e-deflagrada-no-conjunto-penal-de-juazeiro","status":"publish","type":"post","link":"https:\/\/noticiasbahia360.com.br\/?p=85942","title":{"rendered":"Opera\u00e7\u00e3o Lockdown \u00e9 deflagrada no Conjunto Penal de Juazeiro"},"content":{"rendered":"<div>\n<div>\n<figure><img decoding=\"async\" src=\"http:\/\/noticiasbahia360.com.br\/wp-content\/uploads\/2025\/05\/nveqCY2G-Operacao-Conjunto-Penal-de-Juazeiro.webp\" alt=\"Opera\u00e7\u00e3o Conjunto Penal de Juazeiro\"><figcaption>Foto: Nucom\/Seap<\/figcaption><\/figure>\n<\/div>\n<p>A Secretaria de Administra\u00e7\u00e3o Penitenci\u00e1ria e Ressocializa\u00e7\u00e3o (Seap), em uma a\u00e7\u00e3o conjunta com a Secretaria da Seguran\u00e7a P\u00fablica (SSP), deflagrou nesta ter\u00e7a-feira (13) a <a href=\"https:\/\/www.acordacidade.com.br\/tag\/operacao\/\">Opera\u00e7\u00e3o<\/a> Lockdown. A a\u00e7\u00e3o acontece de maneira simult\u00e2nea entre as for\u00e7as de seguran\u00e7a, na cidade de Juazeiro e, tem como objetivo a busca e a apreens\u00e3o de materiais il\u00edcitos nas unidades prisionais, com foco especial no interior das celas, eliminando a presen\u00e7a de celulares, drogas, ou qualquer poss\u00edvel comunica\u00e7\u00e3o entre os internos e os criminosos nas ruas.<\/p>\n<figure class=\"wp-block-image size-large\"><img fetchpriority=\"high\" data-dominant-color=\"898883\" data-has-transparency=\"false\" style=\"--dominant-color: #898883;\" fetchpriority=\"high\" decoding=\"async\" width=\"1024\" height=\"598\" sizes=\"(max-width: 1024px) 100vw, 1024px\" src=\"http:\/\/noticiasbahia360.com.br\/wp-content\/uploads\/2025\/05\/958RqiWs-Operacao-Conjunto-Penal-de-Juazeiro2-1024x598-1.webp\" alt=\"Opera\u00e7\u00e3o Conjunto Penal de Juazeiro\" class=\"wp-image-552809 not-transparent\" srcset=\"https:\/\/uploads.acordacidade.com.br\/2025\/05\/958RqiWs-Operacao-Conjunto-Penal-de-Juazeiro2-300x175.webp 300w, http:\/\/noticiasbahia360.com.br\/wp-content\/uploads\/2025\/05\/958RqiWs-Operacao-Conjunto-Penal-de-Juazeiro2-1024x598-1.webp 1024w, https:\/\/uploads.acordacidade.com.br\/2025\/05\/958RqiWs-Operacao-Conjunto-Penal-de-Juazeiro2-768x449.webp 768w, https:\/\/uploads.acordacidade.com.br\/2025\/05\/958RqiWs-Operacao-Conjunto-Penal-de-Juazeiro2-150x88.webp 150w, https:\/\/uploads.acordacidade.com.br\/2025\/05\/958RqiWs-Operacao-Conjunto-Penal-de-Juazeiro2.webp 1200w\"><figcaption class=\"wp-element-caption\">Foto: Nucom\/Seap<\/figcaption><\/figure>\n<p>A Opera\u00e7\u00e3o no Conjunto Penal de Juazeiro ser\u00e1 coordenada pela Superintend\u00eancia de Gest\u00e3o Prisional (SGP), por meio da Diretoria de Seguran\u00e7a Prisional (DSP), contar\u00e1 com a atua\u00e7\u00e3o do de policiais penais do Grupamento Especializado em Opera\u00e7\u00f5es Prisionais (Geop), com a apoio da Companhia Independente de Policiamento Especializado Caatinga (Cipe Caatinga), Companhia Independente de Policiamento T\u00e1tico (CIPT-Norte), do Comando de Policiamento da Regi\u00e3o Nordeste (CPRNE) e do Comando de Policiamento da Regi\u00e3o do Extremo Sul (Cpres), no apoio \u00e0 interven\u00e7\u00e3o prisional, garantindo uma resposta r\u00e1pida e integrada.<\/p>\n<figure class=\"wp-block-image size-large\"><img data-dominant-color=\"7f7a75\" data-has-transparency=\"false\" style=\"--dominant-color: #7f7a75;\" decoding=\"async\" width=\"1024\" height=\"668\" sizes=\"(max-width: 1024px) 100vw, 1024px\" src=\"http:\/\/noticiasbahia360.com.br\/wp-content\/uploads\/2025\/05\/dRarF1p6-Operacao-Conjunto-Penal-de-Juazeiro1-1024x668-1.webp\" alt=\"Opera\u00e7\u00e3o Conjunto Penal de Juazeiro\" class=\"wp-image-552810 not-transparent\" srcset=\"https:\/\/uploads.acordacidade.com.br\/2025\/05\/dRarF1p6-Operacao-Conjunto-Penal-de-Juazeiro1-300x196.webp 300w, http:\/\/noticiasbahia360.com.br\/wp-content\/uploads\/2025\/05\/dRarF1p6-Operacao-Conjunto-Penal-de-Juazeiro1-1024x668-1.webp 1024w, https:\/\/uploads.acordacidade.com.br\/2025\/05\/dRarF1p6-Operacao-Conjunto-Penal-de-Juazeiro1-768x501.webp 768w, https:\/\/uploads.acordacidade.com.br\/2025\/05\/dRarF1p6-Operacao-Conjunto-Penal-de-Juazeiro1-150x98.webp 150w, https:\/\/uploads.acordacidade.com.br\/2025\/05\/dRarF1p6-Operacao-Conjunto-Penal-de-Juazeiro1.webp 1200w\"><figcaption class=\"wp-element-caption\">Foto: Nucom\/Seap<\/figcaption><\/figure>\n<p>A\u00e7\u00f5es estrat\u00e9gicas simult\u00e2neas tamb\u00e9m est\u00e3o acontecendo na cidade com a Pol\u00edcia Civil, Pol\u00edcia Militar, Pol\u00edcia Rodovi\u00e1ria Federal e Departamento de Pol\u00edcia T\u00e9cnica.<\/p>\n<figure class=\"wp-block-image size-large\"><img data-dominant-color=\"728877\" data-has-transparency=\"false\" style=\"--dominant-color: #728877;\" decoding=\"async\" width=\"1024\" height=\"768\" sizes=\"(max-width: 1024px) 100vw, 1024px\" src=\"http:\/\/noticiasbahia360.com.br\/wp-content\/uploads\/2025\/05\/ADjd9WC1-Operacao-Conjunto-Penal-de-Juzeiro-1024x768-1.webp\" alt=\"Opera\u00e7\u00e3o Conjunto Penal de Juazeiro\" class=\"wp-image-552812 not-transparent\" srcset=\"https:\/\/uploads.acordacidade.com.br\/2025\/05\/ADjd9WC1-Operacao-Conjunto-Penal-de-Juzeiro-300x225.webp 300w, http:\/\/noticiasbahia360.com.br\/wp-content\/uploads\/2025\/05\/ADjd9WC1-Operacao-Conjunto-Penal-de-Juzeiro-1024x768-1.webp 1024w, https:\/\/uploads.acordacidade.com.br\/2025\/05\/ADjd9WC1-Operacao-Conjunto-Penal-de-Juzeiro-768x576.webp 768w, https:\/\/uploads.acordacidade.com.br\/2025\/05\/ADjd9WC1-Operacao-Conjunto-Penal-de-Juzeiro-150x113.webp 150w, https:\/\/uploads.acordacidade.com.br\/2025\/05\/ADjd9WC1-Operacao-Conjunto-Penal-de-Juzeiro.webp 1200w\"><figcaption class=\"wp-element-caption\">Foto: Nucom\/Seap<\/figcaption><\/figure>\n<p><em>Siga o Acorda Cidade no<\/em><a href=\"https:\/\/news.google.com\/search?q=acorda%20cidade&amp;hl=pt-BR&amp;gl=BR&amp;ceid=BR%3Apt-419\"><strong><em>\u00a0Google Not\u00edcias<\/em><\/strong><\/a><em>\u00a0e receba os principais destaques do dia. Participe tamb\u00e9m dos nossos canais no\u00a0<\/em><a href=\"https:\/\/www.whatsapp.com\/channel\/0029Va6Rb4v3WHTNnsh8WI3N\"><\/a><a href=\"https:\/\/www.acordacidade.com.br\/tag\/whatsapp\/\"><strong><em>WhatsApp<\/em><\/strong><\/a><em>\u00a0e\u00a0<\/em><a href=\"https:\/\/www.youtube.com\/@acordacidadenoticias\/videos\"><\/a><a href=\"https:\/\/www.acordacidade.com.br\/tag\/youtube\/\"><strong>YouTube<\/strong><\/a><em>\u00a0e do grupo no\u00a0<\/em><a href=\"https:\/\/t.me\/+sSz0khrgARA0ZmRh\"><\/a><a href=\"https:\/\/www.acordacidade.com.br\/tag\/telegram\/\"><strong><em>Telegram<\/em><\/strong><\/a><em>.<\/em><\/p>\n<\/div>\n","protected":false},"excerpt":{"rendered":"<div>\n<div>\n<figure><img decoding=\"async\" src=\"https:\/\/uploads.acordacidade.com.br\/2025\/05\/nveqCY2G-Operacao-Conjunto-Penal-de-Juazeiro.webp\" alt=\"Opera\u00e7\u00e3o Conjunto Penal de Juazeiro\"><figcaption>Foto: Nucom\/Seap<\/figcaption><\/figure>\n<\/div>\n<p>A a\u00e7\u00e3o acontece de forma integrada com a SSP e outras for\u00e7as de seguran\u00e7a da Bahia.<\/p><\/div>\n","protected":false},"author":1,"featured_media":85943,"comment_status":"closed","ping_status":"closed","sticky":false,"template":"","format":"gallery","meta":{"footnotes":""},"categories":[8,9,6,57,56,10],"tags":[],"class_list":["post-85942","post","type-post","status-publish","format-gallery","has-post-thumbnail","hentry","category-bahia","category-brasil","category-feira-de-santana","category-mundo","category-policia","category-politica","post_format-post-format-gallery"],"featured_image_urls":{"full":["https:\/\/noticiasbahia360.com.br\/wp-content\/uploads\/2025\/05\/nveqCY2G-Operacao-Conjunto-Penal-de-Juazeiro.webp",1200,834,false],"thumbnail":["https:\/\/noticiasbahia360.com.br\/wp-content\/uploads\/2025\/05\/nveqCY2G-Operacao-Conjunto-Penal-de-Juazeiro-150x150.webp",150,150,true],"medium":["https:\/\/noticiasbahia360.com.br\/wp-content\/uploads\/2025\/05\/nveqCY2G-Operacao-Conjunto-Penal-de-Juazeiro-300x209.webp",300,209,true],"medium_large":["https:\/\/noticiasbahia360.com.br\/wp-content\/uploads\/2025\/05\/nveqCY2G-Operacao-Conjunto-Penal-de-Juazeiro-768x534.webp",640,445,true],"large":["https:\/\/noticiasbahia360.com.br\/wp-content\/uploads\/2025\/05\/nveqCY2G-Operacao-Conjunto-Penal-de-Juazeiro-1024x712.webp",640,445,true],"1536x1536":["https:\/\/noticiasbahia360.com.br\/wp-content\/uploads\/2025\/05\/nveqCY2G-Operacao-Conjunto-Penal-de-Juazeiro.webp",1200,834,false],"2048x2048":["https:\/\/noticiasbahia360.com.br\/wp-content\/uploads\/2025\/05\/nveqCY2G-Operacao-Conjunto-Penal-de-Juazeiro.webp",1200,834,false],"chromenews-featured":["https:\/\/noticiasbahia360.com.br\/wp-content\/uploads\/2025\/05\/nveqCY2G-Operacao-Conjunto-Penal-de-Juazeiro-1024x712.webp",1024,712,true],"chromenews-large":["https:\/\/noticiasbahia360.com.br\/wp-content\/uploads\/2025\/05\/nveqCY2G-Operacao-Conjunto-Penal-de-Juazeiro-825x575.webp",825,575,true],"chromenews-medium":["https:\/\/noticiasbahia360.com.br\/wp-content\/uploads\/2025\/05\/nveqCY2G-Operacao-Conjunto-Penal-de-Juazeiro-590x410.webp",590,410,true]},"author_info":{"display_name":"noticiasbahia360.com.br","author_link":"https:\/\/noticiasbahia360.com.br\/?author=1"},"category_info":"<a href=\"https:\/\/noticiasbahia360.com.br\/?cat=8\" rel=\"category\">Bahia<\/a> <a href=\"https:\/\/noticiasbahia360.com.br\/?cat=9\" rel=\"category\">Brasil<\/a> <a href=\"https:\/\/noticiasbahia360.com.br\/?cat=6\" rel=\"category\">Feira de Santana<\/a> <a href=\"https:\/\/noticiasbahia360.com.br\/?cat=57\" rel=\"category\">Mundo<\/a> <a href=\"https:\/\/noticiasbahia360.com.br\/?cat=56\" rel=\"category\">Pol\u00edcia<\/a> <a href=\"https:\/\/noticiasbahia360.com.br\/?cat=10\" rel=\"category\">Pol\u00edtica<\/a>","tag_info":"Pol\u00edtica","comment_count":"0","_links":{"self":[{"href":"https:\/\/noticiasbahia360.com.br\/index.php?rest_route=\/wp\/v2\/posts\/85942","targetHints":{"allow":["GET"]}}],"collection":[{"href":"https:\/\/noticiasbahia360.com.br\/index.php?rest_route=\/wp\/v2\/posts"}],"about":[{"href":"https:\/\/noticiasbahia360.com.br\/index.php?rest_route=\/wp\/v2\/types\/post"}],"author":[{"embeddable":true,"href":"https:\/\/noticiasbahia360.com.br\/index.php?rest_route=\/wp\/v2\/users\/1"}],"replies":[{"embeddable":true,"href":"https:\/\/noticiasbahia360.com.br\/index.php?rest_route=%2Fwp%2Fv2%2Fcomments&post=85942"}],"version-history":[{"count":0,"href":"https:\/\/noticiasbahia360.com.br\/index.php?rest_route=\/wp\/v2\/posts\/85942\/revisions"}],"wp:featuredmedia":[{"embeddable":true,"href":"https:\/\/noticiasbahia360.com.br\/index.php?rest_route=\/wp\/v2\/media\/85943"}],"wp:attachment":[{"href":"https:\/\/noticiasbahia360.com.br\/index.php?rest_route=%2Fwp%2Fv2%2Fmedia&parent=85942"}],"wp:term":[{"taxonomy":"category","embeddable":true,"href":"https:\/\/noticiasbahia360.com.br\/index.php?rest_route=%2Fwp%2Fv2%2Fcategories&post=85942"},{"taxonomy":"post_tag","embeddable":true,"href":"https:\/\/noticiasbahia360.com.br\/index.php?rest_route=%2Fwp%2Fv2%2Ftags&post=85942"}],"curies":[{"name":"wp","href":"https:\/\/api.w.org\/{rel}","templated":true}]}}