{"id":85947,"date":"2025-05-13T10:55:01","date_gmt":"2025-05-13T13:55:01","guid":{"rendered":"https:\/\/noticiasbahia360.com.br\/?p=85947"},"modified":"2025-05-13T10:55:01","modified_gmt":"2025-05-13T13:55:01","slug":"soma-aguarda-retorno-do-governo-do-estado-para-solucionar-cratera-na-avenida-sergio-carneiro","status":"publish","type":"post","link":"https:\/\/noticiasbahia360.com.br\/?p=85947","title":{"rendered":"Soma aguarda retorno do Governo do Estado para solucionar cratera na Avenida S\u00e9rgio Carneiro"},"content":{"rendered":"<div>\n<div>\n<figure><img decoding=\"async\" src=\"http:\/\/noticiasbahia360.com.br\/wp-content\/uploads\/2025\/05\/buraco-na-avenida-sergio-carneiro-bairro-santo-antonio-dos-prazeres-feira-de-santana-foto-ed-santos-acorda-cidade.jpg\" alt=\"buraco na Avenida Sergio carneiro em Feira de Santana\"><figcaption>Foto: Ed Santos \/ Acorda Cidade <\/figcaption><\/figure>\n<\/div>\n<div class=\"wp-block-group\">\n<div class=\"wp-block-group__inner-container is-layout-constrained wp-block-group-is-layout-constrained\">\n<p>A Prefeitura de Feira de Santana solicitou ao Governo do Estado um estudo t\u00e9cnico para direcionar as obras de recupera\u00e7\u00e3o de um trecho do passeio da Avenida S\u00e9rgio Carneiro. <a href=\"https:\/\/www.acordacidade.com.br\/feira-de-santana\/cratera-destroi-parte-da-avenida-sergio-carneiro-em-feira-de-santana\/\">A \u00e1rea foi comprometida ap\u00f3s o surgimento de uma cratera<\/a>. O pedido, realizado no \u00faltimo m\u00eas de abril, foi feito pela Superintend\u00eancia Municipal de Opera\u00e7\u00f5es e Manuten\u00e7\u00e3o (Soma).<\/p>\n<p>A informa\u00e7\u00e3o foi confirmada ao Acorda Cidade na \u00faltima sexta-feira (9) por <a href=\"https:\/\/uploads.acordacidade.com.br\/2024\/12\/u1wt42tS-joao-vianey-soma-foto-divulgacao-assessoria.webp\">Jo\u00e3o Vianey<\/a>, superintendente da Soma. Segundo ele, o munic\u00edpio fez algumas interven\u00e7\u00f5es na \u00e1rea para conter o aumento do buraco, mas, por se tratar de um trecho que faz parte da BA-503, uma rodovia estadual, a prefeitura teve que acionar a Superintend\u00eancia de Infraestrutura de Transportes da Bahia (Sit), \u00f3rg\u00e3o ligado \u00e0 Secretaria de Infraestrutura do Estado (Seinfra).<\/p>\n<figure class=\"wp-block-image size-large\"><img fetchpriority=\"high\" data-dominant-color=\"adada8\" data-has-transparency=\"false\" style=\"--dominant-color: #adada8;\" fetchpriority=\"high\" decoding=\"async\" width=\"1024\" height=\"768\" sizes=\"(max-width: 1024px) 100vw, 1024px\" src=\"http:\/\/noticiasbahia360.com.br\/wp-content\/uploads\/2025\/05\/rvc6nYAD-joao-vianey-foto-ed-santos-acorda-cidade-1024x768-1.webp\" alt=\"Soma\" class=\"wp-image-552465 not-transparent\" srcset=\"https:\/\/uploads.acordacidade.com.br\/2025\/05\/rvc6nYAD-joao-vianey-foto-ed-santos-acorda-cidade-300x225.webp 300w, http:\/\/noticiasbahia360.com.br\/wp-content\/uploads\/2025\/05\/rvc6nYAD-joao-vianey-foto-ed-santos-acorda-cidade-1024x768-1.webp 1024w, https:\/\/uploads.acordacidade.com.br\/2025\/05\/rvc6nYAD-joao-vianey-foto-ed-santos-acorda-cidade-768x576.webp 768w, https:\/\/uploads.acordacidade.com.br\/2025\/05\/rvc6nYAD-joao-vianey-foto-ed-santos-acorda-cidade-150x113.webp 150w, https:\/\/uploads.acordacidade.com.br\/2025\/05\/rvc6nYAD-joao-vianey-foto-ed-santos-acorda-cidade.webp 1200w\"><figcaption class=\"wp-element-caption\">Jo\u00e3o Vinaey, respons\u00e1vel pela Superintend\u00eancia de Opera\u00e7\u00f5es e Manuten\u00e7\u00e3o de Feira de Santana | Foto: Ed Santos \/ Acorda Cidade <\/figcaption><\/figure>\n<p>\u201cNossas equipes, juntamente com as da Seplan [Secretaria de Planejamento de Feira de Santana], visitaram o local e fizeram a avalia\u00e7\u00e3o daquele ponto. Enviamos esse documento solicitando os estudos previstos n\u00e3o s\u00f3 para aquele ponto, mas para toda a extens\u00e3o da via, porque ali temos um afluente [curso de \u00e1gua] da bacia do rio Pojuca\u201d, disse Vianey.<\/p>\n<figure class=\"wp-block-image size-large\"><img data-dominant-color=\"868374\" data-has-transparency=\"false\" style=\"--dominant-color: #868374;\" decoding=\"async\" width=\"1024\" height=\"768\" sizes=\"(max-width: 1024px) 100vw, 1024px\" src=\"http:\/\/noticiasbahia360.com.br\/wp-content\/uploads\/2025\/05\/7YgetkeU-buraco-na-avenida-sergio-carneiro-bairro-santo-antonio-dos-prazeres-feira-de-santana-foto-ed-santos-acorda-cidade01-1024x768-1.webp\" alt=\"cratera\" class=\"wp-image-550999 not-transparent\" srcset=\"https:\/\/uploads.acordacidade.com.br\/2025\/05\/7YgetkeU-buraco-na-avenida-sergio-carneiro-bairro-santo-antonio-dos-prazeres-feira-de-santana-foto-ed-santos-acorda-cidade01-300x225.webp 300w, http:\/\/noticiasbahia360.com.br\/wp-content\/uploads\/2025\/05\/7YgetkeU-buraco-na-avenida-sergio-carneiro-bairro-santo-antonio-dos-prazeres-feira-de-santana-foto-ed-santos-acorda-cidade01-1024x768-1.webp 1024w, https:\/\/uploads.acordacidade.com.br\/2025\/05\/7YgetkeU-buraco-na-avenida-sergio-carneiro-bairro-santo-antonio-dos-prazeres-feira-de-santana-foto-ed-santos-acorda-cidade01-768x576.webp 768w, https:\/\/uploads.acordacidade.com.br\/2025\/05\/7YgetkeU-buraco-na-avenida-sergio-carneiro-bairro-santo-antonio-dos-prazeres-feira-de-santana-foto-ed-santos-acorda-cidade01-150x113.webp 150w, https:\/\/uploads.acordacidade.com.br\/2025\/05\/7YgetkeU-buraco-na-avenida-sergio-carneiro-bairro-santo-antonio-dos-prazeres-feira-de-santana-foto-ed-santos-acorda-cidade01.webp 1200w\"><figcaption class=\"wp-element-caption\">Foto: Ed Santos \/ Acorda Cidade <\/figcaption><\/figure>\n<p>Vianey afirmou que o prefeito de Feira de Santana, <a href=\"https:\/\/www.acordacidade.com.br\/tag\/jose-ronaldo\/\">Jos\u00e9 Ronaldo <\/a>(Uni\u00e3o Brasil), conversou diretamente com o superintendente da Seinfra sobre o assunto, pois, apesar de grave e de oferecer alto risco para quem passa pelo local, a interven\u00e7\u00e3o para solucionar o problema \u00e9 de inteira responsabilidade do Governo do Estado.<\/p>\n<p>\u201cO munic\u00edpio, em v\u00e1rios momentos, fez a\u00e7\u00f5es de tapa-buracos, mas, por se tratar de uma obra de maior porte, estamos aguardando essa devolutiva por parte da Seinfra e da Sit, para que o munic\u00edpio possa fazer sua parte, entendendo o que o Estado vai fazer e colaborando no que for poss\u00edvel\u201d, disse Vianey, ap\u00f3s afirmar que <strong>ainda n\u00e3o h\u00e1 previs\u00e3o de quando o Governo do Estado far\u00e1 uma interven\u00e7\u00e3o no local.<\/strong><\/p>\n<\/div>\n<\/div>\n<div class=\"wp-block-group\">\n<div class=\"wp-block-group__inner-container is-layout-constrained wp-block-group-is-layout-constrained\">\n<h2 class=\"wp-block-heading\" id=\"h-outros-pontos\">Outros pontos<\/h2>\n<p>O superintendente da Soma aproveitou a entrevista ao Acorda Cidade para esclarecer a\u00e7\u00f5es do \u00f3rg\u00e3o em outras \u00e1reas do munic\u00edpio que sofrem com alagamentos nos per\u00edodos mais chuvosos do ano. Vianey dividiu os trabalhos em dois grandes grupos de a\u00e7\u00f5es: <strong>Zona Rural<\/strong> e <strong>\u00c1rea Urbana<\/strong>.<\/p>\n<div class=\"wp-block-group\">\n<div class=\"wp-block-group__inner-container is-layout-constrained wp-block-group-is-layout-constrained\">\n<div class=\"wp-block-group\">\n<div class=\"wp-block-group__inner-container is-layout-constrained wp-block-group-is-layout-constrained\">\n<p><strong>Zona Rural<\/strong><\/p>\n<p>\u00c1rea do munic\u00edpio que naturalmente possui diversas estradas vicinais [geralmente sem pavimenta\u00e7\u00e3o asf\u00e1ltica] que sofrem mais com a degrada\u00e7\u00e3o do solo. \u00c9 comum ouvir de moradores da zona rural de Feira de Santana relatos de problemas como buracos, eros\u00f5es e lama.<\/p>\n<p>\u201cNossas equipes est\u00e3o mobilizadas fazendo esses atendimentos. Obviamente, enquanto est\u00e1 chovendo, a gente n\u00e3o consegue fazer uma atua\u00e7\u00e3o efetiva, mas vamos conseguindo atender. O servi\u00e7o de cascalhamento que foi feito, as passagens molhadas, garantem uma trafegabilidade maior. Mas \u00e9 importante pedir aten\u00e7\u00e3o: nesses pontos que t\u00eam eros\u00f5es, geralmente h\u00e1 material mais solto, ent\u00e3o existe risco de atolamento\u201d, disse Vianey.<\/p>\n<\/div>\n<\/div>\n<\/div>\n<\/div>\n<div class=\"wp-block-group\">\n<div class=\"wp-block-group__inner-container is-layout-constrained wp-block-group-is-layout-constrained\">\n<p><strong>\u00c1rea Urbana<\/strong><\/p>\n<p>Parte do munic\u00edpio que cont\u00e9m um grande n\u00famero de ruas cal\u00e7adas e\/ou asfaltadas, mas que ainda sofrem com problemas como alagamentos, esgotos correndo livremente nas ruas e trechos sem pavimenta\u00e7\u00e3o.<\/p>\n<p>\u201cTemos v\u00e1rias degrada\u00e7\u00f5es de redes, algumas tampas que s\u00e3o removidas com o objetivo imediato de aumentar o escoamento, achando que, ao tirar uma grelha, a \u00e1gua vai escoar melhor. Agora temos equipes fazendo esse trabalho em algumas situa\u00e7\u00f5es mais cr\u00edticas\u201d, disse o superintendente.<\/p>\n<\/div>\n<\/div>\n<\/div>\n<\/div>\n<div class=\"wp-block-group\">\n<div class=\"wp-block-group__inner-container is-layout-constrained wp-block-group-is-layout-constrained\">\n<h2 class=\"wp-block-heading\" id=\"h-prestacao-de-contas\">Presta\u00e7\u00e3o de contas<\/h2>\n<p>Jo\u00e3o Vianey apresentou uma esp\u00e9cie de balan\u00e7o das a\u00e7\u00f5es que a Soma vem realizando em diversas regi\u00f5es da cidade que enfrentam problemas antigos, velhos conhecidos dos moradores. <strong>Confira abaixo:<\/strong><\/p>\n<div class=\"wp-block-group\">\n<div class=\"wp-block-group__inner-container is-layout-constrained wp-block-group-is-layout-constrained\">\n<h3 class=\"wp-block-heading\" id=\"h-obra-na-rua-comendador-gomes-bairro-tomba\">\ud83d\udeabObra na Rua Comendador Gomes \u2013 Bairro Tomba<\/h3>\n<p>\u201cHouve uma ruptura de uma rede da Embasa. Estivemos no local e fizemos a sinaliza\u00e7\u00e3o. A SMT [Superintend\u00eancia Municipal de Tr\u00e2nsito] est\u00e1 l\u00e1 desde o final da manh\u00e3, fazendo os estudos com as alternativas poss\u00edveis de tr\u00e1fego, melhorando a sinaliza\u00e7\u00e3o, especialmente \u00e0 noite. Agora vem o final de semana, e \u00e9 uma interven\u00e7\u00e3o que vai durar alguns dias pela profundidade e caracter\u00edsticas da rede.\u201d<\/p>\n<\/div>\n<\/div>\n<h3 class=\"wp-block-heading\" id=\"h-drenagem-da-rua-olney-sao-paulo-bairro-aviario\">\ud83d\udca7Drenagem da Rua Olney S\u00e3o Paulo \u2013 Bairro Avi\u00e1rio<\/h3>\n<p>\u201cFizemos uma interven\u00e7\u00e3o no passado com v\u00e1rios reparos, uma a\u00e7\u00e3o bem ampla. J\u00e1 temos alguns estudos. O prefeito j\u00e1 havia solicitado avalia\u00e7\u00f5es da via. Inclusive, j\u00e1 fizemos algumas inspe\u00e7\u00f5es de material. Existem segmentos mais cr\u00edticos, exatamente porque o subleito \u00e9 muito ruim. Estamos estudando essa condi\u00e7\u00e3o para realizar a obra dentro do plano de drenagem.\u201d<\/p>\n<div class=\"wp-block-group\">\n<div class=\"wp-block-group__inner-container is-layout-constrained wp-block-group-is-layout-constrained\">\n<h3 class=\"wp-block-heading\" id=\"h-duplicacao-da-avenida-artemia-pires-bairro-sim\">\ud83d\ude98Duplica\u00e7\u00e3o da Avenida Art\u00eamia Pires \u2013 Bairro Sim<\/h3>\n<p>\u201cA respeito da duplica\u00e7\u00e3o, j\u00e1 temos um projeto pronto. A Seplan est\u00e1 fazendo avalia\u00e7\u00f5es de ajustes de drenagem e adequa\u00e7\u00e3o do terreno. Tivemos uma licita\u00e7\u00e3o no ano passado referente a um segmento inicial, mas agora o prefeito j\u00e1 definiu que ser\u00e1 feita a licita\u00e7\u00e3o para toda a extens\u00e3o da via, j\u00e1 com a drenagem das transversais completa.\u201d<\/p>\n<p><strong>Leia tamb\u00e9m:<\/strong><\/p>\n<p><a href=\"https:\/\/www.acordacidade.com.br\/feira-de-santana\/cratera-destroi-parte-da-avenida-sergio-carneiro-em-feira-de-santana\/\">Cratera destr\u00f3i parte da Avenida S\u00e9rgio Carneiro em Feira de Santana<\/a><\/p>\n<\/div>\n<\/div>\n<\/div>\n<\/div>\n<div class=\"wp-block-group\">\n<div class=\"wp-block-group__inner-container is-layout-constrained wp-block-group-is-layout-constrained\">\n<p><em>Com informa\u00e7\u00f5es do rep\u00f3rter Ed Santos do Acorda Cidade <\/em><\/p>\n<p><em>Reportagem escrita pelo estagi\u00e1rio de jornalismo Jefferson Ara\u00fajo sob supervis\u00e3o da jornalista Jaqueline Ferreira <\/em><\/p>\n<p><em>Siga o Acorda Cidade no<\/em><a href=\"https:\/\/news.google.com\/search?q=acorda%20cidade&amp;hl=pt-BR&amp;gl=BR&amp;ceid=BR%3Apt-419\"><strong><em>\u00a0Google Not\u00edcias<\/em><\/strong><\/a><em>\u00a0e receba os principais destaques do dia. Participe tamb\u00e9m dos nossos canais no\u00a0<\/em><a href=\"https:\/\/www.whatsapp.com\/channel\/0029Va6Rb4v3WHTNnsh8WI3N\"><strong><em>WhatsApp<\/em><\/strong><\/a><em>\u00a0e\u00a0<\/em><a href=\"https:\/\/www.youtube.com\/@acordacidadenoticias\/videos\"><strong>YouTube<\/strong><\/a><em>\u00a0e do grupo no\u00a0<\/em><a href=\"https:\/\/t.me\/+sSz0khrgARA0ZmRh\"><strong><em>Telegram<\/em><\/strong><\/a><\/p>\n<\/div>\n<\/div>\n<\/div>\n","protected":false},"excerpt":{"rendered":"<div>\n<div>\n<figure><img decoding=\"async\" src=\"https:\/\/uploads.acordacidade.com.br\/2025\/05\/buraco-na-avenida-sergio-carneiro-bairro-santo-antonio-dos-prazeres-feira-de-santana-foto-ed-santos-acorda-cidade.jpg\" alt=\"buraco na Avenida Sergio carneiro em Feira de Santana\"><figcaption>Foto: Ed Santos \/ Acorda Cidade <\/figcaption><\/figure>\n<\/div>\n<p>A informa\u00e7\u00e3o foi confirmada na na sexta-feira (9) por Jo\u00e3o Vianey, respons\u00e1vel pela  Superintend\u00eancia de Opera\u00e7\u00f5es e Manuten\u00e7\u00e3o (Soma).<\/p><\/div>\n","protected":false},"author":1,"featured_media":85948,"comment_status":"closed","ping_status":"closed","sticky":false,"template":"","format":"gallery","meta":{"footnotes":""},"categories":[8,9,6,57,56,10],"tags":[],"class_list":["post-85947","post","type-post","status-publish","format-gallery","has-post-thumbnail","hentry","category-bahia","category-brasil","category-feira-de-santana","category-mundo","category-policia","category-politica","post_format-post-format-gallery"],"featured_image_urls":{"full":["https:\/\/noticiasbahia360.com.br\/wp-content\/uploads\/2025\/05\/buraco-na-avenida-sergio-carneiro-bairro-santo-antonio-dos-prazeres-feira-de-santana-foto-ed-santos-acorda-cidade.jpg",1200,900,false],"thumbnail":["https:\/\/noticiasbahia360.com.br\/wp-content\/uploads\/2025\/05\/buraco-na-avenida-sergio-carneiro-bairro-santo-antonio-dos-prazeres-feira-de-santana-foto-ed-santos-acorda-cidade-150x150.jpg",150,150,true],"medium":["https:\/\/noticiasbahia360.com.br\/wp-content\/uploads\/2025\/05\/buraco-na-avenida-sergio-carneiro-bairro-santo-antonio-dos-prazeres-feira-de-santana-foto-ed-santos-acorda-cidade-300x225.jpg",300,225,true],"medium_large":["https:\/\/noticiasbahia360.com.br\/wp-content\/uploads\/2025\/05\/buraco-na-avenida-sergio-carneiro-bairro-santo-antonio-dos-prazeres-feira-de-santana-foto-ed-santos-acorda-cidade-768x576.jpg",640,480,true],"large":["https:\/\/noticiasbahia360.com.br\/wp-content\/uploads\/2025\/05\/buraco-na-avenida-sergio-carneiro-bairro-santo-antonio-dos-prazeres-feira-de-santana-foto-ed-santos-acorda-cidade-1024x768.jpg",640,480,true],"1536x1536":["https:\/\/noticiasbahia360.com.br\/wp-content\/uploads\/2025\/05\/buraco-na-avenida-sergio-carneiro-bairro-santo-antonio-dos-prazeres-feira-de-santana-foto-ed-santos-acorda-cidade.jpg",1200,900,false],"2048x2048":["https:\/\/noticiasbahia360.com.br\/wp-content\/uploads\/2025\/05\/buraco-na-avenida-sergio-carneiro-bairro-santo-antonio-dos-prazeres-feira-de-santana-foto-ed-santos-acorda-cidade.jpg",1200,900,false],"chromenews-featured":["https:\/\/noticiasbahia360.com.br\/wp-content\/uploads\/2025\/05\/buraco-na-avenida-sergio-carneiro-bairro-santo-antonio-dos-prazeres-feira-de-santana-foto-ed-santos-acorda-cidade-1024x768.jpg",1024,768,true],"chromenews-large":["https:\/\/noticiasbahia360.com.br\/wp-content\/uploads\/2025\/05\/buraco-na-avenida-sergio-carneiro-bairro-santo-antonio-dos-prazeres-feira-de-santana-foto-ed-santos-acorda-cidade-825x575.jpg",825,575,true],"chromenews-medium":["https:\/\/noticiasbahia360.com.br\/wp-content\/uploads\/2025\/05\/buraco-na-avenida-sergio-carneiro-bairro-santo-antonio-dos-prazeres-feira-de-santana-foto-ed-santos-acorda-cidade-590x410.jpg",590,410,true]},"author_info":{"display_name":"noticiasbahia360.com.br","author_link":"https:\/\/noticiasbahia360.com.br\/?author=1"},"category_info":"<a href=\"https:\/\/noticiasbahia360.com.br\/?cat=8\" rel=\"category\">Bahia<\/a> <a href=\"https:\/\/noticiasbahia360.com.br\/?cat=9\" rel=\"category\">Brasil<\/a> <a href=\"https:\/\/noticiasbahia360.com.br\/?cat=6\" rel=\"category\">Feira de Santana<\/a> <a href=\"https:\/\/noticiasbahia360.com.br\/?cat=57\" rel=\"category\">Mundo<\/a> <a href=\"https:\/\/noticiasbahia360.com.br\/?cat=56\" rel=\"category\">Pol\u00edcia<\/a> <a href=\"https:\/\/noticiasbahia360.com.br\/?cat=10\" rel=\"category\">Pol\u00edtica<\/a>","tag_info":"Pol\u00edtica","comment_count":"0","_links":{"self":[{"href":"https:\/\/noticiasbahia360.com.br\/index.php?rest_route=\/wp\/v2\/posts\/85947","targetHints":{"allow":["GET"]}}],"collection":[{"href":"https:\/\/noticiasbahia360.com.br\/index.php?rest_route=\/wp\/v2\/posts"}],"about":[{"href":"https:\/\/noticiasbahia360.com.br\/index.php?rest_route=\/wp\/v2\/types\/post"}],"author":[{"embeddable":true,"href":"https:\/\/noticiasbahia360.com.br\/index.php?rest_route=\/wp\/v2\/users\/1"}],"replies":[{"embeddable":true,"href":"https:\/\/noticiasbahia360.com.br\/index.php?rest_route=%2Fwp%2Fv2%2Fcomments&post=85947"}],"version-history":[{"count":0,"href":"https:\/\/noticiasbahia360.com.br\/index.php?rest_route=\/wp\/v2\/posts\/85947\/revisions"}],"wp:featuredmedia":[{"embeddable":true,"href":"https:\/\/noticiasbahia360.com.br\/index.php?rest_route=\/wp\/v2\/media\/85948"}],"wp:attachment":[{"href":"https:\/\/noticiasbahia360.com.br\/index.php?rest_route=%2Fwp%2Fv2%2Fmedia&parent=85947"}],"wp:term":[{"taxonomy":"category","embeddable":true,"href":"https:\/\/noticiasbahia360.com.br\/index.php?rest_route=%2Fwp%2Fv2%2Fcategories&post=85947"},{"taxonomy":"post_tag","embeddable":true,"href":"https:\/\/noticiasbahia360.com.br\/index.php?rest_route=%2Fwp%2Fv2%2Ftags&post=85947"}],"curies":[{"name":"wp","href":"https:\/\/api.w.org\/{rel}","templated":true}]}}