{"id":85951,"date":"2025-05-13T11:06:13","date_gmt":"2025-05-13T14:06:13","guid":{"rendered":"https:\/\/noticiasbahia360.com.br\/?p=85951"},"modified":"2025-05-13T11:06:13","modified_gmt":"2025-05-13T14:06:13","slug":"mae-da-esperanca","status":"publish","type":"post","link":"https:\/\/noticiasbahia360.com.br\/?p=85951","title":{"rendered":"M\u00e3e da esperan\u00e7a"},"content":{"rendered":"<div>\n<div>\n<figure><img decoding=\"async\" src=\"http:\/\/noticiasbahia360.com.br\/wp-content\/uploads\/2025\/05\/dia-das-maes-1-1.jpg\" alt=\"M\u00e3e da esperan\u00e7a\"><figcaption>Foto: Freepik <\/figcaption><\/figure>\n<\/div>\n<p><strong>O m\u00eas de maio foi sempre considerado um m\u00eas muito bonito e alegre. \u00c9 o M\u00eas das Noivas, M\u00eas das M\u00e3es e, tamb\u00e9m, um m\u00eas muito querido pelos cat\u00f3licos, pois \u00e9 dedicado a Nossa Senhora, M\u00e3e de Jesus e nossa m\u00e3e. \u00c9 confortadora e repleta de esperan\u00e7a a frase do Papa Francisco na canoniza\u00e7\u00e3o de Francisco e Jacinta, os pastorzinhos de F\u00e1tima: \u201cTemos uma m\u00e3e, nada devemos temer\u201d.<\/strong><\/p>\n<p><strong>COM<\/strong> frequ\u00eancia, somos dominados pelo des\u00e2nimo, ang\u00fastia, ansiedade, medo e doen\u00e7as. Muitos est\u00e3o preocupados com a situa\u00e7\u00e3o dif\u00edcil que estamos vivendo: desemprego, milhares de pessoas endividadas, fome, infla\u00e7\u00e3o e incertezas pelo futuro. Constata-se crescente corrup\u00e7\u00e3o, \u00f3dio entre grupos pol\u00edticos, consumo de drogas, viol\u00eancia e guerras.<\/p>\n<p><strong>NOT\u00cdCIAS<\/strong> falsas enchem nossos celulares semeando divis\u00f5es e, at\u00e9 mesmo, destrui\u00e7\u00e3o de fam\u00edlias. Pais e professores angustiam-se ao verem filhos e alunos viciados em redes sociais, vivendo uma situa\u00e7\u00e3o de depend\u00eancia, semelhante a outras drogas. Muitas fam\u00edlias vivem cada vez mais divididas porque n\u00e3o se encontram nem mesmo para tomarem juntos as refei\u00e7\u00f5es. Seus membros comunicam-se mais com os de longe do que com os de perto.<\/p>\n<p><strong>TUDO ISSO<\/strong> \u00e9 verdade, mas n\u00e3o podemos nos abater porque estamos sob o manto de Maria. Ela n\u00e3o teve medo diante do mist\u00e9rio de sua maternidade. Enfrentou o ex\u00edlio com serenidade. Sofreu com Jesus as incompreens\u00f5es da vida. Ficou aos p\u00e9s de seu Filho na cruz e confortou os ap\u00f3stolos na morte de Jesus. Maria nos ensina como viver com serenidade e f\u00e9 os sofrimentos de cada dia. Por isso ela \u00e9 modelo para a nossa vida crist\u00e3, a M\u00e3e da Esperan\u00e7a, a m\u00e3e dos Peregrinos de Esperan\u00e7a.<\/p>\n<p><strong>A CRIAN\u00c7A<\/strong>, quando acorda de manh\u00e3, abre os olhos e a quem procura? Procura a m\u00e3e e n\u00f3s procuramos Maria, que \u00e9 nossa m\u00e3e. Ela sempre intercede por n\u00f3s como somente uma m\u00e3e sabe fazer. Cuida de cada um de n\u00f3s como cuidou de Jesus. Ela guia nossos passos nos caminhos da vida. Vamos, por isso, imitar o ap\u00f3stolo Jo\u00e3o Evangelista que, recebendo Maria como m\u00e3e no alto do Calv\u00e1rio, a levou para a sua casa. Levemos Maria para a nossa casa e nada devemos temer!<\/p>\n<p><strong>MARIA<\/strong> nos trouxe Jesus, que \u00e9 nossa esperan\u00e7a, e nos leva a ele. Por isso, a pessoa de esperan\u00e7a sabe viver o presente com seu olhar voltado para o futuro. Al\u00e9m disso, a esperan\u00e7a crist\u00e3 n\u00e3o deixa a pessoa desanimar, mesmo no meio das maiores trag\u00e9dias da vida, porque \u00e9 expectativa dos bens futuros e da vida eterna no c\u00e9u. O ap\u00f3stolo Paulo afirma: \u201cNada temo, pois sei em quem depositei minha esperan\u00e7a\u201d (2 Tm 1,12)!<\/p>\n<p><strong>Dom Itamar Vian<br \/>Arcebispo Em\u00e9rito<br \/>di.vianfs@ig.com.br<\/strong><\/p>\n<p><em>Siga o Acorda Cidade no<\/em><a href=\"https:\/\/news.google.com\/search?q=acorda%20cidade&amp;hl=pt-BR&amp;gl=BR&amp;ceid=BR%3Apt-419\"><strong><em>\u00a0Google Not\u00edcias<\/em><\/strong><\/a><em>\u00a0e receba os principais destaques do dia. Participe tamb\u00e9m dos nossos canais no\u00a0<\/em><a href=\"https:\/\/www.whatsapp.com\/channel\/0029Va6Rb4v3WHTNnsh8WI3N\"><strong><em>WhatsApp<\/em><\/strong><\/a><em>\u00a0e\u00a0<\/em><a href=\"https:\/\/www.youtube.com\/@acordacidadenoticias\/videos\"><strong>YouTube<\/strong><\/a><em>\u00a0e do grupo no\u00a0<\/em><a href=\"https:\/\/t.me\/+sSz0khrgARA0ZmRh\"><strong><em>Telegram<\/em><\/strong><\/a><em>.<\/em><\/p>\n<\/div>\n","protected":false},"excerpt":{"rendered":"<div>\n<div>\n<figure><img decoding=\"async\" src=\"https:\/\/uploads.acordacidade.com.br\/2025\/05\/dia-das-maes-.jpg\" alt=\"M\u00e3e da esperan\u00e7a\"><figcaption>Foto: Freepik <\/figcaption><\/figure>\n<\/div>\n<p>A crian\u00e7a, quando acorda de manh\u00e3, abre os olhos e a quem procura? Procura a m\u00e3e e n\u00f3s procuramos Maria, que \u00e9 nossa m\u00e3e.<\/p><\/div>\n","protected":false},"author":1,"featured_media":85952,"comment_status":"closed","ping_status":"closed","sticky":false,"template":"","format":"gallery","meta":{"footnotes":""},"categories":[8,9,6,57,56,10],"tags":[],"class_list":["post-85951","post","type-post","status-publish","format-gallery","has-post-thumbnail","hentry","category-bahia","category-brasil","category-feira-de-santana","category-mundo","category-policia","category-politica","post_format-post-format-gallery"],"featured_image_urls":{"full":["https:\/\/noticiasbahia360.com.br\/wp-content\/uploads\/2025\/05\/dia-das-maes-1-1.jpg",1200,820,false],"thumbnail":["https:\/\/noticiasbahia360.com.br\/wp-content\/uploads\/2025\/05\/dia-das-maes-1-1-150x150.jpg",150,150,true],"medium":["https:\/\/noticiasbahia360.com.br\/wp-content\/uploads\/2025\/05\/dia-das-maes-1-1-300x205.jpg",300,205,true],"medium_large":["https:\/\/noticiasbahia360.com.br\/wp-content\/uploads\/2025\/05\/dia-das-maes-1-1-768x525.jpg",640,438,true],"large":["https:\/\/noticiasbahia360.com.br\/wp-content\/uploads\/2025\/05\/dia-das-maes-1-1-1024x700.jpg",640,438,true],"1536x1536":["https:\/\/noticiasbahia360.com.br\/wp-content\/uploads\/2025\/05\/dia-das-maes-1-1.jpg",1200,820,false],"2048x2048":["https:\/\/noticiasbahia360.com.br\/wp-content\/uploads\/2025\/05\/dia-das-maes-1-1.jpg",1200,820,false],"chromenews-featured":["https:\/\/noticiasbahia360.com.br\/wp-content\/uploads\/2025\/05\/dia-das-maes-1-1-1024x700.jpg",1024,700,true],"chromenews-large":["https:\/\/noticiasbahia360.com.br\/wp-content\/uploads\/2025\/05\/dia-das-maes-1-1-825x575.jpg",825,575,true],"chromenews-medium":["https:\/\/noticiasbahia360.com.br\/wp-content\/uploads\/2025\/05\/dia-das-maes-1-1-590x410.jpg",590,410,true]},"author_info":{"display_name":"noticiasbahia360.com.br","author_link":"https:\/\/noticiasbahia360.com.br\/?author=1"},"category_info":"<a href=\"https:\/\/noticiasbahia360.com.br\/?cat=8\" rel=\"category\">Bahia<\/a> <a href=\"https:\/\/noticiasbahia360.com.br\/?cat=9\" rel=\"category\">Brasil<\/a> <a href=\"https:\/\/noticiasbahia360.com.br\/?cat=6\" rel=\"category\">Feira de Santana<\/a> <a href=\"https:\/\/noticiasbahia360.com.br\/?cat=57\" rel=\"category\">Mundo<\/a> <a href=\"https:\/\/noticiasbahia360.com.br\/?cat=56\" rel=\"category\">Pol\u00edcia<\/a> <a href=\"https:\/\/noticiasbahia360.com.br\/?cat=10\" rel=\"category\">Pol\u00edtica<\/a>","tag_info":"Pol\u00edtica","comment_count":"0","_links":{"self":[{"href":"https:\/\/noticiasbahia360.com.br\/index.php?rest_route=\/wp\/v2\/posts\/85951","targetHints":{"allow":["GET"]}}],"collection":[{"href":"https:\/\/noticiasbahia360.com.br\/index.php?rest_route=\/wp\/v2\/posts"}],"about":[{"href":"https:\/\/noticiasbahia360.com.br\/index.php?rest_route=\/wp\/v2\/types\/post"}],"author":[{"embeddable":true,"href":"https:\/\/noticiasbahia360.com.br\/index.php?rest_route=\/wp\/v2\/users\/1"}],"replies":[{"embeddable":true,"href":"https:\/\/noticiasbahia360.com.br\/index.php?rest_route=%2Fwp%2Fv2%2Fcomments&post=85951"}],"version-history":[{"count":0,"href":"https:\/\/noticiasbahia360.com.br\/index.php?rest_route=\/wp\/v2\/posts\/85951\/revisions"}],"wp:featuredmedia":[{"embeddable":true,"href":"https:\/\/noticiasbahia360.com.br\/index.php?rest_route=\/wp\/v2\/media\/85952"}],"wp:attachment":[{"href":"https:\/\/noticiasbahia360.com.br\/index.php?rest_route=%2Fwp%2Fv2%2Fmedia&parent=85951"}],"wp:term":[{"taxonomy":"category","embeddable":true,"href":"https:\/\/noticiasbahia360.com.br\/index.php?rest_route=%2Fwp%2Fv2%2Fcategories&post=85951"},{"taxonomy":"post_tag","embeddable":true,"href":"https:\/\/noticiasbahia360.com.br\/index.php?rest_route=%2Fwp%2Fv2%2Ftags&post=85951"}],"curies":[{"name":"wp","href":"https:\/\/api.w.org\/{rel}","templated":true}]}}