{"id":85953,"date":"2025-05-13T11:06:17","date_gmt":"2025-05-13T14:06:17","guid":{"rendered":"https:\/\/noticiasbahia360.com.br\/?p=85953"},"modified":"2025-05-13T11:06:17","modified_gmt":"2025-05-13T14:06:17","slug":"sandro-de-castro-ewany-calazans-grava-novo-dvd-em-goiania","status":"publish","type":"post","link":"https:\/\/noticiasbahia360.com.br\/?p=85953","title":{"rendered":"Sandro de Castro &amp; Ewany Calazans grava novo DVD em Goi\u00e2nia"},"content":{"rendered":"<div>\n<div>\n<figure><img decoding=\"async\" src=\"http:\/\/noticiasbahia360.com.br\/wp-content\/uploads\/2025\/05\/u0X814fM-Sandro-de-Castro-Ewany-Calazans.webp\" alt=\"Sandro de Castro &amp; Ewany Calazans\"><figcaption>Foto: Divulga\u00e7\u00e3o<\/figcaption><\/figure>\n<\/div>\n<p>A dupla Sandro de Castro &amp; Ewany Calazans est\u00e1 prestes a viver mais um momento marcante em sua trajet\u00f3ria musical. A grava\u00e7\u00e3o de um novo DVD, marcada para esta quinta-feira, 15 de maio, em Goi\u00e2nia, promete consolidar ainda mais a carreira de dois artistas que representam com autenticidade e paix\u00e3o o forr\u00f3 nordestino.<\/p>\n<p>Sandro de Castro, nascido na cidade do Crato (CE), iniciou sua carreira ao ser descoberto por bandas de forr\u00f3, mergulhando de corpo e alma no cen\u00e1rio musical com um compromisso inegoci\u00e1vel: manter-se fiel \u00e0s ra\u00edzes de sua terra. Ainda nos anos 80 e in\u00edcio dos 90, vivendo em S\u00e3o Paulo, conquistou um p\u00fablico \u00e1vido por novidades e se destacou por sua habilidade com o acordeom \u2014 instrumento complexo e raro \u2014 inspirado por mestres como Luiz Gonzaga, Alcymar Monteiro e outros \u00edcones do g\u00eanero.<\/p>\n<p>J\u00e1 Ewany Calazans, natural de Feira de Santana (BA), entrou para essa hist\u00f3ria em 2000, quando conheceu Sandro durante uma apresenta\u00e7\u00e3o no programa Raul Gil. Bailarina do quadro \u201cFestival de Dan\u00e7a\u201d, recebeu nos bastidores um convite para integrar o corpo de baile da banda. A partir da\u00ed, come\u00e7ou uma hist\u00f3ria de parceria art\u00edstica e pessoal que s\u00f3 cresceu.<\/p>\n<p>Al\u00e9m de dan\u00e7arina, Ewany passou a atuar na produ\u00e7\u00e3o e organiza\u00e7\u00e3o da equipe de ballet. Em 2004, o casal decidiu seguir carreira juntos. Com a experi\u00eancia acumulada nas estradas do Brasil, Sandro tornou-se refer\u00eancia na produ\u00e7\u00e3o do forr\u00f3 aut\u00eantico. J\u00e1 em 2008, Ewany passou a dividir os vocais com ele e come\u00e7ou a compor \u2014 m\u00fasicas que j\u00e1 est\u00e3o dispon\u00edveis em CDs, DVDs e plataformas digitais, distribu\u00eddas por v\u00e1rias gravadoras no pa\u00eds.<\/p>\n<p>Atualmente, com uma agenda intensa \u2014 especialmente no per\u00edodo junino \u2014, a dupla vive uma fase de grande reconhecimento. A grava\u00e7\u00e3o do DVD em Goi\u00e2nia simboliza a for\u00e7a de um projeto que une talento, hist\u00f3ria e amor \u00e0 cultura nordestina.<\/p>\n<p>Segundo Sandro:<\/p>\n<p>\u201cEsse DVD representa muito do que temos constru\u00eddo ao longo dos anos com dedica\u00e7\u00e3o, estrada e muito amor ao forr\u00f3. Estamos com a agenda cheia nesse per\u00edodo, mas fizemos quest\u00e3o de parar para esse projeto porque sabemos o quanto ele pode abrir portas, levar nossa m\u00fasica a novos estados e mostrar ao Brasil inteiro a for\u00e7a do nosso trabalho.\u201d<\/p>\n<p>O p\u00fablico pode esperar m\u00fasicas in\u00e9ditas, participa\u00e7\u00f5es especiais e a mesma energia contagiante que marca os shows da dupla. Com ra\u00edzes profundas e olhos voltados para o futuro, Sandro de Castro &amp; Ewany Calazans seguem firmes em sua miss\u00e3o de levar o forr\u00f3 das origens ao cora\u00e7\u00e3o do Brasil.<\/p>\n<p><em>Siga o Acorda Cidade no<\/em><a href=\"https:\/\/news.google.com\/search?q=acorda%20cidade&amp;hl=pt-BR&amp;gl=BR&amp;ceid=BR%3Apt-419\"><strong><em>\u00a0Google Not\u00edcias<\/em><\/strong><\/a><em>\u00a0e receba os principais destaques do dia. Participe tamb\u00e9m dos nossos canais no\u00a0<\/em><a href=\"https:\/\/www.whatsapp.com\/channel\/0029Va6Rb4v3WHTNnsh8WI3N\"><\/a><a href=\"https:\/\/www.acordacidade.com.br\/tag\/whatsapp\/\"><strong><em>WhatsApp<\/em><\/strong><\/a><em>\u00a0e\u00a0<\/em><a href=\"https:\/\/www.youtube.com\/@acordacidadenoticias\/videos\"><\/a><a href=\"https:\/\/www.acordacidade.com.br\/tag\/youtube\/\"><strong>YouTube<\/strong><\/a><em>\u00a0e do grupo no\u00a0<\/em><a href=\"https:\/\/t.me\/+sSz0khrgARA0ZmRh\"><\/a><a href=\"https:\/\/www.acordacidade.com.br\/tag\/telegram\/\"><strong><em>Telegram<\/em><\/strong><\/a><em>.<\/em><\/p>\n<\/div>\n","protected":false},"excerpt":{"rendered":"<div>\n<div>\n<figure><img decoding=\"async\" src=\"https:\/\/uploads.acordacidade.com.br\/2025\/05\/u0X814fM-Sandro-de-Castro-Ewany-Calazans.webp\" alt=\"Sandro de Castro &amp; Ewany Calazans\"><figcaption>Foto: Divulga\u00e7\u00e3o<\/figcaption><\/figure>\n<\/div>\n<p>Atualmente, com uma agenda intensa \u2014 especialmente no per\u00edodo junino \u2014, a dupla vive uma fase de grande reconhecimento.<\/p><\/div>\n","protected":false},"author":1,"featured_media":85954,"comment_status":"closed","ping_status":"closed","sticky":false,"template":"","format":"gallery","meta":{"footnotes":""},"categories":[8,9,6,57,56,10],"tags":[],"class_list":["post-85953","post","type-post","status-publish","format-gallery","has-post-thumbnail","hentry","category-bahia","category-brasil","category-feira-de-santana","category-mundo","category-policia","category-politica","post_format-post-format-gallery"],"featured_image_urls":{"full":["https:\/\/noticiasbahia360.com.br\/wp-content\/uploads\/2025\/05\/u0X814fM-Sandro-de-Castro-Ewany-Calazans.webp",1200,984,false],"thumbnail":["https:\/\/noticiasbahia360.com.br\/wp-content\/uploads\/2025\/05\/u0X814fM-Sandro-de-Castro-Ewany-Calazans-150x150.webp",150,150,true],"medium":["https:\/\/noticiasbahia360.com.br\/wp-content\/uploads\/2025\/05\/u0X814fM-Sandro-de-Castro-Ewany-Calazans-300x246.webp",300,246,true],"medium_large":["https:\/\/noticiasbahia360.com.br\/wp-content\/uploads\/2025\/05\/u0X814fM-Sandro-de-Castro-Ewany-Calazans-768x630.webp",640,525,true],"large":["https:\/\/noticiasbahia360.com.br\/wp-content\/uploads\/2025\/05\/u0X814fM-Sandro-de-Castro-Ewany-Calazans-1024x840.webp",640,525,true],"1536x1536":["https:\/\/noticiasbahia360.com.br\/wp-content\/uploads\/2025\/05\/u0X814fM-Sandro-de-Castro-Ewany-Calazans.webp",1200,984,false],"2048x2048":["https:\/\/noticiasbahia360.com.br\/wp-content\/uploads\/2025\/05\/u0X814fM-Sandro-de-Castro-Ewany-Calazans.webp",1200,984,false],"chromenews-featured":["https:\/\/noticiasbahia360.com.br\/wp-content\/uploads\/2025\/05\/u0X814fM-Sandro-de-Castro-Ewany-Calazans-1024x840.webp",1024,840,true],"chromenews-large":["https:\/\/noticiasbahia360.com.br\/wp-content\/uploads\/2025\/05\/u0X814fM-Sandro-de-Castro-Ewany-Calazans-825x575.webp",825,575,true],"chromenews-medium":["https:\/\/noticiasbahia360.com.br\/wp-content\/uploads\/2025\/05\/u0X814fM-Sandro-de-Castro-Ewany-Calazans-590x410.webp",590,410,true]},"author_info":{"display_name":"noticiasbahia360.com.br","author_link":"https:\/\/noticiasbahia360.com.br\/?author=1"},"category_info":"<a href=\"https:\/\/noticiasbahia360.com.br\/?cat=8\" rel=\"category\">Bahia<\/a> <a href=\"https:\/\/noticiasbahia360.com.br\/?cat=9\" rel=\"category\">Brasil<\/a> <a href=\"https:\/\/noticiasbahia360.com.br\/?cat=6\" rel=\"category\">Feira de Santana<\/a> <a href=\"https:\/\/noticiasbahia360.com.br\/?cat=57\" rel=\"category\">Mundo<\/a> <a href=\"https:\/\/noticiasbahia360.com.br\/?cat=56\" rel=\"category\">Pol\u00edcia<\/a> <a href=\"https:\/\/noticiasbahia360.com.br\/?cat=10\" rel=\"category\">Pol\u00edtica<\/a>","tag_info":"Pol\u00edtica","comment_count":"0","_links":{"self":[{"href":"https:\/\/noticiasbahia360.com.br\/index.php?rest_route=\/wp\/v2\/posts\/85953","targetHints":{"allow":["GET"]}}],"collection":[{"href":"https:\/\/noticiasbahia360.com.br\/index.php?rest_route=\/wp\/v2\/posts"}],"about":[{"href":"https:\/\/noticiasbahia360.com.br\/index.php?rest_route=\/wp\/v2\/types\/post"}],"author":[{"embeddable":true,"href":"https:\/\/noticiasbahia360.com.br\/index.php?rest_route=\/wp\/v2\/users\/1"}],"replies":[{"embeddable":true,"href":"https:\/\/noticiasbahia360.com.br\/index.php?rest_route=%2Fwp%2Fv2%2Fcomments&post=85953"}],"version-history":[{"count":0,"href":"https:\/\/noticiasbahia360.com.br\/index.php?rest_route=\/wp\/v2\/posts\/85953\/revisions"}],"wp:featuredmedia":[{"embeddable":true,"href":"https:\/\/noticiasbahia360.com.br\/index.php?rest_route=\/wp\/v2\/media\/85954"}],"wp:attachment":[{"href":"https:\/\/noticiasbahia360.com.br\/index.php?rest_route=%2Fwp%2Fv2%2Fmedia&parent=85953"}],"wp:term":[{"taxonomy":"category","embeddable":true,"href":"https:\/\/noticiasbahia360.com.br\/index.php?rest_route=%2Fwp%2Fv2%2Fcategories&post=85953"},{"taxonomy":"post_tag","embeddable":true,"href":"https:\/\/noticiasbahia360.com.br\/index.php?rest_route=%2Fwp%2Fv2%2Ftags&post=85953"}],"curies":[{"name":"wp","href":"https:\/\/api.w.org\/{rel}","templated":true}]}}