{"id":85955,"date":"2025-05-13T11:12:57","date_gmt":"2025-05-13T14:12:57","guid":{"rendered":"https:\/\/noticiasbahia360.com.br\/?p=85955"},"modified":"2025-05-13T11:12:57","modified_gmt":"2025-05-13T14:12:57","slug":"feirantes-da-marechal-deodoro-e-da-bernardino-bahia-cobram-dialogo-com-a-prefeitura-para-definicao-de-modelo-de-barracas","status":"publish","type":"post","link":"https:\/\/noticiasbahia360.com.br\/?p=85955","title":{"rendered":"Feirantes da Marechal Deodoro e da Bernardino Bahia cobram di\u00e1logo com a prefeitura para defini\u00e7\u00e3o de modelo de barracas"},"content":{"rendered":"<div>\n<div>\n<figure><img decoding=\"async\" src=\"http:\/\/noticiasbahia360.com.br\/wp-content\/uploads\/2025\/05\/Feirantes-da-Marechal-Deodoro-e-da-Bernardino-Bahia-cobram-dialogo-com-a-prefeitura-para-definicao-de-modelo-de-barracas.jpg\" alt=\"Feirantes da Marechal Deodoro e da Bernardino Bahia cobram di\u00e1logo com a prefeitura para defini\u00e7\u00e3o de modelo de barracas\"><figcaption>Foto: Paulo Jos\u00e9\/Acorda Cidade<\/figcaption><\/figure>\n<\/div>\n<p>Feirantes da Rua Marechal Deodoro e da Pra\u00e7a Bernardino Bahia est\u00e3o insatisfeitos com o an\u00fancio de licita\u00e7\u00e3o para padronizar as barracas nesses locais. <a href=\"https:\/\/www.acordacidade.com.br\/feira-de-santana\/prefeito-anuncia-licitacao-para-aquisicao-de-novas-barracas-para-feiras-da-marechal-e-bernardino-bahia\/\">A prefeitura anunciou que a licita\u00e7\u00e3o ser\u00e1 no pr\u00f3ximo dia 22 e destacou <\/a>que o objetivo \u00e9 melhorar a mobilidade, seguran\u00e7a e a est\u00e9tica dos espa\u00e7os, al\u00e9m de oferecer mais conforto aos feirantes e aos consumidores.<\/p>\n<p>Na manh\u00e3 desta ter\u00e7a-feira (13) alguns feirantes estiveram na C\u00e2mara Municipal de Vereadores para cobrar participa\u00e7\u00e3o da categoria na escolha dos novos modelos de barracas. Edneide Ribeiro, que \u00e9 presidente da Associa\u00e7\u00e3o dos Feirantes da Rua Marechal Deodoro, afirmou que est\u00e1 faltando di\u00e1logo.<\/p>\n<figure class=\"wp-block-image size-large\"><img fetchpriority=\"high\" data-dominant-color=\"999f9e\" data-has-transparency=\"false\" style=\"--dominant-color: #999f9e;\" fetchpriority=\"high\" decoding=\"async\" width=\"1024\" height=\"662\" sizes=\"(max-width: 1024px) 100vw, 1024px\" src=\"http:\/\/noticiasbahia360.com.br\/wp-content\/uploads\/2025\/05\/bzARMvP8-Feirantes-da-Marechal-Deodoro-e-da-Bernardino-Bahia-cobram-dialogo-com-a-prefeitura-para-definicao-de-modelo-de-barracas2-1024x662-1.webp\" alt=\"Feirantes da Marechal Deodoro e da Bernardino Bahia cobram di\u00e1logo com a prefeitura para defini\u00e7\u00e3o de modelo de barracas\" class=\"wp-image-552797 not-transparent\" srcset=\"https:\/\/uploads.acordacidade.com.br\/2025\/05\/bzARMvP8-Feirantes-da-Marechal-Deodoro-e-da-Bernardino-Bahia-cobram-dialogo-com-a-prefeitura-para-definicao-de-modelo-de-barracas2-300x194.webp 300w, http:\/\/noticiasbahia360.com.br\/wp-content\/uploads\/2025\/05\/bzARMvP8-Feirantes-da-Marechal-Deodoro-e-da-Bernardino-Bahia-cobram-dialogo-com-a-prefeitura-para-definicao-de-modelo-de-barracas2-1024x662-1.webp 1024w, https:\/\/uploads.acordacidade.com.br\/2025\/05\/bzARMvP8-Feirantes-da-Marechal-Deodoro-e-da-Bernardino-Bahia-cobram-dialogo-com-a-prefeitura-para-definicao-de-modelo-de-barracas2-768x497.webp 768w, https:\/\/uploads.acordacidade.com.br\/2025\/05\/bzARMvP8-Feirantes-da-Marechal-Deodoro-e-da-Bernardino-Bahia-cobram-dialogo-com-a-prefeitura-para-definicao-de-modelo-de-barracas2-150x97.webp 150w, https:\/\/uploads.acordacidade.com.br\/2025\/05\/bzARMvP8-Feirantes-da-Marechal-Deodoro-e-da-Bernardino-Bahia-cobram-dialogo-com-a-prefeitura-para-definicao-de-modelo-de-barracas2.webp 1200w\"><figcaption class=\"wp-element-caption\">Edneide Ribeiro, presidente da Associa\u00e7\u00e3o dos Feirantes da Marechal | Foto: Paulo Jos\u00e9\/Acorda Cidade<\/figcaption><\/figure>\n<p>\u201cA gente precisa dialogar com o prefeito sobre as barracas. A licita\u00e7\u00e3o j\u00e1 \u00e9 semana que vem e n\u00f3s ainda n\u00e3o vimos o modelo dessas barracas. A gente esteve na secretaria, pediu a c\u00f3pia do projeto, mas n\u00e3o tivemos acesso. Estamos preocupados sobre qual barraca ser\u00e1 disponibilizada\u201d.<\/p>\n<p>Edneide informou ao Acorda Cidade que j\u00e1 foram protocolados dois pedidos de audi\u00eancia com o prefeito, mas at\u00e9 o momento a categoria n\u00e3o teve retorno. Ela defende que essa defini\u00e7\u00e3o dos modelos das barracas precisa acontecer com a participa\u00e7\u00e3o e di\u00e1logo de quem trabalha.<\/p>\n<figure class=\"wp-block-image size-large\"><img data-dominant-color=\"eaeae7\" data-has-transparency=\"false\" style=\"--dominant-color: #eaeae7;\" decoding=\"async\" width=\"1024\" height=\"771\" sizes=\"(max-width: 1024px) 100vw, 1024px\" src=\"http:\/\/noticiasbahia360.com.br\/wp-content\/uploads\/2025\/05\/CEalr9HD-modelo-de-barracas-dos-feirantes-da-marechal-deodoro-1024x771-1.webp\" alt=\"Modelo de barracas dos feirantes da Marechal Deodoro\" class=\"wp-image-552817 not-transparent\" srcset=\"https:\/\/uploads.acordacidade.com.br\/2025\/05\/CEalr9HD-modelo-de-barracas-dos-feirantes-da-marechal-deodoro--300x226.webp 300w, http:\/\/noticiasbahia360.com.br\/wp-content\/uploads\/2025\/05\/CEalr9HD-modelo-de-barracas-dos-feirantes-da-marechal-deodoro-1024x771-1.webp 1024w, https:\/\/uploads.acordacidade.com.br\/2025\/05\/CEalr9HD-modelo-de-barracas-dos-feirantes-da-marechal-deodoro--768x578.webp 768w, https:\/\/uploads.acordacidade.com.br\/2025\/05\/CEalr9HD-modelo-de-barracas-dos-feirantes-da-marechal-deodoro--150x113.webp 150w, https:\/\/uploads.acordacidade.com.br\/2025\/05\/CEalr9HD-modelo-de-barracas-dos-feirantes-da-marechal-deodoro-.webp 1200w\"><figcaption class=\"wp-element-caption\">Modelo de barraca apresentado pelos feirantes da Marechal Deodoro<\/figcaption><\/figure>\n<p>\u201cComo \u00e9 que vai padronizar a feira sem dialogar com quem trabalha, sem discutir o modelo com quem trabalha? Como \u00e9 que vai organizar dessa maneira? N\u00f3s temos um modelo alternativo para mostrar a prefeitura. \u00c9 um modelo de barraca com uma organiza\u00e7\u00e3o da Feira. Fomos at\u00e9 a Secretaria de Agricultura, conversamos com o secret\u00e1rio Silvaney Ara\u00fajo e ele disse que nosso modelo n\u00e3o serve, mas n\u00e3o aprestou o modelo da prefeitura. A gente quer analisar coletivamente\u201d, frisou.<\/p>\n<p>A feirante S\u00f4nia Pereira afirmou ao Acorda Cidade que at\u00e9 chegou a ver, rapidamente, o modelo das novas barracas proposto pela prefeitura. Mas ela afirma que esse modelo n\u00e3o atende as necessidades.<\/p>\n<figure class=\"wp-block-image size-large\"><img data-dominant-color=\"847e7c\" data-has-transparency=\"false\" style=\"--dominant-color: #847e7c;\" decoding=\"async\" width=\"1024\" height=\"772\" sizes=\"(max-width: 1024px) 100vw, 1024px\" src=\"http:\/\/noticiasbahia360.com.br\/wp-content\/uploads\/2025\/05\/kcC4hrCI-Feirantes-da-Marechal-Deodoro-e-da-Bernardino-Bahia-cobram-dialogo-com-a-prefeitura-para-definicao-de-modelo-de-barracas1-1024x772-1.webp\" alt=\"Feirantes da Marechal Deodoro e da Bernardino Bahia cobram di\u00e1logo com a prefeitura para defini\u00e7\u00e3o de modelo de barracas\" class=\"wp-image-552798 not-transparent\" srcset=\"https:\/\/uploads.acordacidade.com.br\/2025\/05\/kcC4hrCI-Feirantes-da-Marechal-Deodoro-e-da-Bernardino-Bahia-cobram-dialogo-com-a-prefeitura-para-definicao-de-modelo-de-barracas1-300x226.webp 300w, http:\/\/noticiasbahia360.com.br\/wp-content\/uploads\/2025\/05\/kcC4hrCI-Feirantes-da-Marechal-Deodoro-e-da-Bernardino-Bahia-cobram-dialogo-com-a-prefeitura-para-definicao-de-modelo-de-barracas1-1024x772-1.webp 1024w, https:\/\/uploads.acordacidade.com.br\/2025\/05\/kcC4hrCI-Feirantes-da-Marechal-Deodoro-e-da-Bernardino-Bahia-cobram-dialogo-com-a-prefeitura-para-definicao-de-modelo-de-barracas1-768x579.webp 768w, https:\/\/uploads.acordacidade.com.br\/2025\/05\/kcC4hrCI-Feirantes-da-Marechal-Deodoro-e-da-Bernardino-Bahia-cobram-dialogo-com-a-prefeitura-para-definicao-de-modelo-de-barracas1-150x113.webp 150w, https:\/\/uploads.acordacidade.com.br\/2025\/05\/kcC4hrCI-Feirantes-da-Marechal-Deodoro-e-da-Bernardino-Bahia-cobram-dialogo-com-a-prefeitura-para-definicao-de-modelo-de-barracas1.webp 1200w\"><figcaption class=\"wp-element-caption\">Feirante S\u00f4nia Pereira | Foto: Paulo Jos\u00e9\/Acorda Cidade<\/figcaption><\/figure>\n<p>\u201cA gente sabe que o prefeito \u00e9 bom de di\u00e1logo, nos escuta, e a gente quer conversar com ele para conhecer melhor e debater o modelo das barracas. A gente viu um modelo rapidamente e se for daquele jeito, n\u00e3o serve. A gente precisa de uma barraca estruturada\u201d, defendeu.<\/p>\n<p><strong>Leia tamb\u00e9m:<\/strong><\/p>\n<p><a href=\"https:\/\/www.acordacidade.com.br\/feira-de-santana\/prefeito-anuncia-licitacao-para-aquisicao-de-novas-barracas-para-feiras-da-marechal-e-bernardino-bahia\/\">Prefeito anuncia licita\u00e7\u00e3o para aquisi\u00e7\u00e3o de novas barracas para feiras da Marechal e Bernardino Bahia<\/a><\/p>\n<p><a href=\"https:\/\/www.acordacidade.com.br\/feira-de-santana\/prefeito-garante-ordenamento-das-feiras-e-padronizacao-das-barracas-na-marechal-deodoro-e-na-bernardino-bahia\/\">Prefeito garante ordenamento das feiras e padroniza\u00e7\u00e3o das barracas na Marechal Deodoro e na Bernardino Bahia<\/a><\/p>\n<p><em>Com informa\u00e7\u00f5es do rep\u00f3rter Paulo Jos\u00e9 do Acorda Cidade<\/em><\/p>\n<p><em>Siga o Acorda Cidade no<\/em><a href=\"https:\/\/news.google.com\/search?q=acorda%20cidade&amp;hl=pt-BR&amp;gl=BR&amp;ceid=BR%3Apt-419\"><strong><em>\u00a0Google Not\u00edcias<\/em><\/strong><\/a><em>\u00a0e receba os principais destaques do dia. Participe tamb\u00e9m dos nossos canais no\u00a0<\/em><a href=\"https:\/\/www.whatsapp.com\/channel\/0029Va6Rb4v3WHTNnsh8WI3N\"><\/a><a href=\"https:\/\/www.acordacidade.com.br\/tag\/whatsapp\/\"><strong><em>WhatsApp<\/em><\/strong><\/a><em>\u00a0e\u00a0<\/em><a href=\"https:\/\/www.youtube.com\/@acordacidadenoticias\/videos\"><\/a><a href=\"https:\/\/www.acordacidade.com.br\/tag\/youtube\/\"><strong>YouTube<\/strong><\/a><em>\u00a0e do grupo no\u00a0<\/em><a href=\"https:\/\/t.me\/+sSz0khrgARA0ZmRh\"><\/a><a href=\"https:\/\/www.acordacidade.com.br\/tag\/telegram\/\"><strong><em>Telegram<\/em><\/strong><\/a><em>.<\/em><\/p>\n<\/div>\n","protected":false},"excerpt":{"rendered":"<div>\n<div>\n<figure><img decoding=\"async\" src=\"https:\/\/uploads.acordacidade.com.br\/2025\/05\/Feirantes-da-Marechal-Deodoro-e-da-Bernardino-Bahia-cobram-dialogo-com-a-prefeitura-para-definicao-de-modelo-de-barracas.jpg\" alt=\"Feirantes da Marechal Deodoro e da Bernardino Bahia cobram di\u00e1logo com a prefeitura para defini\u00e7\u00e3o de modelo de barracas\"><figcaption>Foto: Paulo Jos\u00e9\/Acorda Cidade<\/figcaption><\/figure>\n<\/div>\n<p>Alguns feirantes estiveram na C\u00e2mara Municipal de Vereadores para cobrar participa\u00e7\u00e3o da categoria na escolha dos novos modelos.<\/p><\/div>\n","protected":false},"author":1,"featured_media":85956,"comment_status":"closed","ping_status":"closed","sticky":false,"template":"","format":"gallery","meta":{"footnotes":""},"categories":[8,9,6,57,56,10],"tags":[],"class_list":["post-85955","post","type-post","status-publish","format-gallery","has-post-thumbnail","hentry","category-bahia","category-brasil","category-feira-de-santana","category-mundo","category-policia","category-politica","post_format-post-format-gallery"],"featured_image_urls":{"full":["https:\/\/noticiasbahia360.com.br\/wp-content\/uploads\/2025\/05\/Feirantes-da-Marechal-Deodoro-e-da-Bernardino-Bahia-cobram-dialogo-com-a-prefeitura-para-definicao-de-modelo-de-barracas.jpg",1200,653,false],"thumbnail":["https:\/\/noticiasbahia360.com.br\/wp-content\/uploads\/2025\/05\/Feirantes-da-Marechal-Deodoro-e-da-Bernardino-Bahia-cobram-dialogo-com-a-prefeitura-para-definicao-de-modelo-de-barracas-150x150.jpg",150,150,true],"medium":["https:\/\/noticiasbahia360.com.br\/wp-content\/uploads\/2025\/05\/Feirantes-da-Marechal-Deodoro-e-da-Bernardino-Bahia-cobram-dialogo-com-a-prefeitura-para-definicao-de-modelo-de-barracas-300x163.jpg",300,163,true],"medium_large":["https:\/\/noticiasbahia360.com.br\/wp-content\/uploads\/2025\/05\/Feirantes-da-Marechal-Deodoro-e-da-Bernardino-Bahia-cobram-dialogo-com-a-prefeitura-para-definicao-de-modelo-de-barracas-768x418.jpg",640,348,true],"large":["https:\/\/noticiasbahia360.com.br\/wp-content\/uploads\/2025\/05\/Feirantes-da-Marechal-Deodoro-e-da-Bernardino-Bahia-cobram-dialogo-com-a-prefeitura-para-definicao-de-modelo-de-barracas-1024x557.jpg",640,348,true],"1536x1536":["https:\/\/noticiasbahia360.com.br\/wp-content\/uploads\/2025\/05\/Feirantes-da-Marechal-Deodoro-e-da-Bernardino-Bahia-cobram-dialogo-com-a-prefeitura-para-definicao-de-modelo-de-barracas.jpg",1200,653,false],"2048x2048":["https:\/\/noticiasbahia360.com.br\/wp-content\/uploads\/2025\/05\/Feirantes-da-Marechal-Deodoro-e-da-Bernardino-Bahia-cobram-dialogo-com-a-prefeitura-para-definicao-de-modelo-de-barracas.jpg",1200,653,false],"chromenews-featured":["https:\/\/noticiasbahia360.com.br\/wp-content\/uploads\/2025\/05\/Feirantes-da-Marechal-Deodoro-e-da-Bernardino-Bahia-cobram-dialogo-com-a-prefeitura-para-definicao-de-modelo-de-barracas-1024x557.jpg",1024,557,true],"chromenews-large":["https:\/\/noticiasbahia360.com.br\/wp-content\/uploads\/2025\/05\/Feirantes-da-Marechal-Deodoro-e-da-Bernardino-Bahia-cobram-dialogo-com-a-prefeitura-para-definicao-de-modelo-de-barracas-825x575.jpg",825,575,true],"chromenews-medium":["https:\/\/noticiasbahia360.com.br\/wp-content\/uploads\/2025\/05\/Feirantes-da-Marechal-Deodoro-e-da-Bernardino-Bahia-cobram-dialogo-com-a-prefeitura-para-definicao-de-modelo-de-barracas-590x410.jpg",590,410,true]},"author_info":{"display_name":"noticiasbahia360.com.br","author_link":"https:\/\/noticiasbahia360.com.br\/?author=1"},"category_info":"<a href=\"https:\/\/noticiasbahia360.com.br\/?cat=8\" rel=\"category\">Bahia<\/a> <a href=\"https:\/\/noticiasbahia360.com.br\/?cat=9\" rel=\"category\">Brasil<\/a> <a href=\"https:\/\/noticiasbahia360.com.br\/?cat=6\" rel=\"category\">Feira de Santana<\/a> <a href=\"https:\/\/noticiasbahia360.com.br\/?cat=57\" rel=\"category\">Mundo<\/a> <a href=\"https:\/\/noticiasbahia360.com.br\/?cat=56\" rel=\"category\">Pol\u00edcia<\/a> <a href=\"https:\/\/noticiasbahia360.com.br\/?cat=10\" rel=\"category\">Pol\u00edtica<\/a>","tag_info":"Pol\u00edtica","comment_count":"0","_links":{"self":[{"href":"https:\/\/noticiasbahia360.com.br\/index.php?rest_route=\/wp\/v2\/posts\/85955","targetHints":{"allow":["GET"]}}],"collection":[{"href":"https:\/\/noticiasbahia360.com.br\/index.php?rest_route=\/wp\/v2\/posts"}],"about":[{"href":"https:\/\/noticiasbahia360.com.br\/index.php?rest_route=\/wp\/v2\/types\/post"}],"author":[{"embeddable":true,"href":"https:\/\/noticiasbahia360.com.br\/index.php?rest_route=\/wp\/v2\/users\/1"}],"replies":[{"embeddable":true,"href":"https:\/\/noticiasbahia360.com.br\/index.php?rest_route=%2Fwp%2Fv2%2Fcomments&post=85955"}],"version-history":[{"count":0,"href":"https:\/\/noticiasbahia360.com.br\/index.php?rest_route=\/wp\/v2\/posts\/85955\/revisions"}],"wp:featuredmedia":[{"embeddable":true,"href":"https:\/\/noticiasbahia360.com.br\/index.php?rest_route=\/wp\/v2\/media\/85956"}],"wp:attachment":[{"href":"https:\/\/noticiasbahia360.com.br\/index.php?rest_route=%2Fwp%2Fv2%2Fmedia&parent=85955"}],"wp:term":[{"taxonomy":"category","embeddable":true,"href":"https:\/\/noticiasbahia360.com.br\/index.php?rest_route=%2Fwp%2Fv2%2Fcategories&post=85955"},{"taxonomy":"post_tag","embeddable":true,"href":"https:\/\/noticiasbahia360.com.br\/index.php?rest_route=%2Fwp%2Fv2%2Ftags&post=85955"}],"curies":[{"name":"wp","href":"https:\/\/api.w.org\/{rel}","templated":true}]}}