{"id":85960,"date":"2025-05-13T12:43:50","date_gmt":"2025-05-13T15:43:50","guid":{"rendered":"https:\/\/noticiasbahia360.com.br\/?p=85960"},"modified":"2025-05-13T12:43:50","modified_gmt":"2025-05-13T15:43:50","slug":"suspeitos-de-participacao-na-morte-de-policial-civil-em-salvador-morrem-apos-confronto","status":"publish","type":"post","link":"https:\/\/noticiasbahia360.com.br\/?p=85960","title":{"rendered":"Suspeitos de participa\u00e7\u00e3o na morte de policial civil em Salvador morrem ap\u00f3s confronto"},"content":{"rendered":"<div>\n<div>\n<figure><img decoding=\"async\" src=\"http:\/\/noticiasbahia360.com.br\/wp-content\/uploads\/2025\/05\/Suspeitos-de-participacao-na-morte-de-policial-civil-em-Salvador-morrem-apos-confronto.jpg\" alt=\"Suspeitos de participa\u00e7\u00e3o na morte de policial civil em Salvador morrem ap\u00f3s confronto\"><figcaption>Foto: SSP<\/figcaption><\/figure>\n<\/div>\n<p>Policiais civis cumpriram, na manh\u00e3 desta ter\u00e7a-feira (13), mandados de pris\u00e3o contra tr\u00eas envolvidos na morte do investigador <strong>Marcus Vin\u00edcius Peixoto Carrete<\/strong>, ocorrida em mar\u00e7o deste ano, no bairro de Stella Maris, em <a href=\"https:\/\/www.acordacidade.com.br\/tag\/salvador-3\/\">Salvador<\/a>. Tr\u00eas suspeitos morreram ap\u00f3s troca de tiros com a pol\u00edcia.<\/p>\n<p>Segundo informa\u00e7\u00f5es da <strong>Secretaria de Seguran\u00e7a P\u00fablica<\/strong> (<a href=\"https:\/\/www.acordacidade.com.br\/tag\/ssp\/\">SSP<\/a>), durante o cumprimento dos mandados de pris\u00e3o, Lucas Teixeira Marcos e Jeiziel Henrique Santos de Souza Reis resistiram e entraram em confronto com as equipes, no bairro de <a href=\"https:\/\/www.acordacidade.com.br\/tag\/itapua\/\">Itapu\u00e3<\/a>. O terceiro suspeito, Jeferson Lima de Assis, tamb\u00e9m trocou tiros com os policiais. Eles foram feridos, socorridos para uma unidade de sa\u00fade, mas n\u00e3o resistiram.<\/p>\n<p>Um dos suspeitos teve o <a href=\"https:\/\/www.acordacidade.com.br\/tag\/mandado-de-prisao\/\">mandado de pris\u00e3o<\/a> cumprido no bairro de Sussuarana. Com os acusados, foram apreendidos tr\u00eas rev\u00f3lveres calibre 38, uma motocicleta, cinco aparelhos celulares, uma por\u00e7\u00e3o de coca\u00edna e uma gandola camuflada. As a\u00e7\u00f5es est\u00e3o em curso.<\/p>\n<p>Outras seis medidas judiciais de busca e apreens\u00e3o s\u00e3o cumpridas nos bairros de Itapu\u00e3, Sussuarana, <a href=\"https:\/\/www.acordacidade.com.br\/tag\/simoes-filho\/\">Sim\u00f5es Filho<\/a> e <a href=\"https:\/\/www.acordacidade.com.br\/tag\/lauro-de-freitas\/\">Lauro de Freitas<\/a>.<\/p>\n<p><em>Siga o Acorda Cidade no<\/em><a href=\"https:\/\/news.google.com\/search?q=acorda%20cidade&amp;hl=pt-BR&amp;gl=BR&amp;ceid=BR%3Apt-419\"><strong><em>\u00a0Google Not\u00edcias<\/em><\/strong><\/a><em>\u00a0e receba os principais destaques do dia. Participe tamb\u00e9m dos nossos canais no\u00a0<\/em><a href=\"https:\/\/www.whatsapp.com\/channel\/0029Va6Rb4v3WHTNnsh8WI3N\"><strong><em>WhatsApp<\/em><\/strong><\/a><em>\u00a0e\u00a0<\/em><a href=\"https:\/\/www.youtube.com\/@acordacidadenoticias\/videos\"><strong>Youtube<\/strong><\/a><em>\u00a0e grupo de\u00a0<\/em><a href=\"https:\/\/t.me\/+sSz0khrgARA0ZmRh\"><strong><em>Telegram<\/em><\/strong><\/a><em>.<\/em><\/p>\n<\/div>\n","protected":false},"excerpt":{"rendered":"<div>\n<div>\n<figure><img decoding=\"async\" src=\"https:\/\/uploads.acordacidade.com.br\/2025\/05\/Suspeitos-de-participacao-na-morte-de-policial-civil-em-Salvador-morrem-apos-confronto.jpg\" alt=\"Suspeitos de participa\u00e7\u00e3o na morte de policial civil em Salvador morrem ap\u00f3s confronto\"><figcaption>Foto: SSP<\/figcaption><\/figure>\n<\/div>\n<p>Mandados de busca e apreens\u00e3o tamb\u00e9m s\u00e3o cumpridos pelas equipes do DHPP contra envolvidos no homic\u00eddio do investigador Marcus Vin\u00edcius Peixoto Carrete.<\/p><\/div>\n","protected":false},"author":1,"featured_media":85961,"comment_status":"closed","ping_status":"closed","sticky":false,"template":"","format":"gallery","meta":{"footnotes":""},"categories":[8,9,6,57,56,10],"tags":[],"class_list":["post-85960","post","type-post","status-publish","format-gallery","has-post-thumbnail","hentry","category-bahia","category-brasil","category-feira-de-santana","category-mundo","category-policia","category-politica","post_format-post-format-gallery"],"featured_image_urls":{"full":["https:\/\/noticiasbahia360.com.br\/wp-content\/uploads\/2025\/05\/Suspeitos-de-participacao-na-morte-de-policial-civil-em-Salvador-morrem-apos-confronto.jpg",1200,826,false],"thumbnail":["https:\/\/noticiasbahia360.com.br\/wp-content\/uploads\/2025\/05\/Suspeitos-de-participacao-na-morte-de-policial-civil-em-Salvador-morrem-apos-confronto-150x150.jpg",150,150,true],"medium":["https:\/\/noticiasbahia360.com.br\/wp-content\/uploads\/2025\/05\/Suspeitos-de-participacao-na-morte-de-policial-civil-em-Salvador-morrem-apos-confronto-300x207.jpg",300,207,true],"medium_large":["https:\/\/noticiasbahia360.com.br\/wp-content\/uploads\/2025\/05\/Suspeitos-de-participacao-na-morte-de-policial-civil-em-Salvador-morrem-apos-confronto-768x529.jpg",640,441,true],"large":["https:\/\/noticiasbahia360.com.br\/wp-content\/uploads\/2025\/05\/Suspeitos-de-participacao-na-morte-de-policial-civil-em-Salvador-morrem-apos-confronto-1024x705.jpg",640,441,true],"1536x1536":["https:\/\/noticiasbahia360.com.br\/wp-content\/uploads\/2025\/05\/Suspeitos-de-participacao-na-morte-de-policial-civil-em-Salvador-morrem-apos-confronto.jpg",1200,826,false],"2048x2048":["https:\/\/noticiasbahia360.com.br\/wp-content\/uploads\/2025\/05\/Suspeitos-de-participacao-na-morte-de-policial-civil-em-Salvador-morrem-apos-confronto.jpg",1200,826,false],"chromenews-featured":["https:\/\/noticiasbahia360.com.br\/wp-content\/uploads\/2025\/05\/Suspeitos-de-participacao-na-morte-de-policial-civil-em-Salvador-morrem-apos-confronto-1024x705.jpg",1024,705,true],"chromenews-large":["https:\/\/noticiasbahia360.com.br\/wp-content\/uploads\/2025\/05\/Suspeitos-de-participacao-na-morte-de-policial-civil-em-Salvador-morrem-apos-confronto-825x575.jpg",825,575,true],"chromenews-medium":["https:\/\/noticiasbahia360.com.br\/wp-content\/uploads\/2025\/05\/Suspeitos-de-participacao-na-morte-de-policial-civil-em-Salvador-morrem-apos-confronto-590x410.jpg",590,410,true]},"author_info":{"display_name":"noticiasbahia360.com.br","author_link":"https:\/\/noticiasbahia360.com.br\/?author=1"},"category_info":"<a href=\"https:\/\/noticiasbahia360.com.br\/?cat=8\" rel=\"category\">Bahia<\/a> <a href=\"https:\/\/noticiasbahia360.com.br\/?cat=9\" rel=\"category\">Brasil<\/a> <a href=\"https:\/\/noticiasbahia360.com.br\/?cat=6\" rel=\"category\">Feira de Santana<\/a> <a href=\"https:\/\/noticiasbahia360.com.br\/?cat=57\" rel=\"category\">Mundo<\/a> <a href=\"https:\/\/noticiasbahia360.com.br\/?cat=56\" rel=\"category\">Pol\u00edcia<\/a> <a href=\"https:\/\/noticiasbahia360.com.br\/?cat=10\" rel=\"category\">Pol\u00edtica<\/a>","tag_info":"Pol\u00edtica","comment_count":"0","_links":{"self":[{"href":"https:\/\/noticiasbahia360.com.br\/index.php?rest_route=\/wp\/v2\/posts\/85960","targetHints":{"allow":["GET"]}}],"collection":[{"href":"https:\/\/noticiasbahia360.com.br\/index.php?rest_route=\/wp\/v2\/posts"}],"about":[{"href":"https:\/\/noticiasbahia360.com.br\/index.php?rest_route=\/wp\/v2\/types\/post"}],"author":[{"embeddable":true,"href":"https:\/\/noticiasbahia360.com.br\/index.php?rest_route=\/wp\/v2\/users\/1"}],"replies":[{"embeddable":true,"href":"https:\/\/noticiasbahia360.com.br\/index.php?rest_route=%2Fwp%2Fv2%2Fcomments&post=85960"}],"version-history":[{"count":0,"href":"https:\/\/noticiasbahia360.com.br\/index.php?rest_route=\/wp\/v2\/posts\/85960\/revisions"}],"wp:featuredmedia":[{"embeddable":true,"href":"https:\/\/noticiasbahia360.com.br\/index.php?rest_route=\/wp\/v2\/media\/85961"}],"wp:attachment":[{"href":"https:\/\/noticiasbahia360.com.br\/index.php?rest_route=%2Fwp%2Fv2%2Fmedia&parent=85960"}],"wp:term":[{"taxonomy":"category","embeddable":true,"href":"https:\/\/noticiasbahia360.com.br\/index.php?rest_route=%2Fwp%2Fv2%2Fcategories&post=85960"},{"taxonomy":"post_tag","embeddable":true,"href":"https:\/\/noticiasbahia360.com.br\/index.php?rest_route=%2Fwp%2Fv2%2Ftags&post=85960"}],"curies":[{"name":"wp","href":"https:\/\/api.w.org\/{rel}","templated":true}]}}