{"id":85962,"date":"2025-05-13T12:54:17","date_gmt":"2025-05-13T15:54:17","guid":{"rendered":"https:\/\/noticiasbahia360.com.br\/?p=85962"},"modified":"2025-05-13T12:54:17","modified_gmt":"2025-05-13T15:54:17","slug":"vereador-sugere-que-prefeito-solicite-emprestimo-para-construcao-de-centro-administrativo","status":"publish","type":"post","link":"https:\/\/noticiasbahia360.com.br\/?p=85962","title":{"rendered":"Vereador sugere que prefeito solicite empr\u00e9stimo para constru\u00e7\u00e3o de Centro Administrativo"},"content":{"rendered":"<div>\n<div>\n<figure><img decoding=\"async\" src=\"http:\/\/noticiasbahia360.com.br\/wp-content\/uploads\/2025\/05\/vereador-ismael-bastos-emprestimo-.jpg\" alt=\"vereador ismael bastos empr\u00e9stimo\"><figcaption>Vereador Ismael Bastos | Foto: Paulo Jos\u00e9\/Acorda Cidade<\/figcaption><\/figure>\n<\/div>\n<p>O vereador Ismael Bastos, utilizou a tribuna da <a href=\"https:\/\/www.acordacidade.com.br\/tag\/camara-municipal\/\">C\u00e2mara Municipal<\/a>, na manh\u00e3 desta ter\u00e7a-feira (13), para sugerir que o prefeito Jos\u00e9 Ronaldo de Carvalho envie para a Casa Legislativa um pedido de empr\u00e9stimo para ser destinado a constru\u00e7\u00e3o de um Centro Administrativo. A ideia \u00e9 reunir todas as secretarias municipais no local.<\/p>\n<p>\u201cCom exce\u00e7\u00e3o da Secretaria de Educa\u00e7\u00e3o, todas as outras est\u00e3o em im\u00f3veis resid\u00eancias ou comerciais alugados. A Secretaria de Sa\u00fade, por exemplo, est\u00e1 na Get\u00falio Vargas e n\u00e3o tem nem estacionamento. \u00c9 ruim poque os espa\u00e7os s\u00e3o limitados\u201d, observou.<\/p>\n<p>O vereador defende que seria mais inteligente pegar esses recursos que s\u00e3o gastos com aluguel, para fazer um centro administrativo, com uma \u00e1rea grande, amplo estacionamento, com acessibilidade e que abrigue todas as secretarias em um s\u00f3 lugar.<\/p>\n<p>\u201cDeixei como sugest\u00e3o que o prefeito mande um pedido de empr\u00e9stimo para se criar um centro administrativo, porque a parcela do empr\u00e9stimo vai ser menor do que o valor que se paga com aluguel. Os im\u00f3veis n\u00e3o t\u00eam condi\u00e7\u00f5es adequadas para atender bem a popula\u00e7\u00e3o e acaba o contrato, o dono do im\u00f3vel continua com seu im\u00f3vel e a prefeitura perdeu o dinheiro\u201d, afirmou.<\/p>\n<p>Sobre o local para uma poss\u00edvel sede do Centro Administrativo, o vereador Ismael Bastos sugeriu a Avenida N\u00f3ide Cerqueira por considerar que tem bastante espa\u00e7o.<\/p>\n<p>\u201cNa N\u00f3ide tem bastante \u00e1rea e tem \u00e1reas que a gente nem sabe que \u00e9 da prefeitura. Isso n\u00e3o seria um problema. Prefeito, mande um projeto, a gente aprova e o dinheiro que est\u00e1 pagando o aluguel, paga esse empr\u00e9stimo\u201d, afirmou.<\/p>\n<p><em>Com informa\u00e7\u00f5es do rep\u00f3rter Paulo Jos\u00e9 do Acorda Cidade<\/em><\/p>\n<p><em>Siga o Acorda Cidade no<\/em><a href=\"https:\/\/news.google.com\/search?q=acorda%20cidade&amp;hl=pt-BR&amp;gl=BR&amp;ceid=BR%3Apt-419\"><strong><em>\u00a0Google Not\u00edcias<\/em><\/strong><\/a><em>\u00a0e receba os principais destaques do dia. Participe tamb\u00e9m dos nossos canais no\u00a0<\/em><a href=\"https:\/\/www.whatsapp.com\/channel\/0029Va6Rb4v3WHTNnsh8WI3N\"><strong><em>WhatsApp<\/em><\/strong><\/a><em>\u00a0e\u00a0<\/em><a href=\"https:\/\/www.youtube.com\/@acordacidadenoticias\/videos\"><strong>Youtube<\/strong><\/a><em>\u00a0e grupo de\u00a0<\/em><a href=\"https:\/\/t.me\/+sSz0khrgARA0ZmRh\"><strong><em>Telegram<\/em><\/strong><\/a><em>.<\/em><\/p>\n<\/div>\n","protected":false},"excerpt":{"rendered":"<div>\n<div>\n<figure><img decoding=\"async\" src=\"https:\/\/uploads.acordacidade.com.br\/2025\/05\/vereador-ismael-bastos-emprestimo-.jpg\" alt=\"vereador ismael bastos empr\u00e9stimo\"><figcaption>Vereador Ismael Bastos | Foto: Paulo Jos\u00e9\/Acorda Cidade<\/figcaption><\/figure>\n<\/div>\n<p>O vereador Ismael Bastos, utilizou a tribuna da C\u00e2mara Municipal, na manh\u00e3 desta ter\u00e7a-feira (13), para sugerir que o prefeito Jos\u00e9 Ronaldo de Carvalho envie para a Casa Legislativa um pedido de empr\u00e9stimo para ser destinado a constru\u00e7\u00e3o de um Centro Administrativo. A ideia \u00e9 reunir todas as secretarias municipais no local. \u201cCom exce\u00e7\u00e3o da [\u2026]<\/p><\/div>\n","protected":false},"author":1,"featured_media":85963,"comment_status":"closed","ping_status":"closed","sticky":false,"template":"","format":"gallery","meta":{"footnotes":""},"categories":[8,9,6,57,56,10],"tags":[],"class_list":["post-85962","post","type-post","status-publish","format-gallery","has-post-thumbnail","hentry","category-bahia","category-brasil","category-feira-de-santana","category-mundo","category-policia","category-politica","post_format-post-format-gallery"],"featured_image_urls":{"full":["https:\/\/noticiasbahia360.com.br\/wp-content\/uploads\/2025\/05\/vereador-ismael-bastos-emprestimo-.jpg",1200,849,false],"thumbnail":["https:\/\/noticiasbahia360.com.br\/wp-content\/uploads\/2025\/05\/vereador-ismael-bastos-emprestimo--150x150.jpg",150,150,true],"medium":["https:\/\/noticiasbahia360.com.br\/wp-content\/uploads\/2025\/05\/vereador-ismael-bastos-emprestimo--300x212.jpg",300,212,true],"medium_large":["https:\/\/noticiasbahia360.com.br\/wp-content\/uploads\/2025\/05\/vereador-ismael-bastos-emprestimo--768x543.jpg",640,453,true],"large":["https:\/\/noticiasbahia360.com.br\/wp-content\/uploads\/2025\/05\/vereador-ismael-bastos-emprestimo--1024x724.jpg",640,453,true],"1536x1536":["https:\/\/noticiasbahia360.com.br\/wp-content\/uploads\/2025\/05\/vereador-ismael-bastos-emprestimo-.jpg",1200,849,false],"2048x2048":["https:\/\/noticiasbahia360.com.br\/wp-content\/uploads\/2025\/05\/vereador-ismael-bastos-emprestimo-.jpg",1200,849,false],"chromenews-featured":["https:\/\/noticiasbahia360.com.br\/wp-content\/uploads\/2025\/05\/vereador-ismael-bastos-emprestimo--1024x724.jpg",1024,724,true],"chromenews-large":["https:\/\/noticiasbahia360.com.br\/wp-content\/uploads\/2025\/05\/vereador-ismael-bastos-emprestimo--825x575.jpg",825,575,true],"chromenews-medium":["https:\/\/noticiasbahia360.com.br\/wp-content\/uploads\/2025\/05\/vereador-ismael-bastos-emprestimo--590x410.jpg",590,410,true]},"author_info":{"display_name":"noticiasbahia360.com.br","author_link":"https:\/\/noticiasbahia360.com.br\/?author=1"},"category_info":"<a href=\"https:\/\/noticiasbahia360.com.br\/?cat=8\" rel=\"category\">Bahia<\/a> <a href=\"https:\/\/noticiasbahia360.com.br\/?cat=9\" rel=\"category\">Brasil<\/a> <a href=\"https:\/\/noticiasbahia360.com.br\/?cat=6\" rel=\"category\">Feira de Santana<\/a> <a href=\"https:\/\/noticiasbahia360.com.br\/?cat=57\" rel=\"category\">Mundo<\/a> <a href=\"https:\/\/noticiasbahia360.com.br\/?cat=56\" rel=\"category\">Pol\u00edcia<\/a> <a href=\"https:\/\/noticiasbahia360.com.br\/?cat=10\" rel=\"category\">Pol\u00edtica<\/a>","tag_info":"Pol\u00edtica","comment_count":"0","_links":{"self":[{"href":"https:\/\/noticiasbahia360.com.br\/index.php?rest_route=\/wp\/v2\/posts\/85962","targetHints":{"allow":["GET"]}}],"collection":[{"href":"https:\/\/noticiasbahia360.com.br\/index.php?rest_route=\/wp\/v2\/posts"}],"about":[{"href":"https:\/\/noticiasbahia360.com.br\/index.php?rest_route=\/wp\/v2\/types\/post"}],"author":[{"embeddable":true,"href":"https:\/\/noticiasbahia360.com.br\/index.php?rest_route=\/wp\/v2\/users\/1"}],"replies":[{"embeddable":true,"href":"https:\/\/noticiasbahia360.com.br\/index.php?rest_route=%2Fwp%2Fv2%2Fcomments&post=85962"}],"version-history":[{"count":0,"href":"https:\/\/noticiasbahia360.com.br\/index.php?rest_route=\/wp\/v2\/posts\/85962\/revisions"}],"wp:featuredmedia":[{"embeddable":true,"href":"https:\/\/noticiasbahia360.com.br\/index.php?rest_route=\/wp\/v2\/media\/85963"}],"wp:attachment":[{"href":"https:\/\/noticiasbahia360.com.br\/index.php?rest_route=%2Fwp%2Fv2%2Fmedia&parent=85962"}],"wp:term":[{"taxonomy":"category","embeddable":true,"href":"https:\/\/noticiasbahia360.com.br\/index.php?rest_route=%2Fwp%2Fv2%2Fcategories&post=85962"},{"taxonomy":"post_tag","embeddable":true,"href":"https:\/\/noticiasbahia360.com.br\/index.php?rest_route=%2Fwp%2Fv2%2Ftags&post=85962"}],"curies":[{"name":"wp","href":"https:\/\/api.w.org\/{rel}","templated":true}]}}