{"id":85964,"date":"2025-05-13T12:55:59","date_gmt":"2025-05-13T15:55:59","guid":{"rendered":"https:\/\/noticiasbahia360.com.br\/?p=85964"},"modified":"2025-05-13T12:55:59","modified_gmt":"2025-05-13T15:55:59","slug":"pontos-sao-questionados-em-emprestimo-da-prefeitura-camara-ja-reaprovou-projeto","status":"publish","type":"post","link":"https:\/\/noticiasbahia360.com.br\/?p=85964","title":{"rendered":"Pontos s\u00e3o questionados em empr\u00e9stimo da prefeitura; C\u00e2mara j\u00e1 reaprovou projeto"},"content":{"rendered":"<div>\n<div>\n<figure><img decoding=\"async\" src=\"http:\/\/noticiasbahia360.com.br\/wp-content\/uploads\/2025\/05\/Camara-Municipal-1.jpg\" alt=\"C\u00e2mara Municipal - Detector de metais\"><figcaption>Foto: Divulga\u00e7\u00e3o\/CMFS<\/figcaption><\/figure>\n<\/div>\n<p>Ap\u00f3s o Minist\u00e9rio do Planejamento e Or\u00e7amento (<a href=\"https:\/\/www.acordacidade.com.br\/feira-de-santana\/banco-aprova-financiamento-de-us-64-milhoes-para-projeto-de-drenagem-e-mobilidade-em-feira-de-santana\/\" target=\"_blank\" rel=\"noreferrer noopener\">MPO<\/a>) aprovar o financiamento de U$$ 64 milh\u00f5es de d\u00f3lares, o vereador <strong>Jos\u00e9 Carneiro Rocha<\/strong>, disse durante a sess\u00e3o da C\u00e2mara Municipal desta ter\u00e7a-feira (13), que alguns pontos do projeto n\u00e3o foram aceitos e necessitaram de corre\u00e7\u00e3o para atender o pedido do <a href=\"https:\/\/www.acordacidade.com.br\/tag\/tesouro-nacional\/\">Tesouro Nacional<\/a>. Apesar disso, as corre\u00e7\u00f5es j\u00e1 foram aprovadas pela Casa da Cidadania.<\/p>\n<p>\u201cEles s\u00e3o encaminhados ao Senado, ao Tesouro Nacional, e um desses \u00f3rg\u00e3os detectou que precisava fazer uma corre\u00e7\u00e3o, apenas na letra F, exatamente para dar uma garantia de contrapartida ao Tesouro Nacional de que o governo poderia, em caso de inadimpl\u00eancia, descontar de impostos, por exemplo\u201d.<\/p>\n<p>Aprovado no ano passado, o projeto de empr\u00e9stimo foi criado para contemplar a drenagem urbana e a mobilidade de <a href=\"https:\/\/www.acordacidade.com.br\/tag\/feira-de-santana\/\">Feira de Santana<\/a>, apresentado pela prefeitura do munic\u00edpio e faz parte do Programa Feira 200 anos.<\/p>\n<figure class=\"wp-block-image size-large\"><img fetchpriority=\"high\" data-dominant-color=\"9d999d\" data-has-transparency=\"false\" style=\"--dominant-color: #9d999d;\" fetchpriority=\"high\" decoding=\"async\" width=\"1024\" height=\"635\" sizes=\"(max-width: 1024px) 100vw, 1024px\" src=\"http:\/\/noticiasbahia360.com.br\/wp-content\/uploads\/2025\/05\/IVbbeRCs-Jose-carneiro-ft-paulo-jose-acorda-cidade-1024x635-1.webp\" alt=\"projeto de empr\u00e9stimo - Jos\u00e9 Carneiro \" class=\"wp-image-552862 not-transparent\" srcset=\"https:\/\/uploads.acordacidade.com.br\/2025\/05\/IVbbeRCs-Jose-carneiro-ft-paulo-jose-acorda-cidade-300x186.webp 300w, http:\/\/noticiasbahia360.com.br\/wp-content\/uploads\/2025\/05\/IVbbeRCs-Jose-carneiro-ft-paulo-jose-acorda-cidade-1024x635-1.webp 1024w, https:\/\/uploads.acordacidade.com.br\/2025\/05\/IVbbeRCs-Jose-carneiro-ft-paulo-jose-acorda-cidade-768x476.webp 768w, https:\/\/uploads.acordacidade.com.br\/2025\/05\/IVbbeRCs-Jose-carneiro-ft-paulo-jose-acorda-cidade-150x93.webp 150w, https:\/\/uploads.acordacidade.com.br\/2025\/05\/IVbbeRCs-Jose-carneiro-ft-paulo-jose-acorda-cidade.webp 1200w\"><figcaption class=\"wp-element-caption\">Jos\u00e9 Carneiro | Foto: Paulo Jos\u00e9\/Acorda Cidade<\/figcaption><\/figure>\n<p>\u201cO projeto foi aprovado nesta manh\u00e3, em primeira e segunda vota\u00e7\u00e3o. O presidente realizou duas sess\u00f5es, j\u00e1 que \u00e9 um projeto de relev\u00e2ncia, de muita import\u00e2ncia para a cidade, e a\u00ed j\u00e1 est\u00e1 aprovado e j\u00e1 deve estar sendo encaminhado ao prefeito para a san\u00e7\u00e3o. N\u00e3o tenho d\u00favida que algumas drenagens que est\u00e3o previstas para acontecerem na cidade, dentre diversos bairros em Feira de Santana, que todos sabem que quando chove h\u00e1 uma inunda\u00e7\u00e3o, ser\u00e3o beneficiados.\u201d<\/p>\n<p><em>Com informa\u00e7\u00f5es do rep\u00f3rter Paulo Jos\u00e9 do Acorda Cidade<\/em><\/p>\n<p><strong>Leia tamb\u00e9m: <a href=\"https:\/\/www.acordacidade.com.br\/feira-de-santana\/banco-aprova-financiamento-de-us-64-milhoes-para-projeto-de-drenagem-e-mobilidade-em-feira-de-santana\/\" target=\"_blank\" rel=\"noreferrer noopener\">Banco aprova financiamento de 64 milh\u00f5es de d\u00f3lares para projeto de drenagem e mobilidade em Feira de Santana<\/a><\/strong><\/p>\n<p><em>Siga o Acorda Cidade no<\/em><a href=\"https:\/\/news.google.com\/search?q=acorda%20cidade&amp;hl=pt-BR&amp;gl=BR&amp;ceid=BR%3Apt-419\"><strong><em>\u00a0Google Not\u00edcias<\/em><\/strong><\/a><em>\u00a0e receba os principais destaques do dia. Participe tamb\u00e9m dos nossos canais no\u00a0<\/em><a href=\"https:\/\/www.whatsapp.com\/channel\/0029Va6Rb4v3WHTNnsh8WI3N\"><\/a><a href=\"https:\/\/www.acordacidade.com.br\/tag\/whatsapp\/\"><strong><em>WhatsApp<\/em><\/strong><\/a><em>\u00a0e\u00a0<\/em><a href=\"https:\/\/www.youtube.com\/@acordacidadenoticias\/videos\"><\/a><a href=\"https:\/\/www.acordacidade.com.br\/tag\/youtube\/\"><strong>YouTube<\/strong><\/a><em>\u00a0e do grupo no\u00a0<\/em><a href=\"https:\/\/t.me\/+sSz0khrgARA0ZmRh\"><\/a><a href=\"https:\/\/www.acordacidade.com.br\/tag\/telegram\/\"><strong><em>Telegram<\/em><\/strong><\/a><em>.<\/em><\/p>\n<\/div>\n","protected":false},"excerpt":{"rendered":"<div>\n<div>\n<figure><img decoding=\"async\" src=\"https:\/\/uploads.acordacidade.com.br\/2025\/03\/Camara-Municipal.jpg\" alt=\"C\u00e2mara Municipal - Detector de metais\"><figcaption>Foto: Divulga\u00e7\u00e3o\/CMFS<\/figcaption><\/figure>\n<\/div>\n<p>Aprovado no ano passado, o projeto de empr\u00e9stimo foi criado para contemplar a drenagem urbana e a mobilidade de Feira de Santana.<\/p><\/div>\n","protected":false},"author":1,"featured_media":85965,"comment_status":"closed","ping_status":"closed","sticky":false,"template":"","format":"gallery","meta":{"footnotes":""},"categories":[8,9,6,57,56,10],"tags":[],"class_list":["post-85964","post","type-post","status-publish","format-gallery","has-post-thumbnail","hentry","category-bahia","category-brasil","category-feira-de-santana","category-mundo","category-policia","category-politica","post_format-post-format-gallery"],"featured_image_urls":{"full":["https:\/\/noticiasbahia360.com.br\/wp-content\/uploads\/2025\/05\/Camara-Municipal-1.jpg",1920,1202,false],"thumbnail":["https:\/\/noticiasbahia360.com.br\/wp-content\/uploads\/2025\/05\/Camara-Municipal-1-150x150.jpg",150,150,true],"medium":["https:\/\/noticiasbahia360.com.br\/wp-content\/uploads\/2025\/05\/Camara-Municipal-1-300x188.jpg",300,188,true],"medium_large":["https:\/\/noticiasbahia360.com.br\/wp-content\/uploads\/2025\/05\/Camara-Municipal-1-768x481.jpg",640,401,true],"large":["https:\/\/noticiasbahia360.com.br\/wp-content\/uploads\/2025\/05\/Camara-Municipal-1-1024x641.jpg",640,401,true],"1536x1536":["https:\/\/noticiasbahia360.com.br\/wp-content\/uploads\/2025\/05\/Camara-Municipal-1-1536x962.jpg",1536,962,true],"2048x2048":["https:\/\/noticiasbahia360.com.br\/wp-content\/uploads\/2025\/05\/Camara-Municipal-1.jpg",1920,1202,false],"chromenews-featured":["https:\/\/noticiasbahia360.com.br\/wp-content\/uploads\/2025\/05\/Camara-Municipal-1-1024x641.jpg",1024,641,true],"chromenews-large":["https:\/\/noticiasbahia360.com.br\/wp-content\/uploads\/2025\/05\/Camara-Municipal-1-825x575.jpg",825,575,true],"chromenews-medium":["https:\/\/noticiasbahia360.com.br\/wp-content\/uploads\/2025\/05\/Camara-Municipal-1-590x410.jpg",590,410,true]},"author_info":{"display_name":"noticiasbahia360.com.br","author_link":"https:\/\/noticiasbahia360.com.br\/?author=1"},"category_info":"<a href=\"https:\/\/noticiasbahia360.com.br\/?cat=8\" rel=\"category\">Bahia<\/a> <a href=\"https:\/\/noticiasbahia360.com.br\/?cat=9\" rel=\"category\">Brasil<\/a> <a href=\"https:\/\/noticiasbahia360.com.br\/?cat=6\" rel=\"category\">Feira de Santana<\/a> <a href=\"https:\/\/noticiasbahia360.com.br\/?cat=57\" rel=\"category\">Mundo<\/a> <a href=\"https:\/\/noticiasbahia360.com.br\/?cat=56\" rel=\"category\">Pol\u00edcia<\/a> <a href=\"https:\/\/noticiasbahia360.com.br\/?cat=10\" rel=\"category\">Pol\u00edtica<\/a>","tag_info":"Pol\u00edtica","comment_count":"0","_links":{"self":[{"href":"https:\/\/noticiasbahia360.com.br\/index.php?rest_route=\/wp\/v2\/posts\/85964","targetHints":{"allow":["GET"]}}],"collection":[{"href":"https:\/\/noticiasbahia360.com.br\/index.php?rest_route=\/wp\/v2\/posts"}],"about":[{"href":"https:\/\/noticiasbahia360.com.br\/index.php?rest_route=\/wp\/v2\/types\/post"}],"author":[{"embeddable":true,"href":"https:\/\/noticiasbahia360.com.br\/index.php?rest_route=\/wp\/v2\/users\/1"}],"replies":[{"embeddable":true,"href":"https:\/\/noticiasbahia360.com.br\/index.php?rest_route=%2Fwp%2Fv2%2Fcomments&post=85964"}],"version-history":[{"count":0,"href":"https:\/\/noticiasbahia360.com.br\/index.php?rest_route=\/wp\/v2\/posts\/85964\/revisions"}],"wp:featuredmedia":[{"embeddable":true,"href":"https:\/\/noticiasbahia360.com.br\/index.php?rest_route=\/wp\/v2\/media\/85965"}],"wp:attachment":[{"href":"https:\/\/noticiasbahia360.com.br\/index.php?rest_route=%2Fwp%2Fv2%2Fmedia&parent=85964"}],"wp:term":[{"taxonomy":"category","embeddable":true,"href":"https:\/\/noticiasbahia360.com.br\/index.php?rest_route=%2Fwp%2Fv2%2Fcategories&post=85964"},{"taxonomy":"post_tag","embeddable":true,"href":"https:\/\/noticiasbahia360.com.br\/index.php?rest_route=%2Fwp%2Fv2%2Ftags&post=85964"}],"curies":[{"name":"wp","href":"https:\/\/api.w.org\/{rel}","templated":true}]}}