{"id":85967,"date":"2025-05-13T13:20:31","date_gmt":"2025-05-13T16:20:31","guid":{"rendered":"https:\/\/noticiasbahia360.com.br\/?p=85967"},"modified":"2025-05-13T13:20:31","modified_gmt":"2025-05-13T16:20:31","slug":"jovem-de-19-anos-morre-apos-ser-baleada-dentro-de-casa-em-feira-de-santana","status":"publish","type":"post","link":"https:\/\/noticiasbahia360.com.br\/?p=85967","title":{"rendered":"Jovem de 19 anos morre ap\u00f3s ser baleada dentro de casa em Feira de Santana"},"content":{"rendered":"<div>\n<div>\n<figure><img decoding=\"async\" src=\"http:\/\/noticiasbahia360.com.br\/wp-content\/uploads\/2025\/05\/Departamento-de-Policia-Tecnica-DPT-Acorda-Cidade-Ed-Santosjpg2_-1.jpg\" alt=\"DPT atropelado\"><figcaption>DPT | Foto: Ed Santos\/Acorda Cidade<\/figcaption><\/figure>\n<\/div>\n<p>Uma jovem de 19 anos foi assassinada a tiros, por volta faz 9h30 desta ter\u00e7a-feira (13), na Rua Rei do Gabo, bairro Gabriela, em <a href=\"https:\/\/www.acordacidade.com.br\/local\/feira-de-santana\/\">Feira de Santana<\/a>. A v\u00edtima foi identificada como Francy Evelin Carmen Vit\u00f3ria de Jesus Santos, conhecida como \u201cGalega\u201d. Ela foi baleada na regi\u00e3o da face.<\/p>\n<p>Segundo informa\u00e7\u00f5es da pol\u00edcia, Francy foi baleada dentro de casa e chegou a ser socorrida para o <a href=\"https:\/\/www.acordacidade.com.br\/tag\/cleriston-andrade\/\">Hospital Geral Cl\u00e9riston Andrade<\/a> (HGCA), por uma ambul\u00e2ncia do Servi\u00e7o de Atendimento M\u00f3vel de Urg\u00eancia (Samu), mas n\u00e3o resistiu.<\/p>\n<p>O corpo foi encaminhado para o Departamento de Pol\u00edcia T\u00e9cnica (DPT). A Pol\u00edcia Civil investiga a autoria e motiva\u00e7\u00e3o do crime. <\/p>\n<p><em>Com informa\u00e7\u00f5es do rep\u00f3rter Ed Santos do Acorda Cidade<\/em><\/p>\n<p><em>Siga o Acorda Cidade no<\/em><a href=\"https:\/\/news.google.com\/search?q=acorda%20cidade&amp;hl=pt-BR&amp;gl=BR&amp;ceid=BR%3Apt-419\"><strong><em>\u00a0Google Not\u00edcias<\/em><\/strong><\/a><em>\u00a0e receba os principais destaques do dia. Participe tamb\u00e9m dos nossos canais no\u00a0<\/em><a href=\"https:\/\/www.whatsapp.com\/channel\/0029Va6Rb4v3WHTNnsh8WI3N\"><\/a><a href=\"https:\/\/www.acordacidade.com.br\/tag\/whatsapp\/\"><strong><em>WhatsApp<\/em><\/strong><\/a><em>\u00a0e\u00a0<\/em><a href=\"https:\/\/www.youtube.com\/@acordacidadenoticias\/videos\"><\/a><a href=\"https:\/\/www.acordacidade.com.br\/tag\/youtube\/\"><strong>YouTube<\/strong><\/a><em>\u00a0e do grupo no\u00a0<\/em><a href=\"https:\/\/t.me\/+sSz0khrgARA0ZmRh\"><\/a><a href=\"https:\/\/www.acordacidade.com.br\/tag\/telegram\/\"><strong><em>Telegram<\/em><\/strong><\/a><em>.<\/em><\/p>\n<\/div>\n","protected":false},"excerpt":{"rendered":"<div>\n<div>\n<figure><img decoding=\"async\" src=\"https:\/\/uploads.acordacidade.com.br\/wp-content\/uploads\/2023\/04\/10080658\/Departamento-de-Policia-Tecnica-DPT-Acorda-Cidade-Ed-Santos.jpg2_.jpg\" alt=\"DPT atropelado\"><figcaption>DPT | Foto: Ed Santos\/Acorda Cidade<\/figcaption><\/figure>\n<\/div>\n<p>O corpo foi encaminhado para o Departamento de Pol\u00edcia T\u00e9cnica (DPT).<\/p><\/div>\n","protected":false},"author":1,"featured_media":85968,"comment_status":"closed","ping_status":"closed","sticky":false,"template":"","format":"gallery","meta":{"footnotes":""},"categories":[8,9,6,57,56,10],"tags":[],"class_list":["post-85967","post","type-post","status-publish","format-gallery","has-post-thumbnail","hentry","category-bahia","category-brasil","category-feira-de-santana","category-mundo","category-policia","category-politica","post_format-post-format-gallery"],"featured_image_urls":{"full":["https:\/\/noticiasbahia360.com.br\/wp-content\/uploads\/2025\/05\/Departamento-de-Policia-Tecnica-DPT-Acorda-Cidade-Ed-Santosjpg2_-1.jpg",640,360,false],"thumbnail":["https:\/\/noticiasbahia360.com.br\/wp-content\/uploads\/2025\/05\/Departamento-de-Policia-Tecnica-DPT-Acorda-Cidade-Ed-Santosjpg2_-1-150x150.jpg",150,150,true],"medium":["https:\/\/noticiasbahia360.com.br\/wp-content\/uploads\/2025\/05\/Departamento-de-Policia-Tecnica-DPT-Acorda-Cidade-Ed-Santosjpg2_-1-300x169.jpg",300,169,true],"medium_large":["https:\/\/noticiasbahia360.com.br\/wp-content\/uploads\/2025\/05\/Departamento-de-Policia-Tecnica-DPT-Acorda-Cidade-Ed-Santosjpg2_-1.jpg",640,360,false],"large":["https:\/\/noticiasbahia360.com.br\/wp-content\/uploads\/2025\/05\/Departamento-de-Policia-Tecnica-DPT-Acorda-Cidade-Ed-Santosjpg2_-1.jpg",640,360,false],"1536x1536":["https:\/\/noticiasbahia360.com.br\/wp-content\/uploads\/2025\/05\/Departamento-de-Policia-Tecnica-DPT-Acorda-Cidade-Ed-Santosjpg2_-1.jpg",640,360,false],"2048x2048":["https:\/\/noticiasbahia360.com.br\/wp-content\/uploads\/2025\/05\/Departamento-de-Policia-Tecnica-DPT-Acorda-Cidade-Ed-Santosjpg2_-1.jpg",640,360,false],"chromenews-featured":["https:\/\/noticiasbahia360.com.br\/wp-content\/uploads\/2025\/05\/Departamento-de-Policia-Tecnica-DPT-Acorda-Cidade-Ed-Santosjpg2_-1.jpg",640,360,false],"chromenews-large":["https:\/\/noticiasbahia360.com.br\/wp-content\/uploads\/2025\/05\/Departamento-de-Policia-Tecnica-DPT-Acorda-Cidade-Ed-Santosjpg2_-1.jpg",640,360,false],"chromenews-medium":["https:\/\/noticiasbahia360.com.br\/wp-content\/uploads\/2025\/05\/Departamento-de-Policia-Tecnica-DPT-Acorda-Cidade-Ed-Santosjpg2_-1-590x360.jpg",590,360,true]},"author_info":{"display_name":"noticiasbahia360.com.br","author_link":"https:\/\/noticiasbahia360.com.br\/?author=1"},"category_info":"<a href=\"https:\/\/noticiasbahia360.com.br\/?cat=8\" rel=\"category\">Bahia<\/a> <a href=\"https:\/\/noticiasbahia360.com.br\/?cat=9\" rel=\"category\">Brasil<\/a> <a href=\"https:\/\/noticiasbahia360.com.br\/?cat=6\" rel=\"category\">Feira de Santana<\/a> <a href=\"https:\/\/noticiasbahia360.com.br\/?cat=57\" rel=\"category\">Mundo<\/a> <a href=\"https:\/\/noticiasbahia360.com.br\/?cat=56\" rel=\"category\">Pol\u00edcia<\/a> <a href=\"https:\/\/noticiasbahia360.com.br\/?cat=10\" rel=\"category\">Pol\u00edtica<\/a>","tag_info":"Pol\u00edtica","comment_count":"0","_links":{"self":[{"href":"https:\/\/noticiasbahia360.com.br\/index.php?rest_route=\/wp\/v2\/posts\/85967","targetHints":{"allow":["GET"]}}],"collection":[{"href":"https:\/\/noticiasbahia360.com.br\/index.php?rest_route=\/wp\/v2\/posts"}],"about":[{"href":"https:\/\/noticiasbahia360.com.br\/index.php?rest_route=\/wp\/v2\/types\/post"}],"author":[{"embeddable":true,"href":"https:\/\/noticiasbahia360.com.br\/index.php?rest_route=\/wp\/v2\/users\/1"}],"replies":[{"embeddable":true,"href":"https:\/\/noticiasbahia360.com.br\/index.php?rest_route=%2Fwp%2Fv2%2Fcomments&post=85967"}],"version-history":[{"count":0,"href":"https:\/\/noticiasbahia360.com.br\/index.php?rest_route=\/wp\/v2\/posts\/85967\/revisions"}],"wp:featuredmedia":[{"embeddable":true,"href":"https:\/\/noticiasbahia360.com.br\/index.php?rest_route=\/wp\/v2\/media\/85968"}],"wp:attachment":[{"href":"https:\/\/noticiasbahia360.com.br\/index.php?rest_route=%2Fwp%2Fv2%2Fmedia&parent=85967"}],"wp:term":[{"taxonomy":"category","embeddable":true,"href":"https:\/\/noticiasbahia360.com.br\/index.php?rest_route=%2Fwp%2Fv2%2Fcategories&post=85967"},{"taxonomy":"post_tag","embeddable":true,"href":"https:\/\/noticiasbahia360.com.br\/index.php?rest_route=%2Fwp%2Fv2%2Ftags&post=85967"}],"curies":[{"name":"wp","href":"https:\/\/api.w.org\/{rel}","templated":true}]}}