{"id":85969,"date":"2025-05-13T14:29:44","date_gmt":"2025-05-13T17:29:44","guid":{"rendered":"https:\/\/noticiasbahia360.com.br\/?p=85969"},"modified":"2025-05-13T14:29:44","modified_gmt":"2025-05-13T17:29:44","slug":"partiu-estagio-saeb-convoca-3-mil-estudantes-universitarios","status":"publish","type":"post","link":"https:\/\/noticiasbahia360.com.br\/?p=85969","title":{"rendered":"Partiu Est\u00e1gio: Saeb convoca 3 mil estudantes universit\u00e1rios"},"content":{"rendered":"<div>\n<div>\n<figure><img decoding=\"async\" src=\"http:\/\/noticiasbahia360.com.br\/wp-content\/uploads\/2025\/05\/AL4YDFwE-partiu-estagioj.webp\" alt=\"Partiu est\u00e1gio\"><figcaption>Foto: Divulga\u00e7\u00e3o\/Saeb<\/figcaption><\/figure>\n<\/div>\n<p>A Secretaria da Administra\u00e7\u00e3o (Saeb) publicou, nesta ter\u00e7a-feira (13), em seu s\u00edtio na internet (<a href=\"http:\/\/www.saeb.ba.gov.br\/\" target=\"_blank\" rel=\"noreferrer noopener\">www.saeb.ba.gov.br<\/a>), a 1\u00aa Convoca\u00e7\u00e3o do Edital 01\/2025, contendo a rela\u00e7\u00e3o dos 3.037 universit\u00e1rios convocados para o programa Partiu Est\u00e1gio. Estudantes selecionados dever\u00e3o se apresentar entre os dias 19 e 30 deste m\u00eas, nos \u00f3rg\u00e3os p\u00fablicos em que ir\u00e3o atuar.<\/p>\n<p>Os estudantes selecionados tamb\u00e9m receber\u00e3o mensagens via WhatsApp, informando que devem acessar suas contas no site <a href=\"http:\/\/www.ba.gov.br\/\" target=\"_blank\" rel=\"noreferrer noopener sponsored nofollow\">www.ba.gov.br<\/a> para verificar os procedimentos de entrega da documenta\u00e7\u00e3o nos \u00f3rg\u00e3os que atuar\u00e3o.<\/p>\n<p>Gerido pela Secretaria da Administra\u00e7\u00e3o, o Partiu Est\u00e1gio \u00e9 um programa do Governo do Estado, lan\u00e7ado em abril de 2017, com o objetivo de oferecer oportunidades a jovens universit\u00e1rios baianos na Administra\u00e7\u00e3o P\u00fablica Estadual. A iniciativa j\u00e1 contratou 22.485 estudantes desde sua cria\u00e7\u00e3o, sem contar os 3.037 selecionados neste edital. O programa oferece bolsa de R$ 607,00 e aux\u00edlio-transporte.<\/p>\n<p>Os universit\u00e1rios inscritos no programa podem conferir a rela\u00e7\u00e3o dos convocados no site da Secretaria da Administra\u00e7\u00e3o. Ao receber a mensagem de WhatsApp, os estudantes dever\u00e3o acessar o site <a href=\"http:\/\/www.ba.gov.br\/\" target=\"_blank\" rel=\"noreferrer noopener\">www.ba.gov.br<\/a> para verificar os procedimentos, o \u00f3rg\u00e3o estadual onde ir\u00e1 atuar e a forma de entrega da documenta\u00e7\u00e3o.<\/p>\n<p>Os selecionados tamb\u00e9m dever\u00e3o entrar em contato, por e-mail ou telefone, com a unidade de Recursos Humanos do \u00f3rg\u00e3o onde ir\u00e3o atuar, a fim de obter mais informa\u00e7\u00f5es sobre a entrega da documenta\u00e7\u00e3o.<\/p>\n<h2 class=\"wp-block-heading\" id=\"h-edital-do-partiu-estagio\"><strong>Edital<\/strong> do Partiu Est\u00e1gio <\/h2>\n<p>O Edital n\u00ba 01\/2025 abriu 5.504 vagas para estagi\u00e1rios no estado. Nesta primeira convoca\u00e7\u00e3o, dentre os 3.037 estudantes selecionados, 1.448 s\u00e3o para a capital e outros 1.589 para o interior do estado, incluindo a Regi\u00e3o Metropolitana de Salvador (RMS). Esta convoca\u00e7\u00e3o abrange estudantes de 111 cursos de n\u00edvel superior, que atuar\u00e3o em 52 \u00f3rg\u00e3os p\u00fablicos, distribu\u00eddos em 237 munic\u00edpios.<\/p>\n<p>Este edital recebeu 14.489 inscri\u00e7\u00f5es. Os inscritos que n\u00e3o foram selecionados nesta convoca\u00e7\u00e3o poder\u00e3o concorrer ao Partiu Est\u00e1gio caso seja realizada outra edi\u00e7\u00e3o ainda este ano.<\/p>\n<p><em>Siga o Acorda Cidade no<\/em><a href=\"https:\/\/news.google.com\/search?q=acorda%20cidade&amp;hl=pt-BR&amp;gl=BR&amp;ceid=BR%3Apt-419\"><strong><em>\u00a0Google Not\u00edcias<\/em><\/strong><\/a><em>\u00a0e receba os principais destaques do dia. Participe tamb\u00e9m dos nossos canais no\u00a0<\/em><a href=\"https:\/\/www.whatsapp.com\/channel\/0029Va6Rb4v3WHTNnsh8WI3N\"><\/a><a href=\"https:\/\/www.acordacidade.com.br\/tag\/whatsapp\/\"><strong><em>WhatsApp<\/em><\/strong><\/a><em>\u00a0e\u00a0<\/em><a href=\"https:\/\/www.youtube.com\/@acordacidadenoticias\/videos\"><\/a><a href=\"https:\/\/www.acordacidade.com.br\/tag\/youtube\/\"><strong>YouTube<\/strong><\/a><em>\u00a0e do grupo no\u00a0<\/em><a href=\"https:\/\/t.me\/+sSz0khrgARA0ZmRh\"><\/a><a href=\"https:\/\/www.acordacidade.com.br\/tag\/telegram\/\"><strong><em>Telegram<\/em><\/strong><\/a><em>.<\/em><\/p>\n<\/div>\n","protected":false},"excerpt":{"rendered":"<div>\n<div>\n<figure><img decoding=\"async\" src=\"https:\/\/uploads.acordacidade.com.br\/2025\/05\/AL4YDFwE-partiu-estagio.j.webp\" alt=\"Partiu est\u00e1gio\"><figcaption>Foto: Divulga\u00e7\u00e3o\/Saeb<\/figcaption><\/figure>\n<\/div>\n<p>Estudantes selecionados dever\u00e3o se apresentar, entre os dias 19 e 30 deste m\u00eas, nos \u00f3rg\u00e3os p\u00fablicos em que ir\u00e3o atuar.<\/p><\/div>\n","protected":false},"author":1,"featured_media":85970,"comment_status":"closed","ping_status":"closed","sticky":false,"template":"","format":"gallery","meta":{"footnotes":""},"categories":[8,9,6,57,56,10],"tags":[],"class_list":["post-85969","post","type-post","status-publish","format-gallery","has-post-thumbnail","hentry","category-bahia","category-brasil","category-feira-de-santana","category-mundo","category-policia","category-politica","post_format-post-format-gallery"],"featured_image_urls":{"full":["https:\/\/noticiasbahia360.com.br\/wp-content\/uploads\/2025\/05\/AL4YDFwE-partiu-estagioj.webp",1200,890,false],"thumbnail":["https:\/\/noticiasbahia360.com.br\/wp-content\/uploads\/2025\/05\/AL4YDFwE-partiu-estagioj-150x150.webp",150,150,true],"medium":["https:\/\/noticiasbahia360.com.br\/wp-content\/uploads\/2025\/05\/AL4YDFwE-partiu-estagioj-300x223.webp",300,223,true],"medium_large":["https:\/\/noticiasbahia360.com.br\/wp-content\/uploads\/2025\/05\/AL4YDFwE-partiu-estagioj-768x570.webp",640,475,true],"large":["https:\/\/noticiasbahia360.com.br\/wp-content\/uploads\/2025\/05\/AL4YDFwE-partiu-estagioj-1024x759.webp",640,474,true],"1536x1536":["https:\/\/noticiasbahia360.com.br\/wp-content\/uploads\/2025\/05\/AL4YDFwE-partiu-estagioj.webp",1200,890,false],"2048x2048":["https:\/\/noticiasbahia360.com.br\/wp-content\/uploads\/2025\/05\/AL4YDFwE-partiu-estagioj.webp",1200,890,false],"chromenews-featured":["https:\/\/noticiasbahia360.com.br\/wp-content\/uploads\/2025\/05\/AL4YDFwE-partiu-estagioj-1024x759.webp",1024,759,true],"chromenews-large":["https:\/\/noticiasbahia360.com.br\/wp-content\/uploads\/2025\/05\/AL4YDFwE-partiu-estagioj-825x575.webp",825,575,true],"chromenews-medium":["https:\/\/noticiasbahia360.com.br\/wp-content\/uploads\/2025\/05\/AL4YDFwE-partiu-estagioj-590x410.webp",590,410,true]},"author_info":{"display_name":"noticiasbahia360.com.br","author_link":"https:\/\/noticiasbahia360.com.br\/?author=1"},"category_info":"<a href=\"https:\/\/noticiasbahia360.com.br\/?cat=8\" rel=\"category\">Bahia<\/a> <a href=\"https:\/\/noticiasbahia360.com.br\/?cat=9\" rel=\"category\">Brasil<\/a> <a href=\"https:\/\/noticiasbahia360.com.br\/?cat=6\" rel=\"category\">Feira de Santana<\/a> <a href=\"https:\/\/noticiasbahia360.com.br\/?cat=57\" rel=\"category\">Mundo<\/a> <a href=\"https:\/\/noticiasbahia360.com.br\/?cat=56\" rel=\"category\">Pol\u00edcia<\/a> <a href=\"https:\/\/noticiasbahia360.com.br\/?cat=10\" rel=\"category\">Pol\u00edtica<\/a>","tag_info":"Pol\u00edtica","comment_count":"0","_links":{"self":[{"href":"https:\/\/noticiasbahia360.com.br\/index.php?rest_route=\/wp\/v2\/posts\/85969","targetHints":{"allow":["GET"]}}],"collection":[{"href":"https:\/\/noticiasbahia360.com.br\/index.php?rest_route=\/wp\/v2\/posts"}],"about":[{"href":"https:\/\/noticiasbahia360.com.br\/index.php?rest_route=\/wp\/v2\/types\/post"}],"author":[{"embeddable":true,"href":"https:\/\/noticiasbahia360.com.br\/index.php?rest_route=\/wp\/v2\/users\/1"}],"replies":[{"embeddable":true,"href":"https:\/\/noticiasbahia360.com.br\/index.php?rest_route=%2Fwp%2Fv2%2Fcomments&post=85969"}],"version-history":[{"count":0,"href":"https:\/\/noticiasbahia360.com.br\/index.php?rest_route=\/wp\/v2\/posts\/85969\/revisions"}],"wp:featuredmedia":[{"embeddable":true,"href":"https:\/\/noticiasbahia360.com.br\/index.php?rest_route=\/wp\/v2\/media\/85970"}],"wp:attachment":[{"href":"https:\/\/noticiasbahia360.com.br\/index.php?rest_route=%2Fwp%2Fv2%2Fmedia&parent=85969"}],"wp:term":[{"taxonomy":"category","embeddable":true,"href":"https:\/\/noticiasbahia360.com.br\/index.php?rest_route=%2Fwp%2Fv2%2Fcategories&post=85969"},{"taxonomy":"post_tag","embeddable":true,"href":"https:\/\/noticiasbahia360.com.br\/index.php?rest_route=%2Fwp%2Fv2%2Ftags&post=85969"}],"curies":[{"name":"wp","href":"https:\/\/api.w.org\/{rel}","templated":true}]}}