{"id":85971,"date":"2025-05-13T14:29:49","date_gmt":"2025-05-13T17:29:49","guid":{"rendered":"https:\/\/noticiasbahia360.com.br\/?p=85971"},"modified":"2025-05-13T14:29:49","modified_gmt":"2025-05-13T17:29:49","slug":"mais-de-9-mil-pessoas-em-feira-de-santana-podem-ter-o-titulo-cancelado-mais-de-260-na-ba","status":"publish","type":"post","link":"https:\/\/noticiasbahia360.com.br\/?p=85971","title":{"rendered":"Mais de 9 mil pessoas em Feira de Santana podem ter o t\u00edtulo cancelado; mais de 260 na BA"},"content":{"rendered":"<div>\n<div>\n<figure><img decoding=\"async\" src=\"http:\/\/noticiasbahia360.com.br\/wp-content\/uploads\/2025\/05\/titulo-de-eleitor-foto-tse.jpeg\" alt=\"titulo de eleitor\"><figcaption>Foto: TSE<\/figcaption><\/figure>\n<\/div>\n<p>Se voc\u00ea n\u00e3o votou, n\u00e3o justificou a aus\u00eancia nas urnas e n\u00e3o quitou as multas referentes as \u00faltimas <a href=\"https:\/\/www.acordacidade.com.br\/brasil\/mais-de-5-milhoes-podem-ter-o-titulo-de-eleitor-cancelado\/\">tr\u00eas <\/a><a href=\"https:\/\/www.acordacidade.com.br\/tag\/eleicoes\/\">elei\u00e7\u00f5es<\/a>, voc\u00ea pode estar entre os mais de 260 mil baianos que correm o risco e ter o t\u00edtulo de eleitor cancelado. Em Feira de Santana s\u00e3o mais de 9 mil pessoas nesta situa\u00e7\u00e3o e em todo o <a href=\"https:\/\/www.acordacidade.com.br\/brasil\/mais-de-5-milhoes-podem-ter-o-titulo-de-eleitor-cancelado\/\">Brasil s\u00e3o mais de 5 milh\u00f5es.<\/a><\/p>\n<p>Segundo o <a href=\"https:\/\/uploads.acordacidade.com.br\/2025\/05\/u4Eeg8Sh-TRE.webp\">Tribunal Regional Eleitoral (TRE), <\/a>os eleitores que est\u00e3o nessas condi\u00e7\u00f5es devem procurar a Justi\u00e7a Eleitoral at\u00e9 o dia 19 de maio de 2025 e, assim, <strong>evitar o cancelamento do t\u00edtulo.<\/strong><\/p>\n<figure class=\"wp-block-table\">\n<table class=\"has-fixed-layout\">\n<tbody>\n<tr>\n<td><strong>Regi\u00e3o\u00a0<\/strong><\/td>\n<td><strong>Quantidade<\/strong><\/td>\n<\/tr>\n<tr>\n<td>Salvador\u00a0<\/td>\n<td>62.128<\/td>\n<\/tr>\n<tr>\n<td>Feira de Santana<\/td>\n<td>9.601<\/td>\n<\/tr>\n<tr>\n<td>Vit\u00f3ria da Conquista<\/td>\n<td>7.503<\/td>\n<\/tr>\n<tr>\n<td>Cama\u00e7ari<\/td>\n<td>5.924<\/td>\n<\/tr>\n<\/tbody>\n<\/table>\n<\/figure>\n<h2 class=\"wp-block-heading\" id=\"h-consequencias-de-ter-o-titulo-cancelado\">Consequ\u00eancias de ter o t\u00edtulo cancelado<\/h2>\n<p><strong>Conforme alerta o TRE, os eleitores que tiverem o t\u00edtulo cancelado n\u00e3o poder\u00e3o: <\/strong><\/p>\n<ul class=\"wp-block-list\">\n<li>inscrever-se em concurso p\u00fablico;<\/li>\n<li>tomar posse em cargo ou fun\u00e7\u00e3o p\u00fablica;<\/li>\n<li>receber sal\u00e1rios ou proventos de emprego p\u00fablico, participar de licita\u00e7\u00e3o ou concorr\u00eancia p\u00fablica;<\/li>\n<li>obter empr\u00e9stimos em institui\u00e7\u00f5es financeiras p\u00fablicas ou que tenham participa\u00e7\u00e3o do governo;<\/li>\n<li>emitir passaporte ou carteira de identidade (exceto para quem est\u00e1 no exterior e precise retornar ao Brasil);<\/li>\n<li>renovar matr\u00edcula em institui\u00e7\u00f5es de ensino oficiais ou fiscalizadas pelo governo;<\/li>\n<li>realizar atos que exijam quita\u00e7\u00e3o com o servi\u00e7o militar ou com a Receita Federal (art. 7\u00ba, \u00a71\u00ba, do C\u00f3digo Eleitoral).<\/li>\n<\/ul>\n<h2 class=\"wp-block-heading\" id=\"h-como-consultar-a-situacao-eleitoral\">Como consultar a situa\u00e7\u00e3o eleitoral<\/h2>\n<p>A consulta de pend\u00eancias na Justi\u00e7a Eleitoral pode ser feita nos seguintes canais: site do TRE-BA (www.tre-ba.jus.br), aplicativo e-T\u00edtulo (dispon\u00edvel gratuitamente para Android e iOS) ou pelo telefone (71) 3373-7000<strong>. A consulta tamb\u00e9m pode ser feita presencialmente em um cart\u00f3rio eleitoral ou nos postos da Justi\u00e7a Eleitoral.<\/strong><\/p>\n<h2 class=\"wp-block-heading\" id=\"h-como-regularizar-a-situacao\">Como regularizar a situa\u00e7\u00e3o<\/h2>\n<p>Ap\u00f3s consultar a situa\u00e7\u00e3o eleitoral e identificar alguma pend\u00eancia, como d\u00e9bitos eleitorais decorrentes de multas por aus\u00eancia \u00e0s urnas ou aos trabalhos eleitorais, a eleitora ou o eleitor deve primeiro quitar as multas pelo Autoatendimento Eleitoral. <\/p>\n<p><strong>Somente ap\u00f3s o pagamento, ser\u00e1 poss\u00edvel concluir a regulariza\u00e7\u00e3o e evitar o cancelamento definitivo do t\u00edtulo.<\/strong><\/p>\n<p>Outra op\u00e7\u00e3o \u00e9 buscar atendimento presencial no TRE-BA. Em Salvador e no interior do estado, o servi\u00e7o est\u00e1 dispon\u00edvel nos Cart\u00f3rios Eleitorais, nos postos descentralizados da Justi\u00e7a Eleitoral e nos postos do Servi\u00e7o de Atendimento ao Cidad\u00e3o (SAC). Na capital, tamb\u00e9m \u00e9 poss\u00edvel ser atendido na Central de Atendimento ao P\u00fablico \u2013 sede do TRE-BA- localizada no CAB. Confira aqui a lista completa de locais de atendimento na capital e no interior.<\/p>\n<p><em>Com informa\u00e7\u00f5es do TRE Bahia<\/em><\/p>\n<p><em>Siga o Acorda Cidade no<\/em><a href=\"https:\/\/news.google.com\/search?q=acorda%20cidade&amp;hl=pt-BR&amp;gl=BR&amp;ceid=BR%3Apt-419\"><strong><em> Google Not\u00edcias<\/em><\/strong><\/a><em> e receba os principais destaques do dia. Participe tamb\u00e9m dos nossos canais no <\/em><a href=\"https:\/\/whatsapp.com\/channel\/0029Va6Rb4v3WHTNnsh8WI3N\"><strong><em>WhatsApp<\/em><\/strong><\/a><em> e <\/em><a href=\"https:\/\/www.youtube.com\/@acordacidadenoticias\/videos\"><strong>YouTube<\/strong><\/a><em> e do grupo no <\/em><a href=\"https:\/\/t.me\/+sSz0khrgARA0ZmRh\"><strong><em>Telegram<\/em><\/strong><\/a><em>.<\/em><\/p>\n<\/div>\n","protected":false},"excerpt":{"rendered":"<div>\n<div>\n<figure><img decoding=\"async\" src=\"https:\/\/uploads.acordacidade.com.br\/wp-content\/uploads\/2022\/08\/22094754\/titulo-de-eleitor-foto-tse.jpeg\" alt=\"titulo de eleitor\"><figcaption>Foto: TSE<\/figcaption><\/figure>\n<\/div>\n<p>Se voc\u00ea n\u00e3o votou, n\u00e3o justificou a aus\u00eancia nas urnas e n\u00e3o quitou as multas referentes as \u00faltimas tr\u00eas elei\u00e7\u00f5es, voc\u00ea pode estar entre os mais de 260 mil baianos que correm o risco e ter o t\u00edtulo de eleitor cancelado. Em Feira de Santana s\u00e3o mais de 9 mil pessoas nesta situa\u00e7\u00e3o e em [\u2026]<\/p><\/div>\n","protected":false},"author":1,"featured_media":85972,"comment_status":"closed","ping_status":"closed","sticky":false,"template":"","format":"gallery","meta":{"footnotes":""},"categories":[8,9,6,57,56,10],"tags":[],"class_list":["post-85971","post","type-post","status-publish","format-gallery","has-post-thumbnail","hentry","category-bahia","category-brasil","category-feira-de-santana","category-mundo","category-policia","category-politica","post_format-post-format-gallery"],"featured_image_urls":{"full":["https:\/\/noticiasbahia360.com.br\/wp-content\/uploads\/2025\/05\/titulo-de-eleitor-foto-tse.jpeg",620,300,false],"thumbnail":["https:\/\/noticiasbahia360.com.br\/wp-content\/uploads\/2025\/05\/titulo-de-eleitor-foto-tse-150x150.jpeg",150,150,true],"medium":["https:\/\/noticiasbahia360.com.br\/wp-content\/uploads\/2025\/05\/titulo-de-eleitor-foto-tse-300x145.jpeg",300,145,true],"medium_large":["https:\/\/noticiasbahia360.com.br\/wp-content\/uploads\/2025\/05\/titulo-de-eleitor-foto-tse.jpeg",620,300,false],"large":["https:\/\/noticiasbahia360.com.br\/wp-content\/uploads\/2025\/05\/titulo-de-eleitor-foto-tse.jpeg",620,300,false],"1536x1536":["https:\/\/noticiasbahia360.com.br\/wp-content\/uploads\/2025\/05\/titulo-de-eleitor-foto-tse.jpeg",620,300,false],"2048x2048":["https:\/\/noticiasbahia360.com.br\/wp-content\/uploads\/2025\/05\/titulo-de-eleitor-foto-tse.jpeg",620,300,false],"chromenews-featured":["https:\/\/noticiasbahia360.com.br\/wp-content\/uploads\/2025\/05\/titulo-de-eleitor-foto-tse.jpeg",620,300,false],"chromenews-large":["https:\/\/noticiasbahia360.com.br\/wp-content\/uploads\/2025\/05\/titulo-de-eleitor-foto-tse.jpeg",620,300,false],"chromenews-medium":["https:\/\/noticiasbahia360.com.br\/wp-content\/uploads\/2025\/05\/titulo-de-eleitor-foto-tse-590x300.jpeg",590,300,true]},"author_info":{"display_name":"noticiasbahia360.com.br","author_link":"https:\/\/noticiasbahia360.com.br\/?author=1"},"category_info":"<a href=\"https:\/\/noticiasbahia360.com.br\/?cat=8\" rel=\"category\">Bahia<\/a> <a href=\"https:\/\/noticiasbahia360.com.br\/?cat=9\" rel=\"category\">Brasil<\/a> <a href=\"https:\/\/noticiasbahia360.com.br\/?cat=6\" rel=\"category\">Feira de Santana<\/a> <a href=\"https:\/\/noticiasbahia360.com.br\/?cat=57\" rel=\"category\">Mundo<\/a> <a href=\"https:\/\/noticiasbahia360.com.br\/?cat=56\" rel=\"category\">Pol\u00edcia<\/a> <a href=\"https:\/\/noticiasbahia360.com.br\/?cat=10\" rel=\"category\">Pol\u00edtica<\/a>","tag_info":"Pol\u00edtica","comment_count":"0","_links":{"self":[{"href":"https:\/\/noticiasbahia360.com.br\/index.php?rest_route=\/wp\/v2\/posts\/85971","targetHints":{"allow":["GET"]}}],"collection":[{"href":"https:\/\/noticiasbahia360.com.br\/index.php?rest_route=\/wp\/v2\/posts"}],"about":[{"href":"https:\/\/noticiasbahia360.com.br\/index.php?rest_route=\/wp\/v2\/types\/post"}],"author":[{"embeddable":true,"href":"https:\/\/noticiasbahia360.com.br\/index.php?rest_route=\/wp\/v2\/users\/1"}],"replies":[{"embeddable":true,"href":"https:\/\/noticiasbahia360.com.br\/index.php?rest_route=%2Fwp%2Fv2%2Fcomments&post=85971"}],"version-history":[{"count":0,"href":"https:\/\/noticiasbahia360.com.br\/index.php?rest_route=\/wp\/v2\/posts\/85971\/revisions"}],"wp:featuredmedia":[{"embeddable":true,"href":"https:\/\/noticiasbahia360.com.br\/index.php?rest_route=\/wp\/v2\/media\/85972"}],"wp:attachment":[{"href":"https:\/\/noticiasbahia360.com.br\/index.php?rest_route=%2Fwp%2Fv2%2Fmedia&parent=85971"}],"wp:term":[{"taxonomy":"category","embeddable":true,"href":"https:\/\/noticiasbahia360.com.br\/index.php?rest_route=%2Fwp%2Fv2%2Fcategories&post=85971"},{"taxonomy":"post_tag","embeddable":true,"href":"https:\/\/noticiasbahia360.com.br\/index.php?rest_route=%2Fwp%2Fv2%2Ftags&post=85971"}],"curies":[{"name":"wp","href":"https:\/\/api.w.org\/{rel}","templated":true}]}}