{"id":85973,"date":"2025-05-13T14:29:51","date_gmt":"2025-05-13T17:29:51","guid":{"rendered":"https:\/\/noticiasbahia360.com.br\/?p=85973"},"modified":"2025-05-13T14:29:51","modified_gmt":"2025-05-13T17:29:51","slug":"inscricao-no-programa-minha-casa-minha-vida-em-feira-de-santana-vai-ate-esta-sexta-16","status":"publish","type":"post","link":"https:\/\/noticiasbahia360.com.br\/?p=85973","title":{"rendered":"Inscri\u00e7\u00e3o no Programa Minha Casa Minha Vida em Feira de Santana vai at\u00e9 esta sexta (16)"},"content":{"rendered":"<div>\n<div>\n<figure><img decoding=\"async\" src=\"http:\/\/noticiasbahia360.com.br\/wp-content\/uploads\/2025\/05\/MCMV-Minha-Casa-Minha-Vida-foto-Foto-Aescom-MCid-02.jpg\" alt=\"MCMV Minha Casa Minha Vida\"><figcaption>Foto: Aescom MCid<\/figcaption><\/figure>\n<\/div>\n<p>Faltam apenas tr\u00eas dias para o encerramento das inscri\u00e7\u00f5es do programa habitacional Minha Casa, Minha Vida em Feira de Santana. Portanto, adverte o vereador Eli Ribeiro (Republicanos), os interessados t\u00eam at\u00e9 esta sexta (16) para efetuar o cadastro. Em pronunciamento na sess\u00e3o desta ter\u00e7a (13), o parlamentar, que j\u00e1 foi secret\u00e1rio de Habita\u00e7\u00e3o do Munic\u00edpio e tem experi\u00eancia com esta demanda, chamou aten\u00e7\u00e3o para a brevidade do fim do prazo para quem quer concorrer a uma das 1.964 unidades habitacionais dispon\u00edveis nesta primeira etapa.<\/p>\n<p>Eli Ribeiro relata que muitas pessoas buscavam a secretaria, na \u00e9poca em que foi titular da pasta, para serem beneficiadas pelo programa, mesmo fora do prazo de inscri\u00e7\u00f5es. Segundo ele, a maior parte desse p\u00fablico vulner\u00e1vel era composto por m\u00e3es solteiras que precisavam de uma resid\u00eancia. No caso de terem perdido o prazo, o vereador alerta que a pasta n\u00e3o pode atender a essa demanda. \u201cMuitos nos procuravam chateados, para fazer questionamentos, mas a Secretaria n\u00e3o podia agir se a pessoa n\u00e3o estivesse inscrita no Programa.<\/p>\n<h2 class=\"wp-block-heading\" id=\"h-inscricoes-online\">Inscri\u00e7\u00f5es online <\/h2>\n<p>Conforme informa\u00e7\u00f5es da Prefeitura, as inscri\u00e7\u00f5es s\u00e3o feitas exclusivamente de forma online, atrav\u00e9s do site oficial <a href=\"http:\/\/www.feiradesantana.ba.gov.br\/\" target=\"_blank\" rel=\"noreferrer noopener\">www.feiradesantana.ba.gov.br<\/a>, na aba Servi\u00e7os e Informa\u00e7\u00f5es. Tamb\u00e9m \u00e9 poss\u00edvel se inscrever usando os aplicativos Fala Feira 156, Feira Conectada ou ainda pelo WhatsApp da Prefeitura, no n\u00famero (75) 99867-4432, selecionando a op\u00e7\u00e3o \u201cMinha Casa, Minha Vida\u201d no atendimento automatizado. Para quem tem dificuldade em acessar as ferramentas digitais, a Secretaria Municipal de Habita\u00e7\u00e3o est\u00e1 oferecendo suporte presencial.<\/p>\n<p><em>Com informa\u00e7\u00f5es da C\u00e2mara Municipal de Feira de Santana <\/em><\/p>\n<p><em>Siga o Acorda Cidade no<\/em><a href=\"https:\/\/news.google.com\/search?q=acorda%20cidade&amp;hl=pt-BR&amp;gl=BR&amp;ceid=BR%3Apt-419\"><strong><em>\u00a0Google Not\u00edcias<\/em><\/strong><\/a><em>\u00a0e receba os principais destaques do dia. Participe tamb\u00e9m dos nossos canais no\u00a0<\/em><a href=\"https:\/\/www.whatsapp.com\/channel\/0029Va6Rb4v3WHTNnsh8WI3N\"><\/a><a href=\"https:\/\/www.acordacidade.com.br\/tag\/whatsapp\/\"><strong><em>WhatsApp<\/em><\/strong><\/a><em>\u00a0e\u00a0<\/em><a href=\"https:\/\/www.youtube.com\/@acordacidadenoticias\/videos\"><\/a><a href=\"https:\/\/www.acordacidade.com.br\/tag\/youtube\/\"><strong>YouTube<\/strong><\/a><em>\u00a0e do grupo no\u00a0<\/em><a href=\"https:\/\/t.me\/+sSz0khrgARA0ZmRh\"><\/a><a href=\"https:\/\/www.acordacidade.com.br\/tag\/telegram\/\"><strong><em>Telegram<\/em><\/strong><\/a><em>.<\/em><\/p>\n<\/div>\n","protected":false},"excerpt":{"rendered":"<div>\n<div>\n<figure><img decoding=\"async\" src=\"https:\/\/uploads.acordacidade.com.br\/2025\/04\/MCMV-Minha-Casa-Minha-Vida-foto-Foto-Aescom-MCid-02.jpg\" alt=\"MCMV Minha Casa Minha Vida\"><figcaption>Foto: Aescom MCid<\/figcaption><\/figure>\n<\/div>\n<p>Conforme informa\u00e7\u00f5es da Prefeitura, as inscri\u00e7\u00f5es s\u00e3o feitas exclusivamente de forma online, atrav\u00e9s do site oficial www.feiradesantana.ba.gov.br<\/p><\/div>\n","protected":false},"author":1,"featured_media":85974,"comment_status":"closed","ping_status":"closed","sticky":false,"template":"","format":"gallery","meta":{"footnotes":""},"categories":[8,9,6,57,56,10],"tags":[],"class_list":["post-85973","post","type-post","status-publish","format-gallery","has-post-thumbnail","hentry","category-bahia","category-brasil","category-feira-de-santana","category-mundo","category-policia","category-politica","post_format-post-format-gallery"],"featured_image_urls":{"full":["https:\/\/noticiasbahia360.com.br\/wp-content\/uploads\/2025\/05\/MCMV-Minha-Casa-Minha-Vida-foto-Foto-Aescom-MCid-02.jpg",1200,695,false],"thumbnail":["https:\/\/noticiasbahia360.com.br\/wp-content\/uploads\/2025\/05\/MCMV-Minha-Casa-Minha-Vida-foto-Foto-Aescom-MCid-02-150x150.jpg",150,150,true],"medium":["https:\/\/noticiasbahia360.com.br\/wp-content\/uploads\/2025\/05\/MCMV-Minha-Casa-Minha-Vida-foto-Foto-Aescom-MCid-02-300x174.jpg",300,174,true],"medium_large":["https:\/\/noticiasbahia360.com.br\/wp-content\/uploads\/2025\/05\/MCMV-Minha-Casa-Minha-Vida-foto-Foto-Aescom-MCid-02-768x445.jpg",640,371,true],"large":["https:\/\/noticiasbahia360.com.br\/wp-content\/uploads\/2025\/05\/MCMV-Minha-Casa-Minha-Vida-foto-Foto-Aescom-MCid-02-1024x593.jpg",640,371,true],"1536x1536":["https:\/\/noticiasbahia360.com.br\/wp-content\/uploads\/2025\/05\/MCMV-Minha-Casa-Minha-Vida-foto-Foto-Aescom-MCid-02.jpg",1200,695,false],"2048x2048":["https:\/\/noticiasbahia360.com.br\/wp-content\/uploads\/2025\/05\/MCMV-Minha-Casa-Minha-Vida-foto-Foto-Aescom-MCid-02.jpg",1200,695,false],"chromenews-featured":["https:\/\/noticiasbahia360.com.br\/wp-content\/uploads\/2025\/05\/MCMV-Minha-Casa-Minha-Vida-foto-Foto-Aescom-MCid-02-1024x593.jpg",1024,593,true],"chromenews-large":["https:\/\/noticiasbahia360.com.br\/wp-content\/uploads\/2025\/05\/MCMV-Minha-Casa-Minha-Vida-foto-Foto-Aescom-MCid-02-825x575.jpg",825,575,true],"chromenews-medium":["https:\/\/noticiasbahia360.com.br\/wp-content\/uploads\/2025\/05\/MCMV-Minha-Casa-Minha-Vida-foto-Foto-Aescom-MCid-02-590x410.jpg",590,410,true]},"author_info":{"display_name":"noticiasbahia360.com.br","author_link":"https:\/\/noticiasbahia360.com.br\/?author=1"},"category_info":"<a href=\"https:\/\/noticiasbahia360.com.br\/?cat=8\" rel=\"category\">Bahia<\/a> <a href=\"https:\/\/noticiasbahia360.com.br\/?cat=9\" rel=\"category\">Brasil<\/a> <a href=\"https:\/\/noticiasbahia360.com.br\/?cat=6\" rel=\"category\">Feira de Santana<\/a> <a href=\"https:\/\/noticiasbahia360.com.br\/?cat=57\" rel=\"category\">Mundo<\/a> <a href=\"https:\/\/noticiasbahia360.com.br\/?cat=56\" rel=\"category\">Pol\u00edcia<\/a> <a href=\"https:\/\/noticiasbahia360.com.br\/?cat=10\" rel=\"category\">Pol\u00edtica<\/a>","tag_info":"Pol\u00edtica","comment_count":"0","_links":{"self":[{"href":"https:\/\/noticiasbahia360.com.br\/index.php?rest_route=\/wp\/v2\/posts\/85973","targetHints":{"allow":["GET"]}}],"collection":[{"href":"https:\/\/noticiasbahia360.com.br\/index.php?rest_route=\/wp\/v2\/posts"}],"about":[{"href":"https:\/\/noticiasbahia360.com.br\/index.php?rest_route=\/wp\/v2\/types\/post"}],"author":[{"embeddable":true,"href":"https:\/\/noticiasbahia360.com.br\/index.php?rest_route=\/wp\/v2\/users\/1"}],"replies":[{"embeddable":true,"href":"https:\/\/noticiasbahia360.com.br\/index.php?rest_route=%2Fwp%2Fv2%2Fcomments&post=85973"}],"version-history":[{"count":0,"href":"https:\/\/noticiasbahia360.com.br\/index.php?rest_route=\/wp\/v2\/posts\/85973\/revisions"}],"wp:featuredmedia":[{"embeddable":true,"href":"https:\/\/noticiasbahia360.com.br\/index.php?rest_route=\/wp\/v2\/media\/85974"}],"wp:attachment":[{"href":"https:\/\/noticiasbahia360.com.br\/index.php?rest_route=%2Fwp%2Fv2%2Fmedia&parent=85973"}],"wp:term":[{"taxonomy":"category","embeddable":true,"href":"https:\/\/noticiasbahia360.com.br\/index.php?rest_route=%2Fwp%2Fv2%2Fcategories&post=85973"},{"taxonomy":"post_tag","embeddable":true,"href":"https:\/\/noticiasbahia360.com.br\/index.php?rest_route=%2Fwp%2Fv2%2Ftags&post=85973"}],"curies":[{"name":"wp","href":"https:\/\/api.w.org\/{rel}","templated":true}]}}