{"id":85977,"date":"2025-05-13T15:20:56","date_gmt":"2025-05-13T18:20:56","guid":{"rendered":"https:\/\/noticiasbahia360.com.br\/?p=85977"},"modified":"2025-05-13T15:20:56","modified_gmt":"2025-05-13T18:20:56","slug":"a-micareta-os-buracos-e-a-sugesta-do-povo-cronica-de-uma-cidade-em-ebulicao","status":"publish","type":"post","link":"https:\/\/noticiasbahia360.com.br\/?p=85977","title":{"rendered":"A Micareta, os buracos e a sugesta do povo: cr\u00f4nica de uma cidade em ebuli\u00e7\u00e3o"},"content":{"rendered":"<div>\n<div>\n<figure><img decoding=\"async\" src=\"http:\/\/noticiasbahia360.com.br\/wp-content\/uploads\/2025\/05\/comercio-de-Feira-de-Santana-foto-Paulo-Jose-Acorda-Cidade-2025.jpg\" alt=\"Com\u00e9rcio de Feira de Santana\"><figcaption>Foto: Paulo Jos\u00e9\/Acorda Cidade<\/figcaption><\/figure>\n<\/div>\n<p>Por mais que Feira de Santana j\u00e1 esteja acostumada com a \u201csugesta\u201d, a edi\u00e7\u00e3o do programa Acorda Cidade desta segunda-feira (13), foi uma verdadeira tempestade de vozes impacientes, cr\u00edticas afiadas e desabafos carregados de frustra\u00e7\u00e3o. A pauta inicial era a micareta \u2014 sim, a tradicional festa popular que neste ano aconteceu em maio. <\/p>\n<p>O prefeito Jos\u00e9 Ronaldo, durante uma coletiva de balan\u00e7o da Micareta, pediu \u00e0 popula\u00e7\u00e3o sugest\u00f5es para uma nova data, al\u00e9m de falar sobre uma poss\u00edvel realiza\u00e7\u00e3o no m\u00eas de novembro. Mas o que era pra ser uma conversa com propostas virou palco de impaci\u00eancias e incoer\u00eancias.<\/p>\n<h2 class=\"wp-block-heading\" id=\"h-micareta-quando-fala-reclamam-quando-nao-fala-tambem\">Micareta: Quando fala, reclamam. Quando n\u00e3o fala, tamb\u00e9m<\/h2>\n<p>A ironia \u00e9 escancarada, j\u00e1 que por anos, uma das cr\u00edticas recorrentes era de que as discuss\u00f5es sobre a Micareta aconteciam em cima da hora. Pois bem, dessa vez, ap\u00f3s a realiza\u00e7\u00e3o da festa o prefeito resolveu abrir o debate. A imprensa entrou na jogada, o radialista Dilton Coutinho deu espa\u00e7o ao tema, mas um ouvinte, indignado, disparou: \u201cA cidade cheia de problema e voc\u00eas falando de micareta!\u201d<\/p>\n<p>U\u00e9, mas n\u00e3o era exatamente essa a reclama\u00e7\u00e3o? Que s\u00f3 se fala de festa em cima da hora? Pois agora que se fala com anteced\u00eancia, ainda assim o povo <em>chia<\/em>. Parece que, em Feira, a reclama\u00e7\u00e3o tem vida pr\u00f3pria, ela respira, se alimenta da pauta do dia e se manifesta com ou sem l\u00f3gica.<\/p>\n<h2 class=\"wp-block-heading\" id=\"h-pesquisa-de-aprovacao-o-povo-nao-perdoa\">Pesquisa de aprova\u00e7\u00e3o: o povo n\u00e3o perdoa<\/h2>\n<p>Outro ponto que acendeu os \u00e2nimos foi a recente pesquisa que deu ao prefeito Jos\u00e9 Ronaldo mais de 80% de aprova\u00e7\u00e3o nos primeiros 100 dias de governo. Um n\u00famero expressivo que, para muitos, soa como um mist\u00e9rio digno de investiga\u00e7\u00e3o cient\u00edfica. Um ouvinte n\u00e3o deixou passar: \u201cEu n\u00e3o sei de onde vem essa aprova\u00e7\u00e3o. A cidade t\u00e1 cheia de buraco, falta rem\u00e9dio, professor, escola sem estrutura, e essa aprova\u00e7\u00e3o de 80%?\u201d<\/p>\n<p><strong>Confian\u00e7a nos dados? Baixa. Toler\u00e2ncia com a situa\u00e7\u00e3o? Menor ainda.<\/strong><\/p>\n<h2 class=\"wp-block-heading\" id=\"h-buracos-buracos-e-mais-buracos\">Buracos, buracos e\u2026 mais buracos<\/h2>\n<p>A\u00ed veio a cereja no bolo: os buracos. Um dos temas mais recorrentes e desgastantes de Feira de Santana. Durante o programa, Dilton mencionou que a Fraga Maia apresentava buracos. Um ouvinte prontamente reagiu: \u201cFraga Maia \u00e9 um tapete! Vai na estrada do Papagaio ou do Franc\u00eas pra ver o que \u00e9 destrui\u00e7\u00e3o.\u201d<\/p>\n<p>O caos \u00e9 potencializado com a chegada da chuva nos pisos irregulares, onde basta chover para que crateras se abram como se a cidade fosse engolida por suas pr\u00f3prias falhas.<\/p>\n<p>Outro ouvinte, disse que pensou em desistir de trabalhar com aplicativo por conta da buraqueira. E ainda mandou um recado direto: \u201cDilton voc\u00ea me pede paci\u00eancia, mas como ter paci\u00eancia com a mesma ladainha h\u00e1 20 anos?\u201d<\/p>\n<h2 class=\"wp-block-heading\" id=\"h-a-sugesta-como-patrimonio-imaterial-da-cidade\">A \u201csugesta\u201d como patrim\u00f4nio imaterial da cidade<\/h2>\n<p>No fim das contas, o que ficou claro no programa foi que a \u201csugesta\u201d, essa mistura de ansiedade, impaci\u00eancia e indigna\u00e7\u00e3o, j\u00e1 se tornou parte do DNA do feirense. \u00c9 quase um patrim\u00f4nio imaterial da cidade. Ontem, o \u201cDia da Sugesta\u201d se consolidou oficialmente, com cada ouvinte se revezando entre questionamentos, ironias e desabafos leg\u00edtimos.<\/p>\n<p>E, convenhamos, a incoer\u00eancia tamb\u00e9m tem seu charme: pedem discuss\u00e3o com anteced\u00eancia, mas n\u00e3o gostam quando ela chega cedo demais. Questionam pesquisas, mas se esquecem de como funciona sua metodologia. Pedem paci\u00eancia, mas j\u00e1 esperam h\u00e1 duas d\u00e9cadas.<\/p>\n<h2 class=\"wp-block-heading\" id=\"h-entre-a-parada-do-trio-e-o-estrago-do-buraco\">Entre a parada do trio e o estrago do buraco<\/h2>\n<p>Entre a parada dos trios da Micareta e o som seco dos pneus nos buracos da cidade, Feira de Santana segue seu curso: uma cidade que celebra, mas tamb\u00e9m cobra. Que dan\u00e7a, mas tamb\u00e9m reclama. Que quer festa, mas exige infraestrutura. E, acima de tudo, uma cidade onde a \u201csugesta\u201d \u00e9 talvez o maior s\u00edmbolo de participa\u00e7\u00e3o popular \u2014 ruidosa, intensa, e, por que n\u00e3o, necess\u00e1ria.<\/p>\n<p>Porque se o povo n\u00e3o falar (nem reclamar), a\u00ed sim \u00e9 que a cidade para.<\/p>\n<p><em>Siga o Acorda Cidade no<\/em><a href=\"https:\/\/news.google.com\/search?q=acorda%20cidade&amp;hl=pt-BR&amp;gl=BR&amp;ceid=BR%3Apt-419\"><strong><em>\u00a0Google Not\u00edcias<\/em><\/strong><\/a><em>\u00a0e receba os principais destaques do dia. Participe tamb\u00e9m dos nossos canais no\u00a0<\/em><a href=\"https:\/\/www.whatsapp.com\/channel\/0029Va6Rb4v3WHTNnsh8WI3N\"><strong><em>WhatsApp<\/em><\/strong><\/a><em>\u00a0e\u00a0<\/em><a href=\"https:\/\/www.youtube.com\/@acordacidadenoticias\/videos\"><strong>YouTube<\/strong><\/a><em>\u00a0e do grupo no\u00a0<\/em><a href=\"https:\/\/t.me\/+sSz0khrgARA0ZmRh\"><strong><em>Telegram<\/em><\/strong><\/a><\/p>\n<\/div>\n","protected":false},"excerpt":{"rendered":"<div>\n<div>\n<figure><img decoding=\"async\" src=\"https:\/\/uploads.acordacidade.com.br\/2025\/04\/comercio-de-Feira-de-Santana-foto-Paulo-Jose-Acorda-Cidade-2025.jpg\" alt=\"Com\u00e9rcio de Feira de Santana\"><figcaption>Foto: Paulo Jos\u00e9\/Acorda Cidade<\/figcaption><\/figure>\n<\/div>\n<p>Ontem, o &#8220;Dia da Sugesta&#8221; se consolidou oficialmente, com cada ouvinte se revezando entre questionamentos, ironias e desabafos leg\u00edtimos.<\/p><\/div>\n","protected":false},"author":1,"featured_media":85978,"comment_status":"closed","ping_status":"closed","sticky":false,"template":"","format":"gallery","meta":{"footnotes":""},"categories":[8,9,6,57,56,10],"tags":[],"class_list":["post-85977","post","type-post","status-publish","format-gallery","has-post-thumbnail","hentry","category-bahia","category-brasil","category-feira-de-santana","category-mundo","category-policia","category-politica","post_format-post-format-gallery"],"featured_image_urls":{"full":["https:\/\/noticiasbahia360.com.br\/wp-content\/uploads\/2025\/05\/comercio-de-Feira-de-Santana-foto-Paulo-Jose-Acorda-Cidade-2025.jpg",1200,775,false],"thumbnail":["https:\/\/noticiasbahia360.com.br\/wp-content\/uploads\/2025\/05\/comercio-de-Feira-de-Santana-foto-Paulo-Jose-Acorda-Cidade-2025-150x150.jpg",150,150,true],"medium":["https:\/\/noticiasbahia360.com.br\/wp-content\/uploads\/2025\/05\/comercio-de-Feira-de-Santana-foto-Paulo-Jose-Acorda-Cidade-2025-300x194.jpg",300,194,true],"medium_large":["https:\/\/noticiasbahia360.com.br\/wp-content\/uploads\/2025\/05\/comercio-de-Feira-de-Santana-foto-Paulo-Jose-Acorda-Cidade-2025-768x496.jpg",640,413,true],"large":["https:\/\/noticiasbahia360.com.br\/wp-content\/uploads\/2025\/05\/comercio-de-Feira-de-Santana-foto-Paulo-Jose-Acorda-Cidade-2025-1024x661.jpg",640,413,true],"1536x1536":["https:\/\/noticiasbahia360.com.br\/wp-content\/uploads\/2025\/05\/comercio-de-Feira-de-Santana-foto-Paulo-Jose-Acorda-Cidade-2025.jpg",1200,775,false],"2048x2048":["https:\/\/noticiasbahia360.com.br\/wp-content\/uploads\/2025\/05\/comercio-de-Feira-de-Santana-foto-Paulo-Jose-Acorda-Cidade-2025.jpg",1200,775,false],"chromenews-featured":["https:\/\/noticiasbahia360.com.br\/wp-content\/uploads\/2025\/05\/comercio-de-Feira-de-Santana-foto-Paulo-Jose-Acorda-Cidade-2025-1024x661.jpg",1024,661,true],"chromenews-large":["https:\/\/noticiasbahia360.com.br\/wp-content\/uploads\/2025\/05\/comercio-de-Feira-de-Santana-foto-Paulo-Jose-Acorda-Cidade-2025-825x575.jpg",825,575,true],"chromenews-medium":["https:\/\/noticiasbahia360.com.br\/wp-content\/uploads\/2025\/05\/comercio-de-Feira-de-Santana-foto-Paulo-Jose-Acorda-Cidade-2025-590x410.jpg",590,410,true]},"author_info":{"display_name":"noticiasbahia360.com.br","author_link":"https:\/\/noticiasbahia360.com.br\/?author=1"},"category_info":"<a href=\"https:\/\/noticiasbahia360.com.br\/?cat=8\" rel=\"category\">Bahia<\/a> <a href=\"https:\/\/noticiasbahia360.com.br\/?cat=9\" rel=\"category\">Brasil<\/a> <a href=\"https:\/\/noticiasbahia360.com.br\/?cat=6\" rel=\"category\">Feira de Santana<\/a> <a href=\"https:\/\/noticiasbahia360.com.br\/?cat=57\" rel=\"category\">Mundo<\/a> <a href=\"https:\/\/noticiasbahia360.com.br\/?cat=56\" rel=\"category\">Pol\u00edcia<\/a> <a href=\"https:\/\/noticiasbahia360.com.br\/?cat=10\" rel=\"category\">Pol\u00edtica<\/a>","tag_info":"Pol\u00edtica","comment_count":"0","_links":{"self":[{"href":"https:\/\/noticiasbahia360.com.br\/index.php?rest_route=\/wp\/v2\/posts\/85977","targetHints":{"allow":["GET"]}}],"collection":[{"href":"https:\/\/noticiasbahia360.com.br\/index.php?rest_route=\/wp\/v2\/posts"}],"about":[{"href":"https:\/\/noticiasbahia360.com.br\/index.php?rest_route=\/wp\/v2\/types\/post"}],"author":[{"embeddable":true,"href":"https:\/\/noticiasbahia360.com.br\/index.php?rest_route=\/wp\/v2\/users\/1"}],"replies":[{"embeddable":true,"href":"https:\/\/noticiasbahia360.com.br\/index.php?rest_route=%2Fwp%2Fv2%2Fcomments&post=85977"}],"version-history":[{"count":0,"href":"https:\/\/noticiasbahia360.com.br\/index.php?rest_route=\/wp\/v2\/posts\/85977\/revisions"}],"wp:featuredmedia":[{"embeddable":true,"href":"https:\/\/noticiasbahia360.com.br\/index.php?rest_route=\/wp\/v2\/media\/85978"}],"wp:attachment":[{"href":"https:\/\/noticiasbahia360.com.br\/index.php?rest_route=%2Fwp%2Fv2%2Fmedia&parent=85977"}],"wp:term":[{"taxonomy":"category","embeddable":true,"href":"https:\/\/noticiasbahia360.com.br\/index.php?rest_route=%2Fwp%2Fv2%2Fcategories&post=85977"},{"taxonomy":"post_tag","embeddable":true,"href":"https:\/\/noticiasbahia360.com.br\/index.php?rest_route=%2Fwp%2Fv2%2Ftags&post=85977"}],"curies":[{"name":"wp","href":"https:\/\/api.w.org\/{rel}","templated":true}]}}