{"id":85979,"date":"2025-05-13T15:20:59","date_gmt":"2025-05-13T18:20:59","guid":{"rendered":"https:\/\/noticiasbahia360.com.br\/?p=85979"},"modified":"2025-05-13T15:20:59","modified_gmt":"2025-05-13T18:20:59","slug":"encontro-estadual-de-dirigentes-municipais-de-cultura-sera-realizado-em-feira-de-santana","status":"publish","type":"post","link":"https:\/\/noticiasbahia360.com.br\/?p=85979","title":{"rendered":"Encontro Estadual de Dirigentes Municipais de Cultura ser\u00e1 realizado em Feira de Santana"},"content":{"rendered":"<div>\n<div>\n<figure><img decoding=\"async\" src=\"http:\/\/noticiasbahia360.com.br\/wp-content\/uploads\/2025\/05\/Centro-de-Convencoes-Foto-Matheus-LandimGOVBA.jpg\" alt=\"Centro de Conven\u00e7\u00f5es\"><figcaption>Foto: Matheus Landim\/GOVBA<\/figcaption><\/figure>\n<\/div>\n<p>Com o objetivo de fortalecer o di\u00e1logo entre o Estado e os munic\u00edpios baianos, a Secretaria de Cultura do Estado da Bahia (Secult-BA), por meio da Superintend\u00eancia de Desenvolvimento Territorial da Cultura (Sudecult), realiza, nos dias 15 e 16 de maio de 2025, o Encontro Estadual de Dirigentes Municipais de Cultura da Bahia. O evento ser\u00e1 sediado no Centro de Conven\u00e7\u00f5es de Feira de Santana e reunir\u00e1 gestores culturais de diversos munic\u00edpios, al\u00e9m de representantes territoriais de cultura (RTCs) e do Minist\u00e9rio da Cultura (MinC).<\/p>\n<p>A iniciativa visa ampliar o interc\u00e2mbio de experi\u00eancias, promover a escuta ativa e apresentar diretrizes para a implanta\u00e7\u00e3o e consolida\u00e7\u00e3o dos Sistemas Municipais de Cultura e fortalecimento da Pol\u00edtica Nacional Aldir Blanc (PNAB). O encontro tamb\u00e9m se configura como espa\u00e7o estrat\u00e9gico de articula\u00e7\u00e3o e constru\u00e7\u00e3o coletiva de pol\u00edticas p\u00fablicas para o setor cultural no territ\u00f3rio baiano.<\/p>\n<p>Para o secret\u00e1rio de Cultura da Bahia, Bruno Monteiro, a a\u00e7\u00e3o representa um passo importante rumo ao fortalecimento da gest\u00e3o cultural no estado. \u201c\u00c9 um momento estrat\u00e9gico para qualificarmos a gest\u00e3o cultural e avan\u00e7armos na consolida\u00e7\u00e3o dos Sistemas Municipais de Cultura, fundamentais para garantir o acesso democr\u00e1tico \u00e0s pol\u00edticas p\u00fablicas em todo o territ\u00f3rio baiano\u201d, destacou.<\/p>\n<h2 class=\"wp-block-heading\" id=\"h-programacao\">Programa\u00e7\u00e3o<\/h2>\n<p>Ao longo de dois dias, o evento contar\u00e1 com mesas tem\u00e1ticas, pain\u00e9is integrados, f\u00f3rum e momentos de forma\u00e7\u00e3o voltados \u00e0 qualifica\u00e7\u00e3o da gest\u00e3o cultural no estado. No dia 15 de maio (quinta-feira), o evento ser\u00e1 aberto com apresenta\u00e7\u00e3o cultural do grupo Caipiras da Mata, seguida por uma mesa institucional de apresenta\u00e7\u00e3o do corpo dirigente da Secult-BA aos dirigentes municipais de cultura.<\/p>\n<p>O per\u00edodo da tarde ser\u00e1 dedicado a dois pain\u00e9is integrados. O primeiro tratar\u00e1 sobre implanta\u00e7\u00e3o e fortalecimento dos Sistemas Municipais de Cultura e contar\u00e1 com a presen\u00e7a de especialistas como a professora e pesquisadora Sophia Rocha, o diretor do Sistema Nacional de Cultura, J\u00fanior Afro, e o Conselheiro Nacional de Pol\u00edticas Culturais, Shaolin Barreto. O segundo, vai abordar a execu\u00e7\u00e3o dos recursos da Pol\u00edtica Nacional Aldir Blanc (PNAB) e oferecer\u00e1 orienta\u00e7\u00f5es t\u00e9cnicas e jur\u00eddicas importantes sobre a operacionaliza\u00e7\u00e3o dos recursos federais, com o assessor especial Carlos Paiva e a diretora de Articula\u00e7\u00e3o e Governan\u00e7a, Desiree Ramos Tozi, ambos do Minc. As atividades do dia ser\u00e3o encerradas ap\u00f3s a apresenta\u00e7\u00e3o do grupo Fogo Pag\u00f4.<\/p>\n<p>No dia 16 (sexta-feira), o foco do encontro ser\u00e1 o di\u00e1logo com os representantes territoriais de cultura, com a realiza\u00e7\u00e3o do VIII F\u00f3rum de Dirigentes Municipais de Cultura da Bahia (FDMCB). Durante o f\u00f3rum, representantes da Secult-BA, do escrit\u00f3rio do Minc-BA e do Comit\u00ea de Cultura v\u00e3o oferecer atendimento aos diretores municipais de cultura. Al\u00e9m do conte\u00fado t\u00e9cnico e institucional, os dois dias de evento contam com momentos de fala aberta ao p\u00fablico, refor\u00e7ando o compromisso com uma gest\u00e3o participativa.<\/p>\n<h2 class=\"wp-block-heading\" id=\"h-confira-a-programacao-completa\">Confira a programa\u00e7\u00e3o completa:<\/h2>\n<p><strong>15\/05\/2025 (Quinta-feira)<\/strong><\/p>\n<p>Local: Teatro do Centro de Conven\u00e7\u00f5es de Feira de Santana<br \/>Endere\u00e7o: Rua Tupinamb\u00e1s, 69 \u2013 S\u00e3o Jo\u00e3o, Feira de Santana \u2013 BA<\/p>\n<p><strong>Manh\u00e3<\/strong><\/p>\n<p>08h00 \u2013 Credenciamento e caf\u00e9 da manh\u00e3<br \/>08h30 \u2013 Apresenta\u00e7\u00e3o cultural: Quadrilha Junina Caipiras da Mata (Mata de S\u00e3o Jo\u00e3o)<br \/>09h00 \u2013 Mesa de abertura (Media\u00e7\u00e3o: Amanda Cunha \u2013 Sudecult)<br \/>11h00 \u2013 Apresenta\u00e7\u00e3o do corpo dirigente da SecultBA aos dirigentes municipais<br \/>11h20 \u2013 Fala aberta do p\u00fablico (Media\u00e7\u00e3o: Leone Costa e La\u00eds Abreu)<br \/>12h00 \u2013 Almo\u00e7o (no local)<\/p>\n<p><strong>Tarde<\/strong><\/p>\n<p>14h00 \u2013 Painel Integrado: Implanta\u00e7\u00e3o e fortalecimento dos Sistemas Municipais de Cultura<br \/>Sophia Rocha (UFBA)<br \/>J\u00fanior Afro (Sistema Nacional de Cultura \u2013 MinC)<br \/>Shaolin Barreto (Conselheiro Nacional de Pol\u00edtica Cultural)<br \/>Media\u00e7\u00e3o: V\u00edtor Barreto (SecultBA)<\/p>\n<p>15h30 \u2013 Painel: Descomplicando a execu\u00e7\u00e3o dos recursos da PNAB<br \/>Carlos Paiva (Assessor Especial do MinC)<br \/>Desiree Ramos Tozi (Diretora de Articula\u00e7\u00e3o e Governan\u00e7a \u2013 MinC)<br \/>Media\u00e7\u00e3o: Lorena Teixeira (Secult-BA)<\/p>\n<p>17h30 \u2013 Encerramento com apresenta\u00e7\u00e3o cultural do grupo Fogo Pag\u00f4<\/p>\n<p><strong>16\/05\/2025 (Sexta-feira)<\/strong><\/p>\n<p>Local: Teatro do Centro de Conven\u00e7\u00f5es de Feira de Santana<br \/>Endere\u00e7o: Rua Tupinamb\u00e1s, 69 \u2013 S\u00e3o Jo\u00e3o, Feira de Santana \u2013 BA<\/p>\n<p><strong>Manh\u00e3 e tarde<\/strong><\/p>\n<p>08h30 \u2013 Caf\u00e9 da manh\u00e3<br \/>09h00 \u00e0s 16h30 \u2013 VIII F\u00f3rum de Dirigentes Municipais de Cultura da Bahia (FDMCB)<br \/>09h30 \u00e0s 16h30 \u2013 Atendimento aos DMCs pelo Escrit\u00f3rio do MinC-BA e Comit\u00ea de Cultura-BA<br \/>09h30 \u2013 DCC (Lei Cultura Viva Bahia e PNAB)<br \/>10h30 \u2013 DEC (CEUs da Cultura)<br \/>11h30 \u2013 Funceb<br \/>13h30 \u2013 Ipac<br \/>14h30 \u2013 FPC<br \/>15h30 \u2013 Suprocult<br \/>16h30 \u2013 CCPI<br \/>10h \u00e0s 12h | 14h \u00e0s 16h \u2013 Gabinete (Presta\u00e7\u00e3o de Contas \u2013 LPG)<\/p>\n<p><em>Siga o Acorda Cidade no<\/em><a href=\"https:\/\/news.google.com\/search?q=acorda%20cidade&amp;hl=pt-BR&amp;gl=BR&amp;ceid=BR%3Apt-419\"><strong><em>\u00a0Google Not\u00edcias<\/em><\/strong><\/a><em>\u00a0e receba os principais destaques do dia. Participe tamb\u00e9m dos nossos canais no\u00a0<\/em><a href=\"https:\/\/www.whatsapp.com\/channel\/0029Va6Rb4v3WHTNnsh8WI3N\"><\/a><a href=\"https:\/\/www.acordacidade.com.br\/tag\/whatsapp\/\"><strong><em>WhatsApp<\/em><\/strong><\/a><em>\u00a0e\u00a0<\/em><a href=\"https:\/\/www.youtube.com\/@acordacidadenoticias\/videos\"><\/a><a href=\"https:\/\/www.acordacidade.com.br\/tag\/youtube\/\"><strong>YouTube<\/strong><\/a><em>\u00a0e do grupo no\u00a0<\/em><a href=\"https:\/\/t.me\/+sSz0khrgARA0ZmRh\"><\/a><a href=\"https:\/\/www.acordacidade.com.br\/tag\/telegram\/\"><strong><em>Telegram<\/em><\/strong><\/a><em>.<\/em><\/p>\n<\/div>\n","protected":false},"excerpt":{"rendered":"<div>\n<div>\n<figure><img decoding=\"async\" src=\"https:\/\/uploads.acordacidade.com.br\/2025\/02\/Centro-de-Convencoes-Foto-Matheus-LandimGOVBA.jpg\" alt=\"Centro de Conven\u00e7\u00f5es\"><figcaption>Foto: Matheus Landim\/GOVBA<\/figcaption><\/figure>\n<\/div>\n<p>O evento ser\u00e1 sediado no Centro de Conven\u00e7\u00f5es de Feira de Santana.<\/p><\/div>\n","protected":false},"author":1,"featured_media":85980,"comment_status":"closed","ping_status":"closed","sticky":false,"template":"","format":"gallery","meta":{"footnotes":""},"categories":[8,9,6,57,56,10],"tags":[],"class_list":["post-85979","post","type-post","status-publish","format-gallery","has-post-thumbnail","hentry","category-bahia","category-brasil","category-feira-de-santana","category-mundo","category-policia","category-politica","post_format-post-format-gallery"],"featured_image_urls":{"full":["https:\/\/noticiasbahia360.com.br\/wp-content\/uploads\/2025\/05\/Centro-de-Convencoes-Foto-Matheus-LandimGOVBA.jpg",1920,1080,false],"thumbnail":["https:\/\/noticiasbahia360.com.br\/wp-content\/uploads\/2025\/05\/Centro-de-Convencoes-Foto-Matheus-LandimGOVBA-150x150.jpg",150,150,true],"medium":["https:\/\/noticiasbahia360.com.br\/wp-content\/uploads\/2025\/05\/Centro-de-Convencoes-Foto-Matheus-LandimGOVBA-300x169.jpg",300,169,true],"medium_large":["https:\/\/noticiasbahia360.com.br\/wp-content\/uploads\/2025\/05\/Centro-de-Convencoes-Foto-Matheus-LandimGOVBA-768x432.jpg",640,360,true],"large":["https:\/\/noticiasbahia360.com.br\/wp-content\/uploads\/2025\/05\/Centro-de-Convencoes-Foto-Matheus-LandimGOVBA-1024x576.jpg",640,360,true],"1536x1536":["https:\/\/noticiasbahia360.com.br\/wp-content\/uploads\/2025\/05\/Centro-de-Convencoes-Foto-Matheus-LandimGOVBA-1536x864.jpg",1536,864,true],"2048x2048":["https:\/\/noticiasbahia360.com.br\/wp-content\/uploads\/2025\/05\/Centro-de-Convencoes-Foto-Matheus-LandimGOVBA.jpg",1920,1080,false],"chromenews-featured":["https:\/\/noticiasbahia360.com.br\/wp-content\/uploads\/2025\/05\/Centro-de-Convencoes-Foto-Matheus-LandimGOVBA-1024x576.jpg",1024,576,true],"chromenews-large":["https:\/\/noticiasbahia360.com.br\/wp-content\/uploads\/2025\/05\/Centro-de-Convencoes-Foto-Matheus-LandimGOVBA-825x575.jpg",825,575,true],"chromenews-medium":["https:\/\/noticiasbahia360.com.br\/wp-content\/uploads\/2025\/05\/Centro-de-Convencoes-Foto-Matheus-LandimGOVBA-590x410.jpg",590,410,true]},"author_info":{"display_name":"noticiasbahia360.com.br","author_link":"https:\/\/noticiasbahia360.com.br\/?author=1"},"category_info":"<a href=\"https:\/\/noticiasbahia360.com.br\/?cat=8\" rel=\"category\">Bahia<\/a> <a href=\"https:\/\/noticiasbahia360.com.br\/?cat=9\" rel=\"category\">Brasil<\/a> <a href=\"https:\/\/noticiasbahia360.com.br\/?cat=6\" rel=\"category\">Feira de Santana<\/a> <a href=\"https:\/\/noticiasbahia360.com.br\/?cat=57\" rel=\"category\">Mundo<\/a> <a href=\"https:\/\/noticiasbahia360.com.br\/?cat=56\" rel=\"category\">Pol\u00edcia<\/a> <a href=\"https:\/\/noticiasbahia360.com.br\/?cat=10\" rel=\"category\">Pol\u00edtica<\/a>","tag_info":"Pol\u00edtica","comment_count":"0","_links":{"self":[{"href":"https:\/\/noticiasbahia360.com.br\/index.php?rest_route=\/wp\/v2\/posts\/85979","targetHints":{"allow":["GET"]}}],"collection":[{"href":"https:\/\/noticiasbahia360.com.br\/index.php?rest_route=\/wp\/v2\/posts"}],"about":[{"href":"https:\/\/noticiasbahia360.com.br\/index.php?rest_route=\/wp\/v2\/types\/post"}],"author":[{"embeddable":true,"href":"https:\/\/noticiasbahia360.com.br\/index.php?rest_route=\/wp\/v2\/users\/1"}],"replies":[{"embeddable":true,"href":"https:\/\/noticiasbahia360.com.br\/index.php?rest_route=%2Fwp%2Fv2%2Fcomments&post=85979"}],"version-history":[{"count":0,"href":"https:\/\/noticiasbahia360.com.br\/index.php?rest_route=\/wp\/v2\/posts\/85979\/revisions"}],"wp:featuredmedia":[{"embeddable":true,"href":"https:\/\/noticiasbahia360.com.br\/index.php?rest_route=\/wp\/v2\/media\/85980"}],"wp:attachment":[{"href":"https:\/\/noticiasbahia360.com.br\/index.php?rest_route=%2Fwp%2Fv2%2Fmedia&parent=85979"}],"wp:term":[{"taxonomy":"category","embeddable":true,"href":"https:\/\/noticiasbahia360.com.br\/index.php?rest_route=%2Fwp%2Fv2%2Fcategories&post=85979"},{"taxonomy":"post_tag","embeddable":true,"href":"https:\/\/noticiasbahia360.com.br\/index.php?rest_route=%2Fwp%2Fv2%2Ftags&post=85979"}],"curies":[{"name":"wp","href":"https:\/\/api.w.org\/{rel}","templated":true}]}}