{"id":85981,"date":"2025-05-13T15:50:13","date_gmt":"2025-05-13T18:50:13","guid":{"rendered":"https:\/\/noticiasbahia360.com.br\/?p=85981"},"modified":"2025-05-13T15:50:13","modified_gmt":"2025-05-13T18:50:13","slug":"tati-machado-e-michele-machado-comunicam-perda-dos-filhos-na-reta-final-da-gestacao","status":"publish","type":"post","link":"https:\/\/noticiasbahia360.com.br\/?p=85981","title":{"rendered":"Tati Machado e Michele Machado comunicam perda dos filhos na reta final da gesta\u00e7\u00e3o"},"content":{"rendered":"<div>\n<div>\n<figure><img decoding=\"async\" src=\"http:\/\/noticiasbahia360.com.br\/wp-content\/uploads\/2025\/05\/Tati-e-Michele.jpg\" alt=\"Jornalista e atriz comunicam perda de beb\u00eas na reta final da gesta\u00e7\u00e3o\"><figcaption>Foto: Reprodu\u00e7\u00e3o\/ Redes Sociais<\/figcaption><\/figure>\n<\/div>\n<p>A apresentadora Tati Machado e atriz Michele Machado comunicaram atrav\u00e9s das redes sociais nas \u00faltimas horas a perda dos filhos que esperavam. As duas j\u00e1 estavam no final de suas gesta\u00e7\u00f5es e informaram ao p\u00fablico sobre as tristes not\u00edcias atrav\u00e9s de nota.<\/p>\n<h2 class=\"wp-block-heading\" id=\"h-tati-machado\">Tati Machado<\/h2>\n<figure class=\"wp-block-image size-large\"><img fetchpriority=\"high\" data-dominant-color=\"707070\" data-has-transparency=\"false\" style=\"--dominant-color: #707070;\" fetchpriority=\"high\" decoding=\"async\" width=\"1024\" height=\"578\" sizes=\"(max-width: 1024px) 100vw, 1024px\" src=\"http:\/\/noticiasbahia360.com.br\/wp-content\/uploads\/2025\/05\/o5qrjJuW-Tati-Machado-1024x578-1.webp\" alt=\"Jornalista e atriz comunicam perda de beb\u00eas na reta final da gesta\u00e7\u00e3o\" class=\"wp-image-552938 not-transparent\" srcset=\"https:\/\/uploads.acordacidade.com.br\/2025\/05\/o5qrjJuW-Tati-Machado-300x169.webp 300w, http:\/\/noticiasbahia360.com.br\/wp-content\/uploads\/2025\/05\/o5qrjJuW-Tati-Machado-1024x578-1.webp 1024w, https:\/\/uploads.acordacidade.com.br\/2025\/05\/o5qrjJuW-Tati-Machado-768x433.webp 768w, https:\/\/uploads.acordacidade.com.br\/2025\/05\/o5qrjJuW-Tati-Machado-150x85.webp 150w, https:\/\/uploads.acordacidade.com.br\/2025\/05\/o5qrjJuW-Tati-Machado.webp 1200w\"><figcaption class=\"wp-element-caption\">Foto: Reprodu\u00e7\u00e3o\/ Redes Sociais<\/p>\n<\/figcaption><\/figure>\n<p>A apresentadora da TV Globo, Tati Machado, comunicou atrav\u00e9s das redes sociais que perdeu o beb\u00ea no oitavo m\u00eas de gesta\u00e7\u00e3o. Na \u00faltima segunda-feira (12), a jornalista deu entrada em uma maternidade ap\u00f3s perceber a aus\u00eancia dos movimentos da crian\u00e7a, como informou a sua equipe por meio de nota.<\/p>\n<p>Na unidade foi constatada a parada dos batimentos card\u00edacos do beb\u00ea, por causas que ainda s\u00e3o investigadas. \u201cAt\u00e9 ent\u00e3o, a gravidez transcorria de forma saud\u00e1vel e j\u00e1 se encontrava na reta final\u201d, detalha a nota.<\/p>\n<p>Por conta da situa\u00e7\u00e3o, Tati Machado precisou passar por um trabalho de parto e ap\u00f3s o procedimento est\u00e1 est\u00e1vel e sob cuidados.<\/p>\n<figure class=\"wp-block-image size-large\"><img data-dominant-color=\"807570\" data-has-transparency=\"false\" style=\"--dominant-color: #807570;\" decoding=\"async\" width=\"1024\" height=\"580\" sizes=\"(max-width: 1024px) 100vw, 1024px\" src=\"http:\/\/noticiasbahia360.com.br\/wp-content\/uploads\/2025\/05\/svqrrEH7-Tati-e-marido-1024x580-1.webp\" alt=\"Tati Machado e Bruno Monteiro\" class=\"wp-image-552964 not-transparent\" srcset=\"https:\/\/uploads.acordacidade.com.br\/2025\/05\/svqrrEH7-Tati-e-marido-300x170.webp 300w, http:\/\/noticiasbahia360.com.br\/wp-content\/uploads\/2025\/05\/svqrrEH7-Tati-e-marido-1024x580-1.webp 1024w, https:\/\/uploads.acordacidade.com.br\/2025\/05\/svqrrEH7-Tati-e-marido-768x435.webp 768w, https:\/\/uploads.acordacidade.com.br\/2025\/05\/svqrrEH7-Tati-e-marido-150x85.webp 150w, https:\/\/uploads.acordacidade.com.br\/2025\/05\/svqrrEH7-Tati-e-marido.webp 1496w\"><figcaption class=\"wp-element-caption\">Foto: Fabiano Battaglin\/ Gshow<\/p>\n<\/figcaption><\/figure>\n<p>Ela esperava o seu primeiro filho, Rael, fruto do casamento com o cineasta Bruno Monteiro.<\/p>\n<h2 class=\"wp-block-heading\" id=\"h-michele-machado\">Michele Machado<\/h2>\n<figure class=\"wp-block-image size-large\"><img data-dominant-color=\"a69d98\" data-has-transparency=\"false\" style=\"--dominant-color: #a69d98;\" decoding=\"async\" width=\"1024\" height=\"615\" sizes=\"(max-width: 1024px) 100vw, 1024px\" src=\"http:\/\/noticiasbahia360.com.br\/wp-content\/uploads\/2025\/05\/uIZTOvM9-Michele-Machado-1024x615-1.webp\" alt=\"Jornalista e atriz comunicam perda de beb\u00eas na reta final da gesta\u00e7\u00e3o\" class=\"wp-image-552941 not-transparent\" srcset=\"https:\/\/uploads.acordacidade.com.br\/2025\/05\/uIZTOvM9-Michele-Machado-300x180.webp 300w, http:\/\/noticiasbahia360.com.br\/wp-content\/uploads\/2025\/05\/uIZTOvM9-Michele-Machado-1024x615-1.webp 1024w, https:\/\/uploads.acordacidade.com.br\/2025\/05\/uIZTOvM9-Michele-Machado-768x461.webp 768w, https:\/\/uploads.acordacidade.com.br\/2025\/05\/uIZTOvM9-Michele-Machado-150x90.webp 150w, https:\/\/uploads.acordacidade.com.br\/2025\/05\/uIZTOvM9-Michele-Machado.webp 1180w\"><figcaption class=\"wp-element-caption\">Foto: Reprodu\u00e7\u00e3o\/ Redes Sociais<br \/>\n<\/figcaption><\/figure>\n<p>A atriz Michele Machado que tamb\u00e9m estava na reta final da gesta\u00e7\u00e3o, divulgou por meio de no nota no Instagram o falecimento do beb\u00ea.<\/p>\n<p>Ao notar a aus\u00eancia de movimentos do beb\u00ea na \u00faltima sexta-feira (9), Michele se dirigiu at\u00e9 uma maternidade para realiza\u00e7\u00e3o de exames emergenciais, onde foi constatada a falta de batimentos card\u00edacos e que o feto j\u00e1 estava sem vida, de acordo com a nota oficial publicada.<\/p>\n<p>Michele Machado tamb\u00e9m tinha uma gesta\u00e7\u00e3o saud\u00e1vel e precisou passar por uma cesariana de emerg\u00eancia no \u00faltimo s\u00e1bado (10), para a retirada do beb\u00ea.<\/p>\n<p>Michele esperava a sua segunda filha com o ator Robson Nunes.<\/p>\n<figure class=\"wp-block-image size-full\"><img data-dominant-color=\"4c4e3d\" data-has-transparency=\"false\" style=\"--dominant-color: #4c4e3d;\" decoding=\"async\" width=\"924\" height=\"616\" sizes=\"(max-width: 924px) 100vw, 924px\" src=\"http:\/\/noticiasbahia360.com.br\/wp-content\/uploads\/2025\/05\/WyiXnzJq-Michele-e-Robson-.webp\" alt=\"Michele Machado e Roson Nunes\" class=\"wp-image-552966 not-transparent\" srcset=\"https:\/\/uploads.acordacidade.com.br\/2025\/05\/WyiXnzJq-Michele-e-Robson--300x200.webp 300w, https:\/\/uploads.acordacidade.com.br\/2025\/05\/WyiXnzJq-Michele-e-Robson--768x512.webp 768w, https:\/\/uploads.acordacidade.com.br\/2025\/05\/WyiXnzJq-Michele-e-Robson--150x100.webp 150w, http:\/\/noticiasbahia360.com.br\/wp-content\/uploads\/2025\/05\/WyiXnzJq-Michele-e-Robson-.webp 924w\"><figcaption class=\"wp-element-caption\">Foto: Artur Meninea\/ Gshow<br \/>\n<\/figcaption><\/figure>\n<p><em>Siga o Acorda Cidade no<\/em><a href=\"https:\/\/news.google.com\/search?q=acorda%20cidade&amp;hl=pt-BR&amp;gl=BR&amp;ceid=BR%3Apt-419\"><strong><em>\u00a0Google Not\u00edcias<\/em><\/strong><\/a><em>\u00a0e receba os principais destaques do dia. Participe tamb\u00e9m dos nossos canais no\u00a0<\/em><a href=\"https:\/\/whatsapp.com\/channel\/0029Va6Rb4v3WHTNnsh8WI3N\"><strong><em>WhatsApp<\/em><\/strong><\/a><em>\u00a0e\u00a0<\/em><a href=\"https:\/\/www.youtube.com\/@acordacidadenoticias\/videos\"><strong>YouTube<\/strong><\/a><em>\u00a0e do grupo no\u00a0<\/em><a href=\"https:\/\/t.me\/+sSz0khrgARA0ZmRh\"><strong><em>Telegram<\/em><\/strong><\/a><em>.<\/em><\/p>\n<\/div>\n","protected":false},"excerpt":{"rendered":"<div>\n<div>\n<figure><img decoding=\"async\" src=\"https:\/\/uploads.acordacidade.com.br\/2025\/05\/Tati-e-Michele.jpg\" alt=\"Jornalista e atriz comunicam perda de beb\u00eas na reta final da gesta\u00e7\u00e3o\"><figcaption>Foto: Reprodu\u00e7\u00e3o\/ Redes Sociais<\/figcaption><\/figure>\n<\/div>\n<p>Ambas seguiam com gesta\u00e7\u00f5es saud\u00e1veis.<\/p><\/div>\n","protected":false},"author":1,"featured_media":85982,"comment_status":"closed","ping_status":"closed","sticky":false,"template":"","format":"gallery","meta":{"footnotes":""},"categories":[8,9,6,57,56,10],"tags":[],"class_list":["post-85981","post","type-post","status-publish","format-gallery","has-post-thumbnail","hentry","category-bahia","category-brasil","category-feira-de-santana","category-mundo","category-policia","category-politica","post_format-post-format-gallery"],"featured_image_urls":{"full":["https:\/\/noticiasbahia360.com.br\/wp-content\/uploads\/2025\/05\/Tati-e-Michele.jpg",1920,1080,false],"thumbnail":["https:\/\/noticiasbahia360.com.br\/wp-content\/uploads\/2025\/05\/Tati-e-Michele-150x150.jpg",150,150,true],"medium":["https:\/\/noticiasbahia360.com.br\/wp-content\/uploads\/2025\/05\/Tati-e-Michele-300x169.jpg",300,169,true],"medium_large":["https:\/\/noticiasbahia360.com.br\/wp-content\/uploads\/2025\/05\/Tati-e-Michele-768x432.jpg",640,360,true],"large":["https:\/\/noticiasbahia360.com.br\/wp-content\/uploads\/2025\/05\/Tati-e-Michele-1024x576.jpg",640,360,true],"1536x1536":["https:\/\/noticiasbahia360.com.br\/wp-content\/uploads\/2025\/05\/Tati-e-Michele-1536x864.jpg",1536,864,true],"2048x2048":["https:\/\/noticiasbahia360.com.br\/wp-content\/uploads\/2025\/05\/Tati-e-Michele.jpg",1920,1080,false],"chromenews-featured":["https:\/\/noticiasbahia360.com.br\/wp-content\/uploads\/2025\/05\/Tati-e-Michele-1024x576.jpg",1024,576,true],"chromenews-large":["https:\/\/noticiasbahia360.com.br\/wp-content\/uploads\/2025\/05\/Tati-e-Michele-825x575.jpg",825,575,true],"chromenews-medium":["https:\/\/noticiasbahia360.com.br\/wp-content\/uploads\/2025\/05\/Tati-e-Michele-590x410.jpg",590,410,true]},"author_info":{"display_name":"noticiasbahia360.com.br","author_link":"https:\/\/noticiasbahia360.com.br\/?author=1"},"category_info":"<a href=\"https:\/\/noticiasbahia360.com.br\/?cat=8\" rel=\"category\">Bahia<\/a> <a href=\"https:\/\/noticiasbahia360.com.br\/?cat=9\" rel=\"category\">Brasil<\/a> <a href=\"https:\/\/noticiasbahia360.com.br\/?cat=6\" rel=\"category\">Feira de Santana<\/a> <a href=\"https:\/\/noticiasbahia360.com.br\/?cat=57\" rel=\"category\">Mundo<\/a> <a href=\"https:\/\/noticiasbahia360.com.br\/?cat=56\" rel=\"category\">Pol\u00edcia<\/a> <a href=\"https:\/\/noticiasbahia360.com.br\/?cat=10\" rel=\"category\">Pol\u00edtica<\/a>","tag_info":"Pol\u00edtica","comment_count":"0","_links":{"self":[{"href":"https:\/\/noticiasbahia360.com.br\/index.php?rest_route=\/wp\/v2\/posts\/85981","targetHints":{"allow":["GET"]}}],"collection":[{"href":"https:\/\/noticiasbahia360.com.br\/index.php?rest_route=\/wp\/v2\/posts"}],"about":[{"href":"https:\/\/noticiasbahia360.com.br\/index.php?rest_route=\/wp\/v2\/types\/post"}],"author":[{"embeddable":true,"href":"https:\/\/noticiasbahia360.com.br\/index.php?rest_route=\/wp\/v2\/users\/1"}],"replies":[{"embeddable":true,"href":"https:\/\/noticiasbahia360.com.br\/index.php?rest_route=%2Fwp%2Fv2%2Fcomments&post=85981"}],"version-history":[{"count":0,"href":"https:\/\/noticiasbahia360.com.br\/index.php?rest_route=\/wp\/v2\/posts\/85981\/revisions"}],"wp:featuredmedia":[{"embeddable":true,"href":"https:\/\/noticiasbahia360.com.br\/index.php?rest_route=\/wp\/v2\/media\/85982"}],"wp:attachment":[{"href":"https:\/\/noticiasbahia360.com.br\/index.php?rest_route=%2Fwp%2Fv2%2Fmedia&parent=85981"}],"wp:term":[{"taxonomy":"category","embeddable":true,"href":"https:\/\/noticiasbahia360.com.br\/index.php?rest_route=%2Fwp%2Fv2%2Fcategories&post=85981"},{"taxonomy":"post_tag","embeddable":true,"href":"https:\/\/noticiasbahia360.com.br\/index.php?rest_route=%2Fwp%2Fv2%2Ftags&post=85981"}],"curies":[{"name":"wp","href":"https:\/\/api.w.org\/{rel}","templated":true}]}}