{"id":87070,"date":"2025-05-22T10:21:20","date_gmt":"2025-05-22T13:21:20","guid":{"rendered":"https:\/\/noticiasbahia360.com.br\/?p=87070"},"modified":"2025-05-22T10:21:20","modified_gmt":"2025-05-22T13:21:20","slug":"protesto-de-moradores-da-matinha-chega-ao-fim-e-onibus-coletivos-voltam-a-circular-em-feira-de-santana","status":"publish","type":"post","link":"https:\/\/noticiasbahia360.com.br\/?p=87070","title":{"rendered":"Protesto de moradores da Matinha chega ao fim e \u00f4nibus coletivos voltam a circular em Feira de Santana"},"content":{"rendered":"<div>\n<div>\n<figure><img decoding=\"async\" src=\"http:\/\/noticiasbahia360.com.br\/wp-content\/uploads\/2025\/05\/onibus-da-empresa-rosa-parados-devido-ao-protesto-de-moradores-foto-Paulo-Jose-Acorda-Cidade-2025.jpg\" alt=\"\u00f4nibus da empresa Rosa - transporte p\u00fablico\"><figcaption>Foto: Paulo Jos\u00e9\/Acorda Cidade<\/figcaption><\/figure>\n<\/div>\n<p>Os moradores do distrito de Matinha, em Feira de Santana, <a href=\"https:\/\/www.acordacidade.com.br\/feira-de-santana\/protesto-de-moradores-bloqueia-saida-de-onibus-e-varios-bairros-ficam-sem-transporte-coletivo\/\">bloquearam a sa\u00edda da garagem da Empresa Rosa na madrugada desta quinta-feira (22) e solicitaram a presen\u00e7a de autoridades para dialogar sobre m\u00e1s condi\u00e7\u00f5es estruturais dos \u00f4nibus<\/a>.<\/p>\n<p>Por volta das 9h30 o movimento chegou ao fim, resultado de um acordo fechado entre a popula\u00e7\u00e3o e a Secretaria de Mobilidade Urbana (Semob). Rodolfo Suzarte, diretor de transportes da Semob explicou a reportagem do Acorda Cidade sobre a conclus\u00e3o da reuni\u00e3o.<\/p>\n<figure class=\"wp-block-image size-large\"><img fetchpriority=\"high\" data-dominant-color=\"6a6a71\" data-has-transparency=\"false\" style=\"--dominant-color: #6a6a71;\" decoding=\"async\" width=\"1024\" height=\"688\" sizes=\"(max-width: 1024px) 100vw, 1024px\" src=\"http:\/\/noticiasbahia360.com.br\/wp-content\/uploads\/2025\/05\/MKhILGKB-Diretor-da-Semob-negocia-com-manifestantes-foto-Paulo-Jose-Acorda-Cidade-1024x688-1.webp\" alt=\"Protesto de moradores bloqueia sa\u00edda de \u00f4nibus para presta\" class=\"wp-image-556390 not-transparent\" srcset=\"https:\/\/uploads.acordacidade.com.br\/2025\/05\/MKhILGKB-Diretor-da-Semob-negocia-com-manifestantes-foto-Paulo-Jose-Acorda-Cidade-300x202.webp 300w, http:\/\/noticiasbahia360.com.br\/wp-content\/uploads\/2025\/05\/MKhILGKB-Diretor-da-Semob-negocia-com-manifestantes-foto-Paulo-Jose-Acorda-Cidade-1024x688-1.webp 1024w, https:\/\/uploads.acordacidade.com.br\/2025\/05\/MKhILGKB-Diretor-da-Semob-negocia-com-manifestantes-foto-Paulo-Jose-Acorda-Cidade-768x516.webp 768w, https:\/\/uploads.acordacidade.com.br\/2025\/05\/MKhILGKB-Diretor-da-Semob-negocia-com-manifestantes-foto-Paulo-Jose-Acorda-Cidade-150x101.webp 150w, https:\/\/uploads.acordacidade.com.br\/2025\/05\/MKhILGKB-Diretor-da-Semob-negocia-com-manifestantes-foto-Paulo-Jose-Acorda-Cidade.webp 1200w\"><figcaption class=\"wp-element-caption\">Foto: Paulo Jos\u00e9\/Acorda Cidade<\/figcaption><\/figure>\n<p>\u201cO pessoal entendeu. A gente j\u00e1 fez aqui o ajuste necess\u00e1rio em rela\u00e7\u00e3o \u00e0 opera\u00e7\u00e3o, junto \u00e0s comunidades. Os \u00f4nibus j\u00e1 foram relocados. A gente fez um documento aqui agora, formalizou com a pr\u00f3pria comunidade, se comprometendo a manter os ve\u00edculos de determinados n\u00fameros de ordem na suas correspondentes linhas operacionais\u201d.<\/p>\n<p>Na manh\u00e3 desta quinta-feira, 74 \u00f4nibus ficaram sem circular at\u00e9 o fim da manifesta\u00e7\u00e3o, o que afetou o deslocamento dos distritos e dos bairros da regi\u00e3o norte da cidade. Os moradores reclamam que os \u00f4nibus que circulam possuem condi\u00e7\u00f5es prec\u00e1rias, al\u00e9m dos atrasos constantes no hor\u00e1rio de partida. A alega\u00e7\u00e3o \u00e9 que o problema de descaso \u00e9 constante, mas a empresa Rosa j\u00e1 informou em outras manifesta\u00e7\u00f5es que n\u00e3o teria interesse em atender a regi\u00e3o devido \u00e0s condi\u00e7\u00f5es das estradas.<\/p>\n<p>Dona Isabel mora em Candeal II, distrito de Matinha, utiliza o transporte e informou que o objetivo era formalizar o compromisso com os ajustes necess\u00e1rios que a popula\u00e7\u00e3o precisava.<\/p>\n<p>\u201cPor hoje acabou porque eles assumiram a\u00ed um compromisso. Se eles n\u00e3o cumprirem, n\u00f3s voltamos de novo e vamos aguardar o chefe da empresa chegar. Se ele n\u00e3o resolver o que prometeram, n\u00f3s fechamos de novo.\u201d declarou.<\/p>\n<p><strong>Leia tamb\u00e9m:<\/strong> <a href=\"https:\/\/www.acordacidade.com.br\/feira-de-santana\/protesto-de-moradores-bloqueia-saida-de-onibus-e-varios-bairros-ficam-sem-transporte-coletivo\/\">Protesto de moradores bloqueia sa\u00edda de \u00f4nibus e v\u00e1rios bairros ficam sem transporte coletivo<\/a><\/p>\n<p><em>Siga o Acorda Cidade no<\/em><a href=\"https:\/\/news.google.com\/search?q=acorda%20cidade&amp;hl=pt-BR&amp;gl=BR&amp;ceid=BR%3Apt-419\"><strong><em> Google Not\u00edcias<\/em><\/strong><\/a><em> e receba os principais destaques do dia. Participe tamb\u00e9m dos nossos canais no <\/em><a href=\"https:\/\/whatsapp.com\/channel\/0029Va6Rb4v3WHTNnsh8WI3N\"><strong><em>WhatsApp<\/em><\/strong><\/a><em> e <\/em><a href=\"https:\/\/www.youtube.com\/@acordacidadenoticias\/videos\"><strong>Youtube<\/strong><\/a><em> e grupo de <\/em><a href=\"https:\/\/t.me\/+sSz0khrgARA0ZmRh\"><strong><em>Telegram<\/em><\/strong><\/a><em>.<\/em><\/p>\n<\/div>\n","protected":false},"excerpt":{"rendered":"<div>\n<div>\n<figure><img decoding=\"async\" src=\"https:\/\/uploads.acordacidade.com.br\/2025\/05\/onibus-da-empresa-rosa-parados-devido-ao-protesto-de-moradores-foto-Paulo-Jose-Acorda-Cidade-2025.jpg\" alt=\"\u00f4nibus da empresa Rosa - transporte p\u00fablico\"><figcaption>Foto: Paulo Jos\u00e9\/Acorda Cidade<\/figcaption><\/figure>\n<\/div>\n<p>A manifesta\u00e7\u00e3o iniciou por volta das 4h da manh\u00e3, os \u00f4nibus municipais da Empresa Rosa voltaram a circular por volta de 9h30 desta quinta-feira (22).<\/p><\/div>\n","protected":false},"author":1,"featured_media":87071,"comment_status":"closed","ping_status":"closed","sticky":false,"template":"","format":"gallery","meta":{"footnotes":""},"categories":[8,9,6,57,56,10],"tags":[],"class_list":["post-87070","post","type-post","status-publish","format-gallery","has-post-thumbnail","hentry","category-bahia","category-brasil","category-feira-de-santana","category-mundo","category-policia","category-politica","post_format-post-format-gallery"],"featured_image_urls":{"full":["https:\/\/noticiasbahia360.com.br\/wp-content\/uploads\/2025\/05\/onibus-da-empresa-rosa-parados-devido-ao-protesto-de-moradores-foto-Paulo-Jose-Acorda-Cidade-2025.jpg",1200,745,false],"thumbnail":["https:\/\/noticiasbahia360.com.br\/wp-content\/uploads\/2025\/05\/onibus-da-empresa-rosa-parados-devido-ao-protesto-de-moradores-foto-Paulo-Jose-Acorda-Cidade-2025-150x150.jpg",150,150,true],"medium":["https:\/\/noticiasbahia360.com.br\/wp-content\/uploads\/2025\/05\/onibus-da-empresa-rosa-parados-devido-ao-protesto-de-moradores-foto-Paulo-Jose-Acorda-Cidade-2025-300x186.jpg",300,186,true],"medium_large":["https:\/\/noticiasbahia360.com.br\/wp-content\/uploads\/2025\/05\/onibus-da-empresa-rosa-parados-devido-ao-protesto-de-moradores-foto-Paulo-Jose-Acorda-Cidade-2025-768x477.jpg",640,398,true],"large":["https:\/\/noticiasbahia360.com.br\/wp-content\/uploads\/2025\/05\/onibus-da-empresa-rosa-parados-devido-ao-protesto-de-moradores-foto-Paulo-Jose-Acorda-Cidade-2025-1024x636.jpg",640,398,true],"1536x1536":["https:\/\/noticiasbahia360.com.br\/wp-content\/uploads\/2025\/05\/onibus-da-empresa-rosa-parados-devido-ao-protesto-de-moradores-foto-Paulo-Jose-Acorda-Cidade-2025.jpg",1200,745,false],"2048x2048":["https:\/\/noticiasbahia360.com.br\/wp-content\/uploads\/2025\/05\/onibus-da-empresa-rosa-parados-devido-ao-protesto-de-moradores-foto-Paulo-Jose-Acorda-Cidade-2025.jpg",1200,745,false],"chromenews-featured":["https:\/\/noticiasbahia360.com.br\/wp-content\/uploads\/2025\/05\/onibus-da-empresa-rosa-parados-devido-ao-protesto-de-moradores-foto-Paulo-Jose-Acorda-Cidade-2025-1024x636.jpg",1024,636,true],"chromenews-large":["https:\/\/noticiasbahia360.com.br\/wp-content\/uploads\/2025\/05\/onibus-da-empresa-rosa-parados-devido-ao-protesto-de-moradores-foto-Paulo-Jose-Acorda-Cidade-2025-825x575.jpg",825,575,true],"chromenews-medium":["https:\/\/noticiasbahia360.com.br\/wp-content\/uploads\/2025\/05\/onibus-da-empresa-rosa-parados-devido-ao-protesto-de-moradores-foto-Paulo-Jose-Acorda-Cidade-2025-590x410.jpg",590,410,true]},"author_info":{"display_name":"noticiasbahia360.com.br","author_link":"https:\/\/noticiasbahia360.com.br\/?author=1"},"category_info":"<a href=\"https:\/\/noticiasbahia360.com.br\/?cat=8\" rel=\"category\">Bahia<\/a> <a href=\"https:\/\/noticiasbahia360.com.br\/?cat=9\" rel=\"category\">Brasil<\/a> <a href=\"https:\/\/noticiasbahia360.com.br\/?cat=6\" rel=\"category\">Feira de Santana<\/a> <a href=\"https:\/\/noticiasbahia360.com.br\/?cat=57\" rel=\"category\">Mundo<\/a> <a href=\"https:\/\/noticiasbahia360.com.br\/?cat=56\" rel=\"category\">Pol\u00edcia<\/a> <a href=\"https:\/\/noticiasbahia360.com.br\/?cat=10\" rel=\"category\">Pol\u00edtica<\/a>","tag_info":"Pol\u00edtica","comment_count":"0","_links":{"self":[{"href":"https:\/\/noticiasbahia360.com.br\/index.php?rest_route=\/wp\/v2\/posts\/87070","targetHints":{"allow":["GET"]}}],"collection":[{"href":"https:\/\/noticiasbahia360.com.br\/index.php?rest_route=\/wp\/v2\/posts"}],"about":[{"href":"https:\/\/noticiasbahia360.com.br\/index.php?rest_route=\/wp\/v2\/types\/post"}],"author":[{"embeddable":true,"href":"https:\/\/noticiasbahia360.com.br\/index.php?rest_route=\/wp\/v2\/users\/1"}],"replies":[{"embeddable":true,"href":"https:\/\/noticiasbahia360.com.br\/index.php?rest_route=%2Fwp%2Fv2%2Fcomments&post=87070"}],"version-history":[{"count":0,"href":"https:\/\/noticiasbahia360.com.br\/index.php?rest_route=\/wp\/v2\/posts\/87070\/revisions"}],"wp:featuredmedia":[{"embeddable":true,"href":"https:\/\/noticiasbahia360.com.br\/index.php?rest_route=\/wp\/v2\/media\/87071"}],"wp:attachment":[{"href":"https:\/\/noticiasbahia360.com.br\/index.php?rest_route=%2Fwp%2Fv2%2Fmedia&parent=87070"}],"wp:term":[{"taxonomy":"category","embeddable":true,"href":"https:\/\/noticiasbahia360.com.br\/index.php?rest_route=%2Fwp%2Fv2%2Fcategories&post=87070"},{"taxonomy":"post_tag","embeddable":true,"href":"https:\/\/noticiasbahia360.com.br\/index.php?rest_route=%2Fwp%2Fv2%2Ftags&post=87070"}],"curies":[{"name":"wp","href":"https:\/\/api.w.org\/{rel}","templated":true}]}}