{"id":87078,"date":"2025-05-22T12:09:56","date_gmt":"2025-05-22T15:09:56","guid":{"rendered":"https:\/\/noticiasbahia360.com.br\/?p=87078"},"modified":"2025-05-22T12:09:56","modified_gmt":"2025-05-22T15:09:56","slug":"dpt-investiga-suposto-extravio-de-armas-ocorrido-ha-20-anos-em-feira-de-santana","status":"publish","type":"post","link":"https:\/\/noticiasbahia360.com.br\/?p=87078","title":{"rendered":"DPT investiga suposto extravio de armas ocorrido h\u00e1 20 anos em Feira de Santana"},"content":{"rendered":"<div>\n<div>\n<figure><img decoding=\"async\" src=\"http:\/\/noticiasbahia360.com.br\/wp-content\/uploads\/2025\/05\/Departamento-de-Policia-Tecnica-DPT-Acorda-Cidade-Ed-Santosjpg3_.jpg\" alt=\"DPT\"><figcaption>DPT | Foto: Ed Santos\/Acorda Cidade<\/figcaption><\/figure>\n<\/div>\n<p>A Corregedoria do Departamento de Pol\u00edcia T\u00e9cnica do Estado da Bahia (<a href=\"https:\/\/www.acordacidade.com.br\/tag\/dpt\/\">DPT<\/a>) instaurou uma sindic\u00e2ncia, um tipo de procedimento investigativo, para apurar um suposto extravio de armas de fogo e muni\u00e7\u00f5es, que teria ocorrido na Coordenadoria Regional de Pol\u00edcia T\u00e9cnica de Feira de Santana h\u00e1 cerca de 20 anos. <strong>O respons\u00e1vel pela unidade na \u00e9poca j\u00e1 faleceu.<\/strong><\/p>\n<p>A portaria assinada na ter\u00e7a-feira (20) por Aroldo Ribeiro Schindler, corregedor-chefe do DPT, determinou a abertura da investiga\u00e7\u00e3o. O documento criou tamb\u00e9m uma comiss\u00e3o que deve conduzir a sindic\u00e2ncia dentro dos pr\u00f3ximos 30 dias.<\/p>\n<p>A comiss\u00e3o ter\u00e1 a miss\u00e3o de reunir elementos que apontem poss\u00edveis infra\u00e7\u00f5es administrativas e, caso existam, os respons\u00e1veis pelas respectivas infra\u00e7\u00f5es. A portaria tamb\u00e9m determina a publicidade do ato.<\/p>\n<p>Segundo o <a href=\"https:\/\/www.bahianoticias.com.br\/noticia\/304896-dpt-abre-sindicancia-para-apurar-extravio-de-armas-e-municoes-em-unidade-de-feira-de-santana\" target=\"_blank\" rel=\"noreferrer noopener\">Bahia Not\u00edcias<\/a>, site parceiro do Acorda Cidade, a portaria afirma que as armas e muni\u00e7\u00f5es teriam sido encaminhadas pela 2\u00aa Delegacia Territorial de Feira de Santana para a realiza\u00e7\u00e3o de exames periciais. O procedimento foi iniciado com base em uma investiga\u00e7\u00e3o preliminar instaurada pela Corregedoria do DPT.<\/p>\n<p><em>Reportagem escrita pelo estagi\u00e1rio de jornalismo Jefferson Ara\u00fajo sob supervis\u00e3o <\/em><\/p>\n<p><em>Siga o Acorda Cidade no<\/em><a href=\"https:\/\/news.google.com\/search?q=acorda%20cidade&amp;hl=pt-BR&amp;gl=BR&amp;ceid=BR%3Apt-419\"><strong><em>\u00a0Google Not\u00edcias<\/em><\/strong><\/a><em>\u00a0e receba os principais destaques do dia. Participe tamb\u00e9m dos nossos canais no\u00a0<\/em><a href=\"https:\/\/www.whatsapp.com\/channel\/0029Va6Rb4v3WHTNnsh8WI3N\"><strong><em>WhatsApp<\/em><\/strong><\/a><em>\u00a0e\u00a0<\/em><a href=\"https:\/\/www.youtube.com\/@acordacidadenoticias\/videos\"><strong>YouTube<\/strong><\/a><em>\u00a0e do grupo no\u00a0<\/em><a href=\"https:\/\/t.me\/+sSz0khrgARA0ZmRh\"><strong><em>Telegram<\/em><\/strong><\/a><\/p>\n<\/div>\n","protected":false},"excerpt":{"rendered":"<div>\n<div>\n<figure><img decoding=\"async\" src=\"https:\/\/uploads.acordacidade.com.br\/wp-content\/uploads\/2023\/04\/10080702\/Departamento-de-Policia-Tecnica-DPT-Acorda-Cidade-Ed-Santos.jpg3_.jpg\" alt=\"DPT\"><figcaption>DPT | Foto: Ed Santos\/Acorda Cidade<\/figcaption><\/figure>\n<\/div>\n<p>Uma portaria assinada na ter\u00e7a-feira (20) por Aroldo Ribeiro Schindler, corregedor-chefe do DPT, determinou a abertura da investiga\u00e7\u00e3o.<\/p><\/div>\n","protected":false},"author":1,"featured_media":87079,"comment_status":"closed","ping_status":"closed","sticky":false,"template":"","format":"gallery","meta":{"footnotes":""},"categories":[8,9,6,57,56,10],"tags":[],"class_list":["post-87078","post","type-post","status-publish","format-gallery","has-post-thumbnail","hentry","category-bahia","category-brasil","category-feira-de-santana","category-mundo","category-policia","category-politica","post_format-post-format-gallery"],"featured_image_urls":{"full":["https:\/\/noticiasbahia360.com.br\/wp-content\/uploads\/2025\/05\/Departamento-de-Policia-Tecnica-DPT-Acorda-Cidade-Ed-Santosjpg3_.jpg",640,360,false],"thumbnail":["https:\/\/noticiasbahia360.com.br\/wp-content\/uploads\/2025\/05\/Departamento-de-Policia-Tecnica-DPT-Acorda-Cidade-Ed-Santosjpg3_-150x150.jpg",150,150,true],"medium":["https:\/\/noticiasbahia360.com.br\/wp-content\/uploads\/2025\/05\/Departamento-de-Policia-Tecnica-DPT-Acorda-Cidade-Ed-Santosjpg3_-300x169.jpg",300,169,true],"medium_large":["https:\/\/noticiasbahia360.com.br\/wp-content\/uploads\/2025\/05\/Departamento-de-Policia-Tecnica-DPT-Acorda-Cidade-Ed-Santosjpg3_.jpg",640,360,false],"large":["https:\/\/noticiasbahia360.com.br\/wp-content\/uploads\/2025\/05\/Departamento-de-Policia-Tecnica-DPT-Acorda-Cidade-Ed-Santosjpg3_.jpg",640,360,false],"1536x1536":["https:\/\/noticiasbahia360.com.br\/wp-content\/uploads\/2025\/05\/Departamento-de-Policia-Tecnica-DPT-Acorda-Cidade-Ed-Santosjpg3_.jpg",640,360,false],"2048x2048":["https:\/\/noticiasbahia360.com.br\/wp-content\/uploads\/2025\/05\/Departamento-de-Policia-Tecnica-DPT-Acorda-Cidade-Ed-Santosjpg3_.jpg",640,360,false],"chromenews-featured":["https:\/\/noticiasbahia360.com.br\/wp-content\/uploads\/2025\/05\/Departamento-de-Policia-Tecnica-DPT-Acorda-Cidade-Ed-Santosjpg3_.jpg",640,360,false],"chromenews-large":["https:\/\/noticiasbahia360.com.br\/wp-content\/uploads\/2025\/05\/Departamento-de-Policia-Tecnica-DPT-Acorda-Cidade-Ed-Santosjpg3_.jpg",640,360,false],"chromenews-medium":["https:\/\/noticiasbahia360.com.br\/wp-content\/uploads\/2025\/05\/Departamento-de-Policia-Tecnica-DPT-Acorda-Cidade-Ed-Santosjpg3_-590x360.jpg",590,360,true]},"author_info":{"display_name":"noticiasbahia360.com.br","author_link":"https:\/\/noticiasbahia360.com.br\/?author=1"},"category_info":"<a href=\"https:\/\/noticiasbahia360.com.br\/?cat=8\" rel=\"category\">Bahia<\/a> <a href=\"https:\/\/noticiasbahia360.com.br\/?cat=9\" rel=\"category\">Brasil<\/a> <a href=\"https:\/\/noticiasbahia360.com.br\/?cat=6\" rel=\"category\">Feira de Santana<\/a> <a href=\"https:\/\/noticiasbahia360.com.br\/?cat=57\" rel=\"category\">Mundo<\/a> <a href=\"https:\/\/noticiasbahia360.com.br\/?cat=56\" rel=\"category\">Pol\u00edcia<\/a> <a href=\"https:\/\/noticiasbahia360.com.br\/?cat=10\" rel=\"category\">Pol\u00edtica<\/a>","tag_info":"Pol\u00edtica","comment_count":"0","_links":{"self":[{"href":"https:\/\/noticiasbahia360.com.br\/index.php?rest_route=\/wp\/v2\/posts\/87078","targetHints":{"allow":["GET"]}}],"collection":[{"href":"https:\/\/noticiasbahia360.com.br\/index.php?rest_route=\/wp\/v2\/posts"}],"about":[{"href":"https:\/\/noticiasbahia360.com.br\/index.php?rest_route=\/wp\/v2\/types\/post"}],"author":[{"embeddable":true,"href":"https:\/\/noticiasbahia360.com.br\/index.php?rest_route=\/wp\/v2\/users\/1"}],"replies":[{"embeddable":true,"href":"https:\/\/noticiasbahia360.com.br\/index.php?rest_route=%2Fwp%2Fv2%2Fcomments&post=87078"}],"version-history":[{"count":0,"href":"https:\/\/noticiasbahia360.com.br\/index.php?rest_route=\/wp\/v2\/posts\/87078\/revisions"}],"wp:featuredmedia":[{"embeddable":true,"href":"https:\/\/noticiasbahia360.com.br\/index.php?rest_route=\/wp\/v2\/media\/87079"}],"wp:attachment":[{"href":"https:\/\/noticiasbahia360.com.br\/index.php?rest_route=%2Fwp%2Fv2%2Fmedia&parent=87078"}],"wp:term":[{"taxonomy":"category","embeddable":true,"href":"https:\/\/noticiasbahia360.com.br\/index.php?rest_route=%2Fwp%2Fv2%2Fcategories&post=87078"},{"taxonomy":"post_tag","embeddable":true,"href":"https:\/\/noticiasbahia360.com.br\/index.php?rest_route=%2Fwp%2Fv2%2Ftags&post=87078"}],"curies":[{"name":"wp","href":"https:\/\/api.w.org\/{rel}","templated":true}]}}