{"id":87088,"date":"2025-05-22T14:32:01","date_gmt":"2025-05-22T17:32:01","guid":{"rendered":"https:\/\/noticiasbahia360.com.br\/?p=87088"},"modified":"2025-05-22T14:32:01","modified_gmt":"2025-05-22T17:32:01","slug":"diego-castro-chama-projeto-de-olivia-santana-de-bolsa-familia-do-crime-e-propoe-contraproposta","status":"publish","type":"post","link":"https:\/\/noticiasbahia360.com.br\/?p=87088","title":{"rendered":"Diego Castro chama projeto de Ol\u00edvia Santana de \u2018Bolsa Fam\u00edlia do Crime\u2019 e prop\u00f5e contraproposta"},"content":{"rendered":"<div>\n<div>\n<figure><img decoding=\"async\" src=\"http:\/\/noticiasbahia360.com.br\/wp-content\/uploads\/2025\/05\/deputado-foto-reproducao.jpg\" alt=\"\"><figcaption>Foto: Divulga\u00e7\u00e3o <\/figcaption><\/figure>\n<\/div>\n<p>O presidente da Comiss\u00e3o de Seguran\u00e7a P\u00fablica e Direitos Humanos da Assembleia Legislativa da Bahia (AL-BA), o deputado estadual Diego Castro (PL) criticou o projeto de lei apresentado pela deputada Ol\u00edvia Santana (PCdoB), que prop\u00f5e o pagamento de aux\u00edlio financeiro a fam\u00edlias de pessoas envolvidas com o crime atingidas por disparos de arma de fogo durante opera\u00e7\u00f5es policiais no estado.<\/p>\n<p>A proposta, protocolada na AL-BA, prev\u00ea a concess\u00e3o de um apoio humanit\u00e1rio acautelat\u00f3rio que inclui assist\u00eancia social, m\u00e9dica, psicol\u00f3gica e aux\u00edlio funeral. Al\u00e9m disso, estabelece o pagamento mensal de um sal\u00e1rio m\u00ednimo (atualmente R$ 1.518) por at\u00e9 12 meses para at\u00e9 cinco integrantes da fam\u00edlia, podendo totalizar R$ 7.590 mensais. O benef\u00edcio seria custeado pelo Fundo Estadual de Combate \u00e0 Pobreza.<\/p>\n<p>O texto determina que o pagamento ser\u00e1 concedido independentemente do desfecho da ocorr\u00eancia e desde que haja um laudo t\u00e9cnico pericial atestando a probabilidade de o disparo ter partido de uma arma de fogo utilizada por agentes das for\u00e7as policiais estaduais.<\/p>\n<p>Nas redes sociais, Diego Castro se posicionou contra a proposta e afirmou que ela representa um incentivo indireto \u00e0 criminalidade. \u201cA esquerda prop\u00f4s o que chamo de \u2018Bolsa Fam\u00edlia do Crime\u2019 na Bahia. Voc\u00ea n\u00e3o entendeu errado. Esse \u00e9 o projeto mais absurdo que vi em todo o meu mandato. \u00c9, sem d\u00favida, o mais inacredit\u00e1vel que j\u00e1 chegou \u00e0s minhas m\u00e3os\u201d, declarou o parlamentar.<\/p>\n<p>Segundo o deputado bolsonarista, o conte\u00fado do projeto levanta \u201cpreocupa\u00e7\u00f5es quanto ao uso dos recursos p\u00fablicos e \u00e0 valoriza\u00e7\u00e3o do trabalho das for\u00e7as de seguran\u00e7a\u201d. \u201cEm um primeiro momento, o texto fala em repara\u00e7\u00e3o \u00e0s v\u00edtimas de opera\u00e7\u00f5es de seguran\u00e7a p\u00fablica. Mas, na pr\u00e1tica, \u00e9 um pretexto para fomentar o fortalecimento, a inicia\u00e7\u00e3o e at\u00e9 a carreira no crime organizado. \u00c9 isso mesmo. Como est\u00e1 aqui, por exemplo, no par\u00e1grafo primeiro do artigo primeiro: o apoio ser\u00e1 concedido \u00e0 v\u00edtima atingida independentemente do desfecho da ocorr\u00eancia. Ou seja, ainda que o policial morra, a fam\u00edlia do criminoso poder\u00e1 ser beneficiada\u201d, disse.<\/p>\n<p>Diego tamb\u00e9m criticou o fato de o benef\u00edcio poder alcan\u00e7ar at\u00e9 cinco membros da fam\u00edlia da v\u00edtima, o que, segundo ele, amplia o impacto financeiro da proposta. \u201cEst\u00e1 previsto que at\u00e9 cinco pessoas da fam\u00edlia podem ser contempladas, o que pode levar o benef\u00edcio a ultrapassar nove mil reais. E pasmem, esse valor sair\u00e1 do Fundo Estadual de Combate \u00e0 Pobreza \u2014 um recurso que deveria ir para os mais pobres, trabalhadores honestos, necessitados. Agora pode ser destinado a quem? A criminosos que est\u00e3o tirando a vida de inocentes\u201d, acrescentou.<\/p>\n<p>O deputado ainda questionou a exig\u00eancia de apenas um laudo que aponte a probabilidade de o disparo ter vindo de um policial, sem a necessidade de comprova\u00e7\u00e3o conclusiva. \u201cO par\u00e1grafo quarto afirma que o apoio ser\u00e1 concedido ap\u00f3s um laudo t\u00e9cnico pericial que conclua pela probabilidade do disparo ter vindo de uma arma usada por policial. N\u00e3o \u00e9 preciso ter certeza \u2014 basta a suspeita. Ou seja, com base em ila\u00e7\u00f5es, sem comprova\u00e7\u00e3o, ser\u00e1 poss\u00edvel acessar essa generosa indeniza\u00e7\u00e3o. Isso \u00e9 absolutamente inaceit\u00e1vel\u201d, concluiu.<\/p>\n<p>Diante nisso, o deputado Diego Castro anunciou um projeto de lei voltado ao apoio \u00e0s fam\u00edlias de pessoas assassinadas por criminosos na Bahia. Segundo ele, a proposta busca oferecer aux\u00edlio financeiro e psicol\u00f3gico a parentes de v\u00edtimas da viol\u00eancia, com foco em garantir amparo a quem, muitas vezes, fica desassistido pelo Estado.<\/p>\n<p>\u201cSe \u00e9 para falar de repara\u00e7\u00e3o, vamos come\u00e7ar por quem realmente merece: as fam\u00edlias de trabalhadores, pais e m\u00e3es de fam\u00edlia que perderam a vida para o crime. Essas pessoas, sim, precisam do apoio do poder p\u00fablico\u201d, rebateu o parlamentar baiano.<\/p>\n<p><em>Siga o Acorda Cidade no<\/em><a href=\"https:\/\/news.google.com\/search?q=acorda%20cidade&amp;hl=pt-BR&amp;gl=BR&amp;ceid=BR%3Apt-419\"><strong><em>\u00a0Google Not\u00edcias<\/em><\/strong><\/a><em>\u00a0e receba os principais destaques do dia. Participe tamb\u00e9m dos nossos canais no\u00a0<\/em><a href=\"https:\/\/www.whatsapp.com\/channel\/0029Va6Rb4v3WHTNnsh8WI3N\"><strong><em>WhatsApp<\/em><\/strong><\/a><em>\u00a0e\u00a0<\/em><a href=\"https:\/\/www.youtube.com\/@acordacidadenoticias\/videos\"><strong>YouTube<\/strong><\/a><em>\u00a0e do grupo no\u00a0<\/em><a href=\"https:\/\/t.me\/+sSz0khrgARA0ZmRh\"><strong><em>Telegram<\/em><\/strong><\/a><\/p>\n<\/div>\n","protected":false},"excerpt":{"rendered":"<div>\n<div>\n<figure><img decoding=\"async\" src=\"https:\/\/uploads.acordacidade.com.br\/2025\/05\/deputado-foto-reproducao.jpg\" alt=\"\"><figcaption>Foto: Divulga\u00e7\u00e3o <\/figcaption><\/figure>\n<\/div>\n<p>A proposta prev\u00ea a concess\u00e3o de um apoio humanit\u00e1rio acautelat\u00f3rio que inclui assist\u00eancia social, m\u00e9dica, psicol\u00f3gica e aux\u00edlio funeral.<\/p><\/div>\n","protected":false},"author":1,"featured_media":87089,"comment_status":"closed","ping_status":"closed","sticky":false,"template":"","format":"gallery","meta":{"footnotes":""},"categories":[8,9,6,57,56,10],"tags":[],"class_list":["post-87088","post","type-post","status-publish","format-gallery","has-post-thumbnail","hentry","category-bahia","category-brasil","category-feira-de-santana","category-mundo","category-policia","category-politica","post_format-post-format-gallery"],"featured_image_urls":{"full":["https:\/\/noticiasbahia360.com.br\/wp-content\/uploads\/2025\/05\/deputado-foto-reproducao.jpg",1200,900,false],"thumbnail":["https:\/\/noticiasbahia360.com.br\/wp-content\/uploads\/2025\/05\/deputado-foto-reproducao-150x150.jpg",150,150,true],"medium":["https:\/\/noticiasbahia360.com.br\/wp-content\/uploads\/2025\/05\/deputado-foto-reproducao-300x225.jpg",300,225,true],"medium_large":["https:\/\/noticiasbahia360.com.br\/wp-content\/uploads\/2025\/05\/deputado-foto-reproducao-768x576.jpg",640,480,true],"large":["https:\/\/noticiasbahia360.com.br\/wp-content\/uploads\/2025\/05\/deputado-foto-reproducao-1024x768.jpg",640,480,true],"1536x1536":["https:\/\/noticiasbahia360.com.br\/wp-content\/uploads\/2025\/05\/deputado-foto-reproducao.jpg",1200,900,false],"2048x2048":["https:\/\/noticiasbahia360.com.br\/wp-content\/uploads\/2025\/05\/deputado-foto-reproducao.jpg",1200,900,false],"chromenews-featured":["https:\/\/noticiasbahia360.com.br\/wp-content\/uploads\/2025\/05\/deputado-foto-reproducao-1024x768.jpg",1024,768,true],"chromenews-large":["https:\/\/noticiasbahia360.com.br\/wp-content\/uploads\/2025\/05\/deputado-foto-reproducao-825x575.jpg",825,575,true],"chromenews-medium":["https:\/\/noticiasbahia360.com.br\/wp-content\/uploads\/2025\/05\/deputado-foto-reproducao-590x410.jpg",590,410,true]},"author_info":{"display_name":"noticiasbahia360.com.br","author_link":"https:\/\/noticiasbahia360.com.br\/?author=1"},"category_info":"<a href=\"https:\/\/noticiasbahia360.com.br\/?cat=8\" rel=\"category\">Bahia<\/a> <a href=\"https:\/\/noticiasbahia360.com.br\/?cat=9\" rel=\"category\">Brasil<\/a> <a href=\"https:\/\/noticiasbahia360.com.br\/?cat=6\" rel=\"category\">Feira de Santana<\/a> <a href=\"https:\/\/noticiasbahia360.com.br\/?cat=57\" rel=\"category\">Mundo<\/a> <a href=\"https:\/\/noticiasbahia360.com.br\/?cat=56\" rel=\"category\">Pol\u00edcia<\/a> <a href=\"https:\/\/noticiasbahia360.com.br\/?cat=10\" rel=\"category\">Pol\u00edtica<\/a>","tag_info":"Pol\u00edtica","comment_count":"0","_links":{"self":[{"href":"https:\/\/noticiasbahia360.com.br\/index.php?rest_route=\/wp\/v2\/posts\/87088","targetHints":{"allow":["GET"]}}],"collection":[{"href":"https:\/\/noticiasbahia360.com.br\/index.php?rest_route=\/wp\/v2\/posts"}],"about":[{"href":"https:\/\/noticiasbahia360.com.br\/index.php?rest_route=\/wp\/v2\/types\/post"}],"author":[{"embeddable":true,"href":"https:\/\/noticiasbahia360.com.br\/index.php?rest_route=\/wp\/v2\/users\/1"}],"replies":[{"embeddable":true,"href":"https:\/\/noticiasbahia360.com.br\/index.php?rest_route=%2Fwp%2Fv2%2Fcomments&post=87088"}],"version-history":[{"count":0,"href":"https:\/\/noticiasbahia360.com.br\/index.php?rest_route=\/wp\/v2\/posts\/87088\/revisions"}],"wp:featuredmedia":[{"embeddable":true,"href":"https:\/\/noticiasbahia360.com.br\/index.php?rest_route=\/wp\/v2\/media\/87089"}],"wp:attachment":[{"href":"https:\/\/noticiasbahia360.com.br\/index.php?rest_route=%2Fwp%2Fv2%2Fmedia&parent=87088"}],"wp:term":[{"taxonomy":"category","embeddable":true,"href":"https:\/\/noticiasbahia360.com.br\/index.php?rest_route=%2Fwp%2Fv2%2Fcategories&post=87088"},{"taxonomy":"post_tag","embeddable":true,"href":"https:\/\/noticiasbahia360.com.br\/index.php?rest_route=%2Fwp%2Fv2%2Ftags&post=87088"}],"curies":[{"name":"wp","href":"https:\/\/api.w.org\/{rel}","templated":true}]}}