{"id":87097,"date":"2025-05-22T14:54:55","date_gmt":"2025-05-22T17:54:55","guid":{"rendered":"https:\/\/noticiasbahia360.com.br\/?p=87097"},"modified":"2025-05-22T14:54:55","modified_gmt":"2025-05-22T17:54:55","slug":"operacao-da-pf-combate-abuso-sexual-infantojuvenil-no-sul-da-bahia","status":"publish","type":"post","link":"https:\/\/noticiasbahia360.com.br\/?p=87097","title":{"rendered":"Opera\u00e7\u00e3o da PF combate abuso sexual infantojuvenil no sul da Bahia"},"content":{"rendered":"<div>\n<div>\n<figure><img decoding=\"async\" src=\"http:\/\/noticiasbahia360.com.br\/wp-content\/uploads\/2025\/05\/Policia-federal-GPI-el-patron-foto-ilustativa-da-ascom-pf.jpg\" alt=\"Opera\u00e7\u00e3o da Pol\u00edcia Federal em Feira de Santana\"><figcaption>Foto: Ilustrativa\/Pol\u00edcia Federal\/GPI<\/figcaption><\/figure>\n<\/div>\n<p>A <a href=\"https:\/\/www.acordacidade.com.br\/tag\/policia-federal\/\">Pol\u00edcia Federal<\/a> deflagrou opera\u00e7\u00e3o, nesta quinta-feira (22\/5), visando investigar criminosos que armazenam, compartilham, vendem e produzem material de abuso sexual infantojuvenil no sul da Bahia.<\/p>\n<p>Na a\u00e7\u00e3o de hoje, foram cumpridos dois mandados de busca e apreens\u00e3o, nas cidades de Itamaraju\/BA e Prado\/BA, sob a orienta\u00e7\u00e3o da Coordena\u00e7\u00e3o de Repress\u00e3o aos Crimes Cibern\u00e9ticos Relacionados ao Abuso Sexual Infantojuvenil, com foco na identifica\u00e7\u00e3o e na pris\u00e3o de abusadores sexuais de crian\u00e7as e adolescentes.<\/p>\n<p>Cumpre informar que, somente em 2025 \u2013 entre janeiro e abril, a Pol\u00edcia Federal, por meio dos Grupos de Capturas, cumpriu 612 mandados de pris\u00e3o de foragidos da justi\u00e7a pelo cometimento de crimes sexuais que estavam pendentes de cumprimento, demonstrando o comprometimento de todas as \u00e1reas da Pol\u00edcia Federal no combate a esses delitos.<\/p>\n<p>A Pol\u00edcia Federal alerta aos pais e respons\u00e1veis sobre a import\u00e2ncia de monitorar e orientar seus filhos no mundo virtual e f\u00edsico, protegendo-os dos riscos de abusos sexuais. A preven\u00e7\u00e3o \u00e9 fundamental para garantir a seguran\u00e7a e o bem-estar das crian\u00e7as e adolescentes, e, nesse aspecto, a informa\u00e7\u00e3o salva vidas.<\/p>\n<p><em>Siga o Acorda Cidade no<\/em><a href=\"https:\/\/news.google.com\/search?q=acorda%20cidade&amp;hl=pt-BR&amp;gl=BR&amp;ceid=BR%3Apt-419\"><strong><em> Google Not\u00edcias<\/em><\/strong><\/a><em> e receba os principais destaques do dia. Participe tamb\u00e9m dos nossos canais no <\/em><a href=\"https:\/\/whatsapp.com\/channel\/0029Va6Rb4v3WHTNnsh8WI3N\"><strong><em>WhatsApp<\/em><\/strong><\/a><em> e <\/em><a href=\"https:\/\/www.youtube.com\/@acordacidadenoticias\/videos\"><strong>Youtube<\/strong><\/a><em> e grupo de <\/em><a href=\"https:\/\/t.me\/+sSz0khrgARA0ZmRh\"><strong><em>Telegram<\/em><\/strong><\/a><em>.<\/em><\/p>\n<\/div>\n","protected":false},"excerpt":{"rendered":"<div>\n<div>\n<figure><img decoding=\"async\" src=\"https:\/\/uploads.acordacidade.com.br\/2024\/11\/Policia-federal-GPI-el-patron-foto-ilustativa-da-ascom-pf.jpg\" alt=\"Opera\u00e7\u00e3o da Pol\u00edcia Federal em Feira de Santana\"><figcaption>Foto: Ilustrativa\/Pol\u00edcia Federal\/GPI<\/figcaption><\/figure>\n<\/div>\n<p>Na a\u00e7\u00e3o, foram cumpridos dois mandados de busca e apreens\u00e3o, nas cidades de Itamaraju\/BA e Prado\/BA.<\/p><\/div>\n","protected":false},"author":1,"featured_media":87098,"comment_status":"closed","ping_status":"closed","sticky":false,"template":"","format":"gallery","meta":{"footnotes":""},"categories":[8,9,6,57,56,10],"tags":[],"class_list":["post-87097","post","type-post","status-publish","format-gallery","has-post-thumbnail","hentry","category-bahia","category-brasil","category-feira-de-santana","category-mundo","category-policia","category-politica","post_format-post-format-gallery"],"featured_image_urls":{"full":["https:\/\/noticiasbahia360.com.br\/wp-content\/uploads\/2025\/05\/Policia-federal-GPI-el-patron-foto-ilustativa-da-ascom-pf.jpg",640,426,false],"thumbnail":["https:\/\/noticiasbahia360.com.br\/wp-content\/uploads\/2025\/05\/Policia-federal-GPI-el-patron-foto-ilustativa-da-ascom-pf-150x150.jpg",150,150,true],"medium":["https:\/\/noticiasbahia360.com.br\/wp-content\/uploads\/2025\/05\/Policia-federal-GPI-el-patron-foto-ilustativa-da-ascom-pf-300x200.jpg",300,200,true],"medium_large":["https:\/\/noticiasbahia360.com.br\/wp-content\/uploads\/2025\/05\/Policia-federal-GPI-el-patron-foto-ilustativa-da-ascom-pf.jpg",640,426,false],"large":["https:\/\/noticiasbahia360.com.br\/wp-content\/uploads\/2025\/05\/Policia-federal-GPI-el-patron-foto-ilustativa-da-ascom-pf.jpg",640,426,false],"1536x1536":["https:\/\/noticiasbahia360.com.br\/wp-content\/uploads\/2025\/05\/Policia-federal-GPI-el-patron-foto-ilustativa-da-ascom-pf.jpg",640,426,false],"2048x2048":["https:\/\/noticiasbahia360.com.br\/wp-content\/uploads\/2025\/05\/Policia-federal-GPI-el-patron-foto-ilustativa-da-ascom-pf.jpg",640,426,false],"chromenews-featured":["https:\/\/noticiasbahia360.com.br\/wp-content\/uploads\/2025\/05\/Policia-federal-GPI-el-patron-foto-ilustativa-da-ascom-pf.jpg",640,426,false],"chromenews-large":["https:\/\/noticiasbahia360.com.br\/wp-content\/uploads\/2025\/05\/Policia-federal-GPI-el-patron-foto-ilustativa-da-ascom-pf.jpg",640,426,false],"chromenews-medium":["https:\/\/noticiasbahia360.com.br\/wp-content\/uploads\/2025\/05\/Policia-federal-GPI-el-patron-foto-ilustativa-da-ascom-pf-590x410.jpg",590,410,true]},"author_info":{"display_name":"noticiasbahia360.com.br","author_link":"https:\/\/noticiasbahia360.com.br\/?author=1"},"category_info":"<a href=\"https:\/\/noticiasbahia360.com.br\/?cat=8\" rel=\"category\">Bahia<\/a> <a href=\"https:\/\/noticiasbahia360.com.br\/?cat=9\" rel=\"category\">Brasil<\/a> <a href=\"https:\/\/noticiasbahia360.com.br\/?cat=6\" rel=\"category\">Feira de Santana<\/a> <a href=\"https:\/\/noticiasbahia360.com.br\/?cat=57\" rel=\"category\">Mundo<\/a> <a href=\"https:\/\/noticiasbahia360.com.br\/?cat=56\" rel=\"category\">Pol\u00edcia<\/a> <a href=\"https:\/\/noticiasbahia360.com.br\/?cat=10\" rel=\"category\">Pol\u00edtica<\/a>","tag_info":"Pol\u00edtica","comment_count":"0","_links":{"self":[{"href":"https:\/\/noticiasbahia360.com.br\/index.php?rest_route=\/wp\/v2\/posts\/87097","targetHints":{"allow":["GET"]}}],"collection":[{"href":"https:\/\/noticiasbahia360.com.br\/index.php?rest_route=\/wp\/v2\/posts"}],"about":[{"href":"https:\/\/noticiasbahia360.com.br\/index.php?rest_route=\/wp\/v2\/types\/post"}],"author":[{"embeddable":true,"href":"https:\/\/noticiasbahia360.com.br\/index.php?rest_route=\/wp\/v2\/users\/1"}],"replies":[{"embeddable":true,"href":"https:\/\/noticiasbahia360.com.br\/index.php?rest_route=%2Fwp%2Fv2%2Fcomments&post=87097"}],"version-history":[{"count":0,"href":"https:\/\/noticiasbahia360.com.br\/index.php?rest_route=\/wp\/v2\/posts\/87097\/revisions"}],"wp:featuredmedia":[{"embeddable":true,"href":"https:\/\/noticiasbahia360.com.br\/index.php?rest_route=\/wp\/v2\/media\/87098"}],"wp:attachment":[{"href":"https:\/\/noticiasbahia360.com.br\/index.php?rest_route=%2Fwp%2Fv2%2Fmedia&parent=87097"}],"wp:term":[{"taxonomy":"category","embeddable":true,"href":"https:\/\/noticiasbahia360.com.br\/index.php?rest_route=%2Fwp%2Fv2%2Fcategories&post=87097"},{"taxonomy":"post_tag","embeddable":true,"href":"https:\/\/noticiasbahia360.com.br\/index.php?rest_route=%2Fwp%2Fv2%2Ftags&post=87097"}],"curies":[{"name":"wp","href":"https:\/\/api.w.org\/{rel}","templated":true}]}}