{"id":87116,"date":"2025-05-22T16:51:16","date_gmt":"2025-05-22T19:51:16","guid":{"rendered":"https:\/\/noticiasbahia360.com.br\/?p=87116"},"modified":"2025-05-22T16:51:16","modified_gmt":"2025-05-22T19:51:16","slug":"associacao-da-industria-de-cafe-afirma-que-consumo-da-bebida-caiu-16","status":"publish","type":"post","link":"https:\/\/noticiasbahia360.com.br\/?p=87116","title":{"rendered":"Associa\u00e7\u00e3o da ind\u00fastria de caf\u00e9 afirma que consumo da bebida caiu 16%"},"content":{"rendered":"<div>\n<div>\n<figure><img decoding=\"async\" src=\"http:\/\/noticiasbahia360.com.br\/wp-content\/uploads\/2025\/05\/cafe-foto-pixbay-2.jpg\" alt=\"caf\u00e9\"><figcaption>Foto: PixBay <\/figcaption><\/figure>\n<\/div>\n<p>Ag\u00eancia Brasil \u2013 A Associa\u00e7\u00e3o Brasileira da Ind\u00fastria de Caf\u00e9 (Abic) divulgou hoje (22), em S\u00e3o Paulo, dados que apontam para uma queda no consumo do caf\u00e9 pelos brasileiros. Na compara\u00e7\u00e3o entre o quadrimestre de 2024 e o de 2025, h\u00e1 uma diminui\u00e7\u00e3o das sacas vendidas de \u2013 5,13%.<img decoding=\"async\" src=\"https:\/\/agenciabrasil.ebc.com.br\/ebc.png?id=1643775&amp;o=node\"><img decoding=\"async\" src=\"https:\/\/agenciabrasil.ebc.com.br\/ebc.gif?id=1643775&amp;o=node\"><\/p>\n<p>De janeiro a abril de 2024, a entidade registrou vendas de 5.010.580 sacas. J\u00e1 na compara\u00e7\u00e3o com os quatro primeiros meses de 2025, a comercializa\u00e7\u00e3o caiu para 4.753.766 sacas.<\/p>\n<p>O pico da diminui\u00e7\u00e3o no com\u00e9rcio do produto foi em abril. Na compara\u00e7\u00e3o com abril de 2024, o consumo caiu 15,96%.<\/p>\n<p>Segundo o Instituto Brasileiro de Geografia e Estat\u00edstica (IBGE), o pre\u00e7o do caf\u00e9 no Brasil subiu 80% entre abril de 2024 e abril de 2025.<\/p>\n<p>Eventos clim\u00e1ticos, aumento do consumo no mundo e a entrada da China no mercado global foram alguns dos respons\u00e1veis pelo aumento no pre\u00e7o do caf\u00e9 e, consequentemente, pela queda no consumo do produto no pa\u00eds, segundo a pr\u00f3pria Abic em\u00a0mat\u00e9ria\u00a0da\u00a0<strong>Ag\u00eancia Brasil\u00a0<\/strong>em fevereiro. \u00a0<\/p>\n<h2 class=\"wp-block-heading\" id=\"h-quadrimestre\">Quadrimestre<\/h2>\n<p>Os dados do quadrimestre deste ano at\u00e9 chegaram a abrir com n\u00fameros positivos. Na compara\u00e7\u00e3o de janeiro de 2024 com janeiro de 2025 houve incremento de +1,26% de vendas de sacas. Na mesma compara\u00e7\u00e3o, s\u00f3 que para o fevereiro de 2024 e o mesmo m\u00eas deste ano, o aumento foi de + 0,89%.<\/p>\n<p>Em mar\u00e7o, por\u00e9m, apareceram os primeiros sinais de queda: em mar\u00e7o de 2025 o recuo foi de -4,87% nas vendas de sacas na compara\u00e7\u00e3o com o mesmo m\u00eas de 2024.<\/p>\n<p>A queda mais expressiva surgiu na compara\u00e7\u00e3o \u00a0de abril de 2024 e de 2025, quando houve diminui\u00e7\u00e3o de -15,96% de sacas vendidas.<\/p>\n<p>Os dados da Abic dizem respeito ao consumo do caf\u00e9 no varejo, o que representa de 73% a 78% do consumo interno do pa\u00eds.<\/p>\n<p><em>Siga o Acorda Cidade no<\/em><a href=\"https:\/\/news.google.com\/search?q=acorda%20cidade&amp;hl=pt-BR&amp;gl=BR&amp;ceid=BR%3Apt-419\"><strong><em>\u00a0Google Not\u00edcias<\/em><\/strong><\/a><em>\u00a0e receba os principais destaques do dia. Participe tamb\u00e9m dos nossos canais no\u00a0<\/em><a href=\"https:\/\/www.whatsapp.com\/channel\/0029Va6Rb4v3WHTNnsh8WI3N\"><strong><em>WhatsApp<\/em><\/strong><\/a><em>\u00a0e\u00a0<\/em><a href=\"https:\/\/www.youtube.com\/@acordacidadenoticias\/videos\"><strong>YouTube<\/strong><\/a><em>\u00a0e do grupo no\u00a0<\/em><a href=\"https:\/\/t.me\/+sSz0khrgARA0ZmRh\"><strong><em>Telegram<\/em><\/strong><\/a><\/p>\n<\/div>\n","protected":false},"excerpt":{"rendered":"<div>\n<div>\n<figure><img decoding=\"async\" src=\"https:\/\/uploads.acordacidade.com.br\/2025\/01\/cafe-foto-pixbay-2.jpg\" alt=\"caf\u00e9\"><figcaption>Foto: PixBay <\/figcaption><\/figure>\n<\/div>\n<p>De janeiro a abril de 2024, a entidade registrou vendas de 5 milh\u00f5es de sacas. J\u00e1 no mesmo per\u00edodo em 2025, caiu para 4 milh\u00f5es.<\/p><\/div>\n","protected":false},"author":1,"featured_media":87117,"comment_status":"closed","ping_status":"closed","sticky":false,"template":"","format":"gallery","meta":{"footnotes":""},"categories":[8,9,6,57,56,10],"tags":[],"class_list":["post-87116","post","type-post","status-publish","format-gallery","has-post-thumbnail","hentry","category-bahia","category-brasil","category-feira-de-santana","category-mundo","category-policia","category-politica","post_format-post-format-gallery"],"featured_image_urls":{"full":["https:\/\/noticiasbahia360.com.br\/wp-content\/uploads\/2025\/05\/cafe-foto-pixbay-2.jpg",640,406,false],"thumbnail":["https:\/\/noticiasbahia360.com.br\/wp-content\/uploads\/2025\/05\/cafe-foto-pixbay-2-150x150.jpg",150,150,true],"medium":["https:\/\/noticiasbahia360.com.br\/wp-content\/uploads\/2025\/05\/cafe-foto-pixbay-2-300x190.jpg",300,190,true],"medium_large":["https:\/\/noticiasbahia360.com.br\/wp-content\/uploads\/2025\/05\/cafe-foto-pixbay-2.jpg",640,406,false],"large":["https:\/\/noticiasbahia360.com.br\/wp-content\/uploads\/2025\/05\/cafe-foto-pixbay-2.jpg",640,406,false],"1536x1536":["https:\/\/noticiasbahia360.com.br\/wp-content\/uploads\/2025\/05\/cafe-foto-pixbay-2.jpg",640,406,false],"2048x2048":["https:\/\/noticiasbahia360.com.br\/wp-content\/uploads\/2025\/05\/cafe-foto-pixbay-2.jpg",640,406,false],"chromenews-featured":["https:\/\/noticiasbahia360.com.br\/wp-content\/uploads\/2025\/05\/cafe-foto-pixbay-2.jpg",640,406,false],"chromenews-large":["https:\/\/noticiasbahia360.com.br\/wp-content\/uploads\/2025\/05\/cafe-foto-pixbay-2.jpg",640,406,false],"chromenews-medium":["https:\/\/noticiasbahia360.com.br\/wp-content\/uploads\/2025\/05\/cafe-foto-pixbay-2-590x406.jpg",590,406,true]},"author_info":{"display_name":"noticiasbahia360.com.br","author_link":"https:\/\/noticiasbahia360.com.br\/?author=1"},"category_info":"<a href=\"https:\/\/noticiasbahia360.com.br\/?cat=8\" rel=\"category\">Bahia<\/a> <a href=\"https:\/\/noticiasbahia360.com.br\/?cat=9\" rel=\"category\">Brasil<\/a> <a href=\"https:\/\/noticiasbahia360.com.br\/?cat=6\" rel=\"category\">Feira de Santana<\/a> <a href=\"https:\/\/noticiasbahia360.com.br\/?cat=57\" rel=\"category\">Mundo<\/a> <a href=\"https:\/\/noticiasbahia360.com.br\/?cat=56\" rel=\"category\">Pol\u00edcia<\/a> <a href=\"https:\/\/noticiasbahia360.com.br\/?cat=10\" rel=\"category\">Pol\u00edtica<\/a>","tag_info":"Pol\u00edtica","comment_count":"0","_links":{"self":[{"href":"https:\/\/noticiasbahia360.com.br\/index.php?rest_route=\/wp\/v2\/posts\/87116","targetHints":{"allow":["GET"]}}],"collection":[{"href":"https:\/\/noticiasbahia360.com.br\/index.php?rest_route=\/wp\/v2\/posts"}],"about":[{"href":"https:\/\/noticiasbahia360.com.br\/index.php?rest_route=\/wp\/v2\/types\/post"}],"author":[{"embeddable":true,"href":"https:\/\/noticiasbahia360.com.br\/index.php?rest_route=\/wp\/v2\/users\/1"}],"replies":[{"embeddable":true,"href":"https:\/\/noticiasbahia360.com.br\/index.php?rest_route=%2Fwp%2Fv2%2Fcomments&post=87116"}],"version-history":[{"count":0,"href":"https:\/\/noticiasbahia360.com.br\/index.php?rest_route=\/wp\/v2\/posts\/87116\/revisions"}],"wp:featuredmedia":[{"embeddable":true,"href":"https:\/\/noticiasbahia360.com.br\/index.php?rest_route=\/wp\/v2\/media\/87117"}],"wp:attachment":[{"href":"https:\/\/noticiasbahia360.com.br\/index.php?rest_route=%2Fwp%2Fv2%2Fmedia&parent=87116"}],"wp:term":[{"taxonomy":"category","embeddable":true,"href":"https:\/\/noticiasbahia360.com.br\/index.php?rest_route=%2Fwp%2Fv2%2Fcategories&post=87116"},{"taxonomy":"post_tag","embeddable":true,"href":"https:\/\/noticiasbahia360.com.br\/index.php?rest_route=%2Fwp%2Fv2%2Ftags&post=87116"}],"curies":[{"name":"wp","href":"https:\/\/api.w.org\/{rel}","templated":true}]}}