{"id":87121,"date":"2025-05-22T17:21:15","date_gmt":"2025-05-22T20:21:15","guid":{"rendered":"https:\/\/noticiasbahia360.com.br\/?p=87121"},"modified":"2025-05-22T17:21:15","modified_gmt":"2025-05-22T20:21:15","slug":"policia-procura-suspeito-de-matar-vitima-e-esconder-o-corpo-no-quintal-de-casa-cadela-pode-ter-sido-morta-para-disfarcar-crime","status":"publish","type":"post","link":"https:\/\/noticiasbahia360.com.br\/?p=87121","title":{"rendered":"Pol\u00edcia procura suspeito de matar v\u00edtima e esconder o corpo no quintal de casa; cadela pode ter sido morta para disfar\u00e7ar crime"},"content":{"rendered":"<div>\n<div>\n<figure><img decoding=\"async\" src=\"http:\/\/noticiasbahia360.com.br\/wp-content\/uploads\/2025\/05\/Sao-Francisco-do-Conde-completa-90-dias-sem-registro-de-morte-violenta.jpg\" alt=\"S\u00e3o Francisco do Conde\"><figcaption>S\u00e3o Francisco do Conde \/ Ilustrativa | Foto: Divulga\u00e7\u00e3o\/ Ascom\/SSP<\/figcaption><\/figure>\n<\/div>\n<p>A Pol\u00edcia Civil investiga um crime ocorrido na cidade de <a href=\"https:\/\/www.acordacidade.com.br\/tag\/sao-francisco-do-conde\/\">S\u00e3o Francisco do Conde<\/a>, na Regi\u00e3o Metropolitana de Salvador. Na quarta-feira (21), agentes encontraram o corpo de um homem enterrado no quintal de uma resid\u00eancia. Dentro do im\u00f3vel, tamb\u00e9m havia uma cadela morta e um filhote desnutrido.<\/p>\n<p>De acordo com as primeiras investiga\u00e7\u00f5es, o principal suspeito \u00e9 um homem de 34 anos, morador da casa, que est\u00e1 desaparecido h\u00e1 alguns dias e \u00e9 considerado foragido. A pol\u00edcia acredita que ele matou a cadela e a deixou no interior do im\u00f3vel para disfar\u00e7ar o mau cheiro do corpo da v\u00edtima, na tentativa de enganar os vizinhos e dificultar a a\u00e7\u00e3o policial.<\/p>\n<p>Segundo informa\u00e7\u00f5es do Portal g1, a suspeita surgiu ap\u00f3s moradores denunciarem um forte odor vindo da resid\u00eancia. Ao chegarem ao local, os policiais se depararam com o corpo do animal em estado avan\u00e7ado de decomposi\u00e7\u00e3o e perceberam sinais de movimenta\u00e7\u00e3o no quintal, onde havia uma p\u00e1, saco de cimento e a terra revirada.<\/p>\n<p>Diante das evid\u00eancias, uma equipe da Defesa Civil foi acionada e localizou o corpo do homem, enterrado h\u00e1 pelo menos uma semana, segundo estimativas dos peritos. A v\u00edtima ainda n\u00e3o foi identificada, mas a pol\u00edcia informou que se trata de um homem branco, com idade estimada entre 20 e 30 anos, e que possui uma tatuagem na perna. Nenhum documento foi encontrado junto ao corpo.<\/p>\n<p>Al\u00e9m dos ind\u00edcios de homic\u00eddio, a pol\u00edcia tamb\u00e9m investiga se a casa era usada como ponto de tr\u00e1fico de drogas. Uma motocicleta, que pode pertencer \u00e0 v\u00edtima, foi apreendida no local.<\/p>\n<p>Vizinhos relataram a pol\u00edcia, dias antes do desaparecimento do suspeito, que ele foi visto acompanhado de um homem com caracter\u00edsticas semelhantes \u00e0s da v\u00edtima, mas ningu\u00e9m soube informar sua identidade.<\/p>\n<p>O delegado \u00cdtalo Melo, respons\u00e1vel pela investiga\u00e7\u00e3o, pede ajuda da popula\u00e7\u00e3o para identificar o homem assassinado.<\/p>\n<p>\u201cEntre em contato com a delegacia ou at\u00e9 mesmo pelo 190, porque vai nos ajudar bastante a esclarecer quem \u00e9 essa v\u00edtima. Nenhum parente compareceu para registrar ocorr\u00eancia e precisamos dessas informa\u00e7\u00f5es para identific\u00e1-la O suposto autor se encontra evadido. Ele n\u00e3o estava na localidade e todas a medidas cab\u00edveis at\u00e9 o momento est\u00e3o sendo adotadas\u201d, afirmou o delegado ao g1.<\/p>\n<p>O filhote que sobreviveu foi resgatado e levado para atendimento veterin\u00e1rio.<\/p>\n<p><em>Siga o Acorda Cidade no<\/em><a href=\"https:\/\/news.google.com\/search?q=acorda%20cidade&amp;hl=pt-BR&amp;gl=BR&amp;ceid=BR%3Apt-419\"><strong><em>\u00a0Google Not\u00edcias<\/em><\/strong><\/a><em>\u00a0e receba os principais destaques do dia. Participe tamb\u00e9m dos nossos canais no\u00a0<\/em><a href=\"https:\/\/www.whatsapp.com\/channel\/0029Va6Rb4v3WHTNnsh8WI3N\"><strong><em>WhatsApp<\/em><\/strong><\/a><em>\u00a0e\u00a0<\/em><a href=\"https:\/\/www.youtube.com\/@acordacidadenoticias\/videos\"><strong>Youtube<\/strong><\/a><em>\u00a0e grupo de\u00a0<\/em><a href=\"https:\/\/t.me\/+sSz0khrgARA0ZmRh\"><strong><em>Telegram<\/em><\/strong><\/a><em>.<\/em><\/p>\n<\/div>\n","protected":false},"excerpt":{"rendered":"<div>\n<div>\n<figure><img decoding=\"async\" src=\"https:\/\/uploads.acordacidade.com.br\/wp-content\/uploads\/2024\/04\/01174223\/Sao-Francisco-do-Conde-completa-90-dias-sem-registro-de-morte-violenta.jpg\" alt=\"S\u00e3o Francisco do Conde\"><figcaption>S\u00e3o Francisco do Conde \/ Ilustrativa | Foto: Divulga\u00e7\u00e3o\/ Ascom\/SSP<\/figcaption><\/figure>\n<\/div>\n<p>A v\u00edtima ainda n\u00e3o foi identificada, mas a pol\u00edcia informou que se trata de um homem branco, com idade estimada entre 20 e 30 anos.<\/p><\/div>\n","protected":false},"author":1,"featured_media":87122,"comment_status":"closed","ping_status":"closed","sticky":false,"template":"","format":"gallery","meta":{"footnotes":""},"categories":[8,9,6,57,56,10],"tags":[],"class_list":["post-87121","post","type-post","status-publish","format-gallery","has-post-thumbnail","hentry","category-bahia","category-brasil","category-feira-de-santana","category-mundo","category-policia","category-politica","post_format-post-format-gallery"],"featured_image_urls":{"full":["https:\/\/noticiasbahia360.com.br\/wp-content\/uploads\/2025\/05\/Sao-Francisco-do-Conde-completa-90-dias-sem-registro-de-morte-violenta.jpg",640,480,false],"thumbnail":["https:\/\/noticiasbahia360.com.br\/wp-content\/uploads\/2025\/05\/Sao-Francisco-do-Conde-completa-90-dias-sem-registro-de-morte-violenta-150x150.jpg",150,150,true],"medium":["https:\/\/noticiasbahia360.com.br\/wp-content\/uploads\/2025\/05\/Sao-Francisco-do-Conde-completa-90-dias-sem-registro-de-morte-violenta-300x225.jpg",300,225,true],"medium_large":["https:\/\/noticiasbahia360.com.br\/wp-content\/uploads\/2025\/05\/Sao-Francisco-do-Conde-completa-90-dias-sem-registro-de-morte-violenta.jpg",640,480,false],"large":["https:\/\/noticiasbahia360.com.br\/wp-content\/uploads\/2025\/05\/Sao-Francisco-do-Conde-completa-90-dias-sem-registro-de-morte-violenta.jpg",640,480,false],"1536x1536":["https:\/\/noticiasbahia360.com.br\/wp-content\/uploads\/2025\/05\/Sao-Francisco-do-Conde-completa-90-dias-sem-registro-de-morte-violenta.jpg",640,480,false],"2048x2048":["https:\/\/noticiasbahia360.com.br\/wp-content\/uploads\/2025\/05\/Sao-Francisco-do-Conde-completa-90-dias-sem-registro-de-morte-violenta.jpg",640,480,false],"chromenews-featured":["https:\/\/noticiasbahia360.com.br\/wp-content\/uploads\/2025\/05\/Sao-Francisco-do-Conde-completa-90-dias-sem-registro-de-morte-violenta.jpg",640,480,false],"chromenews-large":["https:\/\/noticiasbahia360.com.br\/wp-content\/uploads\/2025\/05\/Sao-Francisco-do-Conde-completa-90-dias-sem-registro-de-morte-violenta.jpg",640,480,false],"chromenews-medium":["https:\/\/noticiasbahia360.com.br\/wp-content\/uploads\/2025\/05\/Sao-Francisco-do-Conde-completa-90-dias-sem-registro-de-morte-violenta-590x410.jpg",590,410,true]},"author_info":{"display_name":"noticiasbahia360.com.br","author_link":"https:\/\/noticiasbahia360.com.br\/?author=1"},"category_info":"<a href=\"https:\/\/noticiasbahia360.com.br\/?cat=8\" rel=\"category\">Bahia<\/a> <a href=\"https:\/\/noticiasbahia360.com.br\/?cat=9\" rel=\"category\">Brasil<\/a> <a href=\"https:\/\/noticiasbahia360.com.br\/?cat=6\" rel=\"category\">Feira de Santana<\/a> <a href=\"https:\/\/noticiasbahia360.com.br\/?cat=57\" rel=\"category\">Mundo<\/a> <a href=\"https:\/\/noticiasbahia360.com.br\/?cat=56\" rel=\"category\">Pol\u00edcia<\/a> <a href=\"https:\/\/noticiasbahia360.com.br\/?cat=10\" rel=\"category\">Pol\u00edtica<\/a>","tag_info":"Pol\u00edtica","comment_count":"0","_links":{"self":[{"href":"https:\/\/noticiasbahia360.com.br\/index.php?rest_route=\/wp\/v2\/posts\/87121","targetHints":{"allow":["GET"]}}],"collection":[{"href":"https:\/\/noticiasbahia360.com.br\/index.php?rest_route=\/wp\/v2\/posts"}],"about":[{"href":"https:\/\/noticiasbahia360.com.br\/index.php?rest_route=\/wp\/v2\/types\/post"}],"author":[{"embeddable":true,"href":"https:\/\/noticiasbahia360.com.br\/index.php?rest_route=\/wp\/v2\/users\/1"}],"replies":[{"embeddable":true,"href":"https:\/\/noticiasbahia360.com.br\/index.php?rest_route=%2Fwp%2Fv2%2Fcomments&post=87121"}],"version-history":[{"count":0,"href":"https:\/\/noticiasbahia360.com.br\/index.php?rest_route=\/wp\/v2\/posts\/87121\/revisions"}],"wp:featuredmedia":[{"embeddable":true,"href":"https:\/\/noticiasbahia360.com.br\/index.php?rest_route=\/wp\/v2\/media\/87122"}],"wp:attachment":[{"href":"https:\/\/noticiasbahia360.com.br\/index.php?rest_route=%2Fwp%2Fv2%2Fmedia&parent=87121"}],"wp:term":[{"taxonomy":"category","embeddable":true,"href":"https:\/\/noticiasbahia360.com.br\/index.php?rest_route=%2Fwp%2Fv2%2Fcategories&post=87121"},{"taxonomy":"post_tag","embeddable":true,"href":"https:\/\/noticiasbahia360.com.br\/index.php?rest_route=%2Fwp%2Fv2%2Ftags&post=87121"}],"curies":[{"name":"wp","href":"https:\/\/api.w.org\/{rel}","templated":true}]}}