{"id":87123,"date":"2025-05-22T17:33:14","date_gmt":"2025-05-22T20:33:14","guid":{"rendered":"https:\/\/noticiasbahia360.com.br\/?p=87123"},"modified":"2025-05-22T17:33:14","modified_gmt":"2025-05-22T20:33:14","slug":"prefeitura-de-feira-garante-70-das-atracoes-juninas-com-artistas-locais-nos-festejos-de-sao-joao-e-sao-pedro","status":"publish","type":"post","link":"https:\/\/noticiasbahia360.com.br\/?p=87123","title":{"rendered":"Prefeitura de Feira garante 70% das atra\u00e7\u00f5es juninas com artistas locais nos festejos de S\u00e3o Jo\u00e3o e S\u00e3o Pedro"},"content":{"rendered":"<div>\n<div>\n<figure><img decoding=\"async\" src=\"http:\/\/noticiasbahia360.com.br\/wp-content\/uploads\/2025\/05\/Sao-Pedro-de-Humildes-foto-Jorge-Magalhaes-1A-16.jpg\" alt=\"S\u00e3o Pedro de Humildes\"><figcaption>Foto: Jorge Magalh\u00e3es\/Secom<\/figcaption><\/figure>\n<\/div>\n<p>Pelo menos 70% das atra\u00e7\u00f5es que v\u00e3o animar os festejos juninos em Feira de Santana ser\u00e3o exclusivamente de cantores feirenses. A decis\u00e3o est\u00e1 sendo anunciada pelo governo do prefeito Jos\u00e9 Ronaldo. Os cantores e bandas feirenses interessados em participar dos shows de S\u00e3o Jo\u00e3o e S\u00e3o Pedro devem se inscrever por meio de um link que ser\u00e1 disponibilizado no site da Prefeitura (<a href=\"http:\/\/www.feiradesantana.ba.gov.br\/\" target=\"_blank\" rel=\"noreferrer noopener\">www.feiradesantana.ba.gov.br<\/a>), a partir desta sexta-feira (23) at\u00e9 o pr\u00f3ximo dia 3 de junho.<\/p>\n<p>O diretor do Departamento de Eventos da Secretaria Municipal de Cultura, Esporte e Lazer (Secel), Naron Vasconcelos, informa que as atra\u00e7\u00f5es feirenses interessadas em participar dos festejos juninos dever\u00e3o comprovar que s\u00e3o da cidade. \u201cAl\u00e9m da inscri\u00e7\u00e3o, tamb\u00e9m dever\u00e3o encaminhar documenta\u00e7\u00e3o comprobat\u00f3ria\u201d, destacou.<\/p>\n<p>Naron Vasconcelos informa ainda que, nos festejos deste ano, a Prefeitura vai contratar 70% de atra\u00e7\u00f5es de bandas locais e os outros 30% de bandas de fora.<\/p>\n<figure class=\"wp-block-image size-large\"><img fetchpriority=\"high\" fetchpriority=\"high\" decoding=\"async\" width=\"1024\" height=\"607\" sizes=\"(max-width: 1024px) 100vw, 1024px\" src=\"http:\/\/noticiasbahia360.com.br\/wp-content\/uploads\/2025\/05\/aH96KDZd-Naron-Vasconcelos-ft-paulo-jose-acorda-cidade-1024x607-1.webp\" alt=\"Naron Vasconcelos Diretor de eventos explica aus\u00eancia de coletivo de bloco quilombos na Micareta de Feira\" class=\"wp-image-509692\" srcset=\"https:\/\/uploads.acordacidade.com.br\/2025\/03\/aH96KDZd-Naron-Vasconcelos-ft-paulo-jose-acorda-cidade-300x178.webp 300w, http:\/\/noticiasbahia360.com.br\/wp-content\/uploads\/2025\/05\/aH96KDZd-Naron-Vasconcelos-ft-paulo-jose-acorda-cidade-1024x607-1.webp 1024w, https:\/\/uploads.acordacidade.com.br\/2025\/03\/aH96KDZd-Naron-Vasconcelos-ft-paulo-jose-acorda-cidade-768x456.webp 768w, https:\/\/uploads.acordacidade.com.br\/2025\/03\/aH96KDZd-Naron-Vasconcelos-ft-paulo-jose-acorda-cidade-1536x911.webp 1536w, https:\/\/uploads.acordacidade.com.br\/2025\/03\/aH96KDZd-Naron-Vasconcelos-ft-paulo-jose-acorda-cidade-150x89.webp 150w, https:\/\/uploads.acordacidade.com.br\/2025\/03\/aH96KDZd-Naron-Vasconcelos-ft-paulo-jose-acorda-cidade.webp 1920w\"><figcaption class=\"wp-element-caption\">Naron Vasconcelos<br \/>\n | Foto: Paulo Jos\u00e9\/Acorda Cidade<\/figcaption><\/figure>\n<p>A grade de atra\u00e7\u00f5es ser\u00e1 distribu\u00edda entre os festejos de S\u00e3o Jo\u00e3o e os de S\u00e3o Pedro, duas fortes tradi\u00e7\u00f5es em Feira de Santana. \u201cNossa expectativa \u00e9 contratar cerca de 70 atra\u00e7\u00f5es, entre cantores e bandas\u201d, revelou Naron Vasconcelos.<\/p>\n<p>Os festejos de S\u00e3o Jo\u00e3o ser\u00e3o comemorados com festa nos distritos de Maria Quit\u00e9ria (dias 21, 22 e 23 de junho) e em Tiquaru\u00e7u (23 e 24 de junho). J\u00e1 os festejos de S\u00e3o Pedro ocorrer\u00e3o nos distritos de Humildes (27, 28 e 29 de junho), Bonfim de Feira (28 e 29 de junho) e Ja\u00edba (28 e 29 de junho).<\/p>\n<p>Al\u00e9m dessas localidades, a Prefeitura tamb\u00e9m vai contemplar com festejos juninos a sede do distrito de Jaguara e o povoado de Morrinhos, em datas ainda a serem definidas.<\/p>\n<p><em>Com informa\u00e7\u00f5es da Secretaria Municipal de Comunica\u00e7\u00e3o Social (Secom)<\/em><\/p>\n<p><em>Siga o Acorda Cidade no<\/em><a href=\"https:\/\/news.google.com\/search?q=acorda%20cidade&amp;hl=pt-BR&amp;gl=BR&amp;ceid=BR%3Apt-419\"><strong><em>\u00a0Google Not\u00edcias<\/em><\/strong><\/a><em>\u00a0e receba os principais destaques do dia. Participe tamb\u00e9m dos nossos canais no\u00a0<\/em><a href=\"https:\/\/www.whatsapp.com\/channel\/0029Va6Rb4v3WHTNnsh8WI3N\"><strong><em>WhatsApp<\/em><\/strong><\/a><em>\u00a0e\u00a0<\/em><a href=\"https:\/\/www.youtube.com\/@acordacidadenoticias\/videos\"><strong>Youtube<\/strong><\/a><em>\u00a0e grupo de\u00a0<\/em><a href=\"https:\/\/t.me\/+sSz0khrgARA0ZmRh\"><strong><em>Telegram<\/em><\/strong><\/a><em>.<\/em><\/p>\n<\/div>\n","protected":false},"excerpt":{"rendered":"<div>\n<div>\n<figure><img decoding=\"async\" src=\"https:\/\/www.acordacidade.com.br\/wp-content\/uploads\/2024\/06\/Sao-Pedro-de-Humildes-foto-Jorge-Magalhaes-1A-16.jpg\" alt=\"S\u00e3o Pedro de Humildes\"><figcaption>Foto: Jorge Magalh\u00e3es\/Secom<\/figcaption><\/figure>\n<\/div>\n<p>Naron Vasconcelos informou que as atra\u00e7\u00f5es interessadas em participar dos festejos juninos dever\u00e3o comprovar que s\u00e3o da cidade.<\/p><\/div>\n","protected":false},"author":1,"featured_media":87124,"comment_status":"closed","ping_status":"closed","sticky":false,"template":"","format":"gallery","meta":{"footnotes":""},"categories":[8,9,6,57,56,10],"tags":[],"class_list":["post-87123","post","type-post","status-publish","format-gallery","has-post-thumbnail","hentry","category-bahia","category-brasil","category-feira-de-santana","category-mundo","category-policia","category-politica","post_format-post-format-gallery"],"featured_image_urls":{"full":["https:\/\/noticiasbahia360.com.br\/wp-content\/uploads\/2025\/05\/Sao-Pedro-de-Humildes-foto-Jorge-Magalhaes-1A-16.jpg",640,425,false],"thumbnail":["https:\/\/noticiasbahia360.com.br\/wp-content\/uploads\/2025\/05\/Sao-Pedro-de-Humildes-foto-Jorge-Magalhaes-1A-16-150x150.jpg",150,150,true],"medium":["https:\/\/noticiasbahia360.com.br\/wp-content\/uploads\/2025\/05\/Sao-Pedro-de-Humildes-foto-Jorge-Magalhaes-1A-16-300x199.jpg",300,199,true],"medium_large":["https:\/\/noticiasbahia360.com.br\/wp-content\/uploads\/2025\/05\/Sao-Pedro-de-Humildes-foto-Jorge-Magalhaes-1A-16.jpg",640,425,false],"large":["https:\/\/noticiasbahia360.com.br\/wp-content\/uploads\/2025\/05\/Sao-Pedro-de-Humildes-foto-Jorge-Magalhaes-1A-16.jpg",640,425,false],"1536x1536":["https:\/\/noticiasbahia360.com.br\/wp-content\/uploads\/2025\/05\/Sao-Pedro-de-Humildes-foto-Jorge-Magalhaes-1A-16.jpg",640,425,false],"2048x2048":["https:\/\/noticiasbahia360.com.br\/wp-content\/uploads\/2025\/05\/Sao-Pedro-de-Humildes-foto-Jorge-Magalhaes-1A-16.jpg",640,425,false],"chromenews-featured":["https:\/\/noticiasbahia360.com.br\/wp-content\/uploads\/2025\/05\/Sao-Pedro-de-Humildes-foto-Jorge-Magalhaes-1A-16.jpg",640,425,false],"chromenews-large":["https:\/\/noticiasbahia360.com.br\/wp-content\/uploads\/2025\/05\/Sao-Pedro-de-Humildes-foto-Jorge-Magalhaes-1A-16.jpg",640,425,false],"chromenews-medium":["https:\/\/noticiasbahia360.com.br\/wp-content\/uploads\/2025\/05\/Sao-Pedro-de-Humildes-foto-Jorge-Magalhaes-1A-16-590x410.jpg",590,410,true]},"author_info":{"display_name":"noticiasbahia360.com.br","author_link":"https:\/\/noticiasbahia360.com.br\/?author=1"},"category_info":"<a href=\"https:\/\/noticiasbahia360.com.br\/?cat=8\" rel=\"category\">Bahia<\/a> <a href=\"https:\/\/noticiasbahia360.com.br\/?cat=9\" rel=\"category\">Brasil<\/a> <a href=\"https:\/\/noticiasbahia360.com.br\/?cat=6\" rel=\"category\">Feira de Santana<\/a> <a href=\"https:\/\/noticiasbahia360.com.br\/?cat=57\" rel=\"category\">Mundo<\/a> <a href=\"https:\/\/noticiasbahia360.com.br\/?cat=56\" rel=\"category\">Pol\u00edcia<\/a> <a href=\"https:\/\/noticiasbahia360.com.br\/?cat=10\" rel=\"category\">Pol\u00edtica<\/a>","tag_info":"Pol\u00edtica","comment_count":"0","_links":{"self":[{"href":"https:\/\/noticiasbahia360.com.br\/index.php?rest_route=\/wp\/v2\/posts\/87123","targetHints":{"allow":["GET"]}}],"collection":[{"href":"https:\/\/noticiasbahia360.com.br\/index.php?rest_route=\/wp\/v2\/posts"}],"about":[{"href":"https:\/\/noticiasbahia360.com.br\/index.php?rest_route=\/wp\/v2\/types\/post"}],"author":[{"embeddable":true,"href":"https:\/\/noticiasbahia360.com.br\/index.php?rest_route=\/wp\/v2\/users\/1"}],"replies":[{"embeddable":true,"href":"https:\/\/noticiasbahia360.com.br\/index.php?rest_route=%2Fwp%2Fv2%2Fcomments&post=87123"}],"version-history":[{"count":0,"href":"https:\/\/noticiasbahia360.com.br\/index.php?rest_route=\/wp\/v2\/posts\/87123\/revisions"}],"wp:featuredmedia":[{"embeddable":true,"href":"https:\/\/noticiasbahia360.com.br\/index.php?rest_route=\/wp\/v2\/media\/87124"}],"wp:attachment":[{"href":"https:\/\/noticiasbahia360.com.br\/index.php?rest_route=%2Fwp%2Fv2%2Fmedia&parent=87123"}],"wp:term":[{"taxonomy":"category","embeddable":true,"href":"https:\/\/noticiasbahia360.com.br\/index.php?rest_route=%2Fwp%2Fv2%2Fcategories&post=87123"},{"taxonomy":"post_tag","embeddable":true,"href":"https:\/\/noticiasbahia360.com.br\/index.php?rest_route=%2Fwp%2Fv2%2Ftags&post=87123"}],"curies":[{"name":"wp","href":"https:\/\/api.w.org\/{rel}","templated":true}]}}