{"id":87126,"date":"2025-05-22T17:45:07","date_gmt":"2025-05-22T20:45:07","guid":{"rendered":"https:\/\/noticiasbahia360.com.br\/?p=87126"},"modified":"2025-05-22T17:45:07","modified_gmt":"2025-05-22T20:45:07","slug":"vacinacao-contra-a-gripe-tera-acoes-nesta-sexta-e-sabado-em-feira-de-santana","status":"publish","type":"post","link":"https:\/\/noticiasbahia360.com.br\/?p=87126","title":{"rendered":"Vacina\u00e7\u00e3o contra a gripe ter\u00e1 a\u00e7\u00f5es nesta sexta e s\u00e1bado em Feira de Santana"},"content":{"rendered":"<div>\n<div>\n<figure><img decoding=\"async\" src=\"http:\/\/noticiasbahia360.com.br\/wp-content\/uploads\/2025\/05\/0JsRrPEN-Vacinacao-contra-gripe-e-ampliada-para-publico-acima-de-6-meses-foto-Thiago-Paixao-22-2.webp\" alt=\"Secretaria de Sa\u00fade orienta foli\u00f5es a atualizar a caderneta de vacina vacina\u00e7\u00e3o\"><figcaption>Foto: Thiago Paix\u00e3o<\/figcaption><\/figure>\n<\/div>\n<p>A Secretaria Municipal de Sa\u00fade (SMS) intensificou as estrat\u00e9gias para garantir o acesso da popula\u00e7\u00e3o \u00e0 <a href=\"https:\/\/www.acordacidade.com.br\/tag\/vacinacao-contra-a-gripe\/\">vacina\u00e7\u00e3o contra a gripe<\/a>. Nesta sexta-feira (23) ser\u00e1 realizada uma a\u00e7\u00e3o voltada para professores da rede municipal, das 7h30 \u00e0s 10h30, na sede da Secretaria de Educa\u00e7\u00e3o. Os docentes poder\u00e3o, inclusive, levar seus filhos para serem imunizados.<\/p>\n<p>J\u00e1 no s\u00e1bado (24), a vacina\u00e7\u00e3o ser\u00e1 levada para o Shopping Avenida, localizado na avenida Noide Cerqueira, das 8h \u00e0s 20h.<\/p>\n<p>A iniciativa busca atender pessoas que enfrentam dificuldades para se vacinar durante o hor\u00e1rio comercial. Desde a \u00faltima ter\u00e7a-feira (20), a campanha de vacina\u00e7\u00e3o contra a influenza foi ampliada para toda a popula\u00e7\u00e3o acima dos seis meses de idade.<\/p>\n<p>De acordo com a Vigil\u00e2ncia de Controle Epidemiol\u00f3gico, desde o in\u00edcio da campanha, em 31 de mar\u00e7o, at\u00e9 esta quarta-feira (20), j\u00e1 foram aplicadas 56.389 doses no munic\u00edpio.<\/p>\n<p>\u201cA vacina\u00e7\u00e3o protege n\u00e3o apenas quem recebe a dose, mas tamb\u00e9m outras pessoas, j\u00e1 que impede a transmiss\u00e3o do v\u00edrus. Cada aplica\u00e7\u00e3o \u00e9 essencial para reduzir os casos da doen\u00e7a e, principalmente, as hospitaliza\u00e7\u00f5es e os \u00f3bitos\u201d, destaca o secret\u00e1rio municipal de Sa\u00fade, Rodrigo Matos.<\/p>\n<p>Para ter acesso \u00e0 vacina\u00e7\u00e3o \u00e9 necess\u00e1rio levar o cart\u00e3o de imuniza\u00e7\u00e3o, documento de identidade e cart\u00e3o SUS.\u00a0<\/p>\n<p>\u201cEssa \u00e9 uma vacina segura, gratuita e de f\u00e1cil acesso. A gripe \u00e9 uma doen\u00e7a preven\u00edvel\u201d, refor\u00e7a o secret\u00e1rio.<\/p>\n<p><em>Com informa\u00e7\u00f5es da Secretaria Municipal de Comunica\u00e7\u00e3o Social (Secom)<\/em><\/p>\n<p><em>Siga o Acorda Cidade no<\/em><a href=\"https:\/\/news.google.com\/search?q=acorda%20cidade&amp;hl=pt-BR&amp;gl=BR&amp;ceid=BR%3Apt-419\"><strong><em>\u00a0Google Not\u00edcias<\/em><\/strong><\/a><em>\u00a0e receba os principais destaques do dia. Participe tamb\u00e9m dos nossos canais no\u00a0<\/em><a href=\"https:\/\/www.whatsapp.com\/channel\/0029Va6Rb4v3WHTNnsh8WI3N\"><strong><em>WhatsApp<\/em><\/strong><\/a><em>\u00a0e\u00a0<\/em><a href=\"https:\/\/www.youtube.com\/@acordacidadenoticias\/videos\"><strong>Youtube<\/strong><\/a><em>\u00a0e grupo de\u00a0<\/em><a href=\"https:\/\/t.me\/+sSz0khrgARA0ZmRh\"><strong><em>Telegram<\/em><\/strong><\/a><em>.<\/em><\/p>\n<\/div>\n","protected":false},"excerpt":{"rendered":"<div>\n<div>\n<figure><img decoding=\"async\" src=\"https:\/\/uploads.acordacidade.com.br\/2025\/04\/0JsRrPEN-Vacinacao-contra-gripe-e-ampliada-para-publico-acima-de-6-meses-foto-Thiago-Paixao-22.webp\" alt=\"Secretaria de Sa\u00fade orienta foli\u00f5es a atualizar a caderneta de vacina vacina\u00e7\u00e3o\"><figcaption>Foto: Thiago Paix\u00e3o<\/figcaption><\/figure>\n<\/div>\n<p>Os docentes poder\u00e3o, inclusive, levar seus filhos para serem imunizados.<\/p><\/div>\n","protected":false},"author":1,"featured_media":87127,"comment_status":"closed","ping_status":"closed","sticky":false,"template":"","format":"gallery","meta":{"footnotes":""},"categories":[8,9,6,57,56,10],"tags":[],"class_list":["post-87126","post","type-post","status-publish","format-gallery","has-post-thumbnail","hentry","category-bahia","category-brasil","category-feira-de-santana","category-mundo","category-policia","category-politica","post_format-post-format-gallery"],"featured_image_urls":{"full":["https:\/\/noticiasbahia360.com.br\/wp-content\/uploads\/2025\/05\/0JsRrPEN-Vacinacao-contra-gripe-e-ampliada-para-publico-acima-de-6-meses-foto-Thiago-Paixao-22-2.webp",1200,719,false],"thumbnail":["https:\/\/noticiasbahia360.com.br\/wp-content\/uploads\/2025\/05\/0JsRrPEN-Vacinacao-contra-gripe-e-ampliada-para-publico-acima-de-6-meses-foto-Thiago-Paixao-22-2-150x150.webp",150,150,true],"medium":["https:\/\/noticiasbahia360.com.br\/wp-content\/uploads\/2025\/05\/0JsRrPEN-Vacinacao-contra-gripe-e-ampliada-para-publico-acima-de-6-meses-foto-Thiago-Paixao-22-2-300x180.webp",300,180,true],"medium_large":["https:\/\/noticiasbahia360.com.br\/wp-content\/uploads\/2025\/05\/0JsRrPEN-Vacinacao-contra-gripe-e-ampliada-para-publico-acima-de-6-meses-foto-Thiago-Paixao-22-2-768x460.webp",640,383,true],"large":["https:\/\/noticiasbahia360.com.br\/wp-content\/uploads\/2025\/05\/0JsRrPEN-Vacinacao-contra-gripe-e-ampliada-para-publico-acima-de-6-meses-foto-Thiago-Paixao-22-2-1024x614.webp",640,384,true],"1536x1536":["https:\/\/noticiasbahia360.com.br\/wp-content\/uploads\/2025\/05\/0JsRrPEN-Vacinacao-contra-gripe-e-ampliada-para-publico-acima-de-6-meses-foto-Thiago-Paixao-22-2.webp",1200,719,false],"2048x2048":["https:\/\/noticiasbahia360.com.br\/wp-content\/uploads\/2025\/05\/0JsRrPEN-Vacinacao-contra-gripe-e-ampliada-para-publico-acima-de-6-meses-foto-Thiago-Paixao-22-2.webp",1200,719,false],"chromenews-featured":["https:\/\/noticiasbahia360.com.br\/wp-content\/uploads\/2025\/05\/0JsRrPEN-Vacinacao-contra-gripe-e-ampliada-para-publico-acima-de-6-meses-foto-Thiago-Paixao-22-2-1024x614.webp",1024,614,true],"chromenews-large":["https:\/\/noticiasbahia360.com.br\/wp-content\/uploads\/2025\/05\/0JsRrPEN-Vacinacao-contra-gripe-e-ampliada-para-publico-acima-de-6-meses-foto-Thiago-Paixao-22-2-825x575.webp",825,575,true],"chromenews-medium":["https:\/\/noticiasbahia360.com.br\/wp-content\/uploads\/2025\/05\/0JsRrPEN-Vacinacao-contra-gripe-e-ampliada-para-publico-acima-de-6-meses-foto-Thiago-Paixao-22-2-590x410.webp",590,410,true]},"author_info":{"display_name":"noticiasbahia360.com.br","author_link":"https:\/\/noticiasbahia360.com.br\/?author=1"},"category_info":"<a href=\"https:\/\/noticiasbahia360.com.br\/?cat=8\" rel=\"category\">Bahia<\/a> <a href=\"https:\/\/noticiasbahia360.com.br\/?cat=9\" rel=\"category\">Brasil<\/a> <a href=\"https:\/\/noticiasbahia360.com.br\/?cat=6\" rel=\"category\">Feira de Santana<\/a> <a href=\"https:\/\/noticiasbahia360.com.br\/?cat=57\" rel=\"category\">Mundo<\/a> <a href=\"https:\/\/noticiasbahia360.com.br\/?cat=56\" rel=\"category\">Pol\u00edcia<\/a> <a href=\"https:\/\/noticiasbahia360.com.br\/?cat=10\" rel=\"category\">Pol\u00edtica<\/a>","tag_info":"Pol\u00edtica","comment_count":"0","_links":{"self":[{"href":"https:\/\/noticiasbahia360.com.br\/index.php?rest_route=\/wp\/v2\/posts\/87126","targetHints":{"allow":["GET"]}}],"collection":[{"href":"https:\/\/noticiasbahia360.com.br\/index.php?rest_route=\/wp\/v2\/posts"}],"about":[{"href":"https:\/\/noticiasbahia360.com.br\/index.php?rest_route=\/wp\/v2\/types\/post"}],"author":[{"embeddable":true,"href":"https:\/\/noticiasbahia360.com.br\/index.php?rest_route=\/wp\/v2\/users\/1"}],"replies":[{"embeddable":true,"href":"https:\/\/noticiasbahia360.com.br\/index.php?rest_route=%2Fwp%2Fv2%2Fcomments&post=87126"}],"version-history":[{"count":0,"href":"https:\/\/noticiasbahia360.com.br\/index.php?rest_route=\/wp\/v2\/posts\/87126\/revisions"}],"wp:featuredmedia":[{"embeddable":true,"href":"https:\/\/noticiasbahia360.com.br\/index.php?rest_route=\/wp\/v2\/media\/87127"}],"wp:attachment":[{"href":"https:\/\/noticiasbahia360.com.br\/index.php?rest_route=%2Fwp%2Fv2%2Fmedia&parent=87126"}],"wp:term":[{"taxonomy":"category","embeddable":true,"href":"https:\/\/noticiasbahia360.com.br\/index.php?rest_route=%2Fwp%2Fv2%2Fcategories&post=87126"},{"taxonomy":"post_tag","embeddable":true,"href":"https:\/\/noticiasbahia360.com.br\/index.php?rest_route=%2Fwp%2Fv2%2Ftags&post=87126"}],"curies":[{"name":"wp","href":"https:\/\/api.w.org\/{rel}","templated":true}]}}