{"id":87128,"date":"2025-05-22T18:51:17","date_gmt":"2025-05-22T21:51:17","guid":{"rendered":"https:\/\/noticiasbahia360.com.br\/?p=87128"},"modified":"2025-05-22T18:51:17","modified_gmt":"2025-05-22T21:51:17","slug":"homem-baleado-dentro-de-casa-em-santanopolis-morre-apos-um-mes-internado-no-cleriston-andrade","status":"publish","type":"post","link":"https:\/\/noticiasbahia360.com.br\/?p=87128","title":{"rendered":"Homem baleado dentro de casa em Santan\u00f3polis morre ap\u00f3s um m\u00eas internado no Cl\u00e9riston Andrade"},"content":{"rendered":"<div>\n<div>\n<figure><img decoding=\"async\" src=\"http:\/\/noticiasbahia360.com.br\/wp-content\/uploads\/2025\/05\/emergencia-HGCA-foto-Ney-Silva-Acorda-Cidade1.jpg\" alt=\"emerg\u00eancia - HGCA\"><figcaption>Foto: Ney Silva\/Acorda Cidade <\/figcaption><\/figure>\n<\/div>\n<p>Um homem de 31 anos morreu na tarde desta quinta-feira (22), no Hospital Geral Cl\u00e9riston Andrade (<a href=\"https:\/\/www.acordacidade.com.br\/tag\/hgca\/\">HGCA<\/a>), em Feira de Santana, ap\u00f3s passar pouco mais de um m\u00eas internado. A v\u00edtima, identificada como Wesley Carvalho dos Santos, foi baleada dentro de casa no povoado Fazenda Sobrado, na cidade de Santan\u00f3polis, no dia 20 de abril.<\/p>\n<p>De acordo com informa\u00e7\u00f5es repassadas pela m\u00e3e da v\u00edtima, Ednalva Carvalho, um homem invadiu a resid\u00eancia e efetuou diversos disparos contra Wesley. Ap\u00f3s ser socorrido por uma ambul\u00e2ncia, ele foi encaminhado para o HGCA, onde permanecia internado desde ent\u00e3o, mas n\u00e3o resistiu aos ferimentos e morreu por volta das 14h30 desta quinta (22).<\/p>\n<p>O caso foi registrado pela 1\u00aa Coordenadoria de Pol\u00edcia do Interior (Coorpin), em Feira de Santana, e ser\u00e1 investigado. As circunst\u00e2ncias e a motiva\u00e7\u00e3o do crime ainda s\u00e3o desconhecidas.<\/p>\n<p>O Departamento de Pol\u00edcia T\u00e9cnica (DPT) foi acionado para realizar a remo\u00e7\u00e3o do corpo e os procedimentos de per\u00edcia.<\/p>\n<p><em>Com informa\u00e7\u00f5es do rep\u00f3rter Ed Santos do Acorda Cidade<\/em><\/p>\n<p><em>Siga o Acorda Cidade no<\/em><a href=\"https:\/\/news.google.com\/search?q=acorda%20cidade&amp;hl=pt-BR&amp;gl=BR&amp;ceid=BR%3Apt-419\"><strong><em>\u00a0Google Not\u00edcias<\/em><\/strong><\/a><em>\u00a0e receba os principais destaques do dia. Participe tamb\u00e9m dos nossos canais no\u00a0<\/em><a href=\"https:\/\/www.whatsapp.com\/channel\/0029Va6Rb4v3WHTNnsh8WI3N\"><strong><em>WhatsApp<\/em><\/strong><\/a><em>\u00a0e\u00a0<\/em><a href=\"https:\/\/www.youtube.com\/@acordacidadenoticias\/videos\"><strong>Youtube<\/strong><\/a><em>\u00a0e grupo de\u00a0<\/em><a href=\"https:\/\/t.me\/+sSz0khrgARA0ZmRh\"><strong><em>Telegram<\/em><\/strong><\/a><em>.<\/em><\/p>\n<\/div>\n","protected":false},"excerpt":{"rendered":"<div>\n<div>\n<figure><img decoding=\"async\" src=\"https:\/\/uploads.acordacidade.com.br\/wp-content\/uploads\/2024\/03\/13094859\/emergencia-HGCA-foto-Ney-Silva-Acorda-Cidade1.jpg\" alt=\"emerg\u00eancia - HGCA\"><figcaption>Foto: Ney Silva\/Acorda Cidade <\/figcaption><\/figure>\n<\/div>\n<p>A v\u00edtima foi identificada como Wesley Carvalho dos Santos, de 31 anos.<\/p><\/div>\n","protected":false},"author":1,"featured_media":87129,"comment_status":"closed","ping_status":"closed","sticky":false,"template":"","format":"gallery","meta":{"footnotes":""},"categories":[8,9,6,57,56,10],"tags":[],"class_list":["post-87128","post","type-post","status-publish","format-gallery","has-post-thumbnail","hentry","category-bahia","category-brasil","category-feira-de-santana","category-mundo","category-policia","category-politica","post_format-post-format-gallery"],"featured_image_urls":{"full":["https:\/\/noticiasbahia360.com.br\/wp-content\/uploads\/2025\/05\/emergencia-HGCA-foto-Ney-Silva-Acorda-Cidade1.jpg",640,321,false],"thumbnail":["https:\/\/noticiasbahia360.com.br\/wp-content\/uploads\/2025\/05\/emergencia-HGCA-foto-Ney-Silva-Acorda-Cidade1-150x150.jpg",150,150,true],"medium":["https:\/\/noticiasbahia360.com.br\/wp-content\/uploads\/2025\/05\/emergencia-HGCA-foto-Ney-Silva-Acorda-Cidade1-300x150.jpg",300,150,true],"medium_large":["https:\/\/noticiasbahia360.com.br\/wp-content\/uploads\/2025\/05\/emergencia-HGCA-foto-Ney-Silva-Acorda-Cidade1.jpg",640,321,false],"large":["https:\/\/noticiasbahia360.com.br\/wp-content\/uploads\/2025\/05\/emergencia-HGCA-foto-Ney-Silva-Acorda-Cidade1.jpg",640,321,false],"1536x1536":["https:\/\/noticiasbahia360.com.br\/wp-content\/uploads\/2025\/05\/emergencia-HGCA-foto-Ney-Silva-Acorda-Cidade1.jpg",640,321,false],"2048x2048":["https:\/\/noticiasbahia360.com.br\/wp-content\/uploads\/2025\/05\/emergencia-HGCA-foto-Ney-Silva-Acorda-Cidade1.jpg",640,321,false],"chromenews-featured":["https:\/\/noticiasbahia360.com.br\/wp-content\/uploads\/2025\/05\/emergencia-HGCA-foto-Ney-Silva-Acorda-Cidade1.jpg",640,321,false],"chromenews-large":["https:\/\/noticiasbahia360.com.br\/wp-content\/uploads\/2025\/05\/emergencia-HGCA-foto-Ney-Silva-Acorda-Cidade1.jpg",640,321,false],"chromenews-medium":["https:\/\/noticiasbahia360.com.br\/wp-content\/uploads\/2025\/05\/emergencia-HGCA-foto-Ney-Silva-Acorda-Cidade1-590x321.jpg",590,321,true]},"author_info":{"display_name":"noticiasbahia360.com.br","author_link":"https:\/\/noticiasbahia360.com.br\/?author=1"},"category_info":"<a href=\"https:\/\/noticiasbahia360.com.br\/?cat=8\" rel=\"category\">Bahia<\/a> <a href=\"https:\/\/noticiasbahia360.com.br\/?cat=9\" rel=\"category\">Brasil<\/a> <a href=\"https:\/\/noticiasbahia360.com.br\/?cat=6\" rel=\"category\">Feira de Santana<\/a> <a href=\"https:\/\/noticiasbahia360.com.br\/?cat=57\" rel=\"category\">Mundo<\/a> <a href=\"https:\/\/noticiasbahia360.com.br\/?cat=56\" rel=\"category\">Pol\u00edcia<\/a> <a href=\"https:\/\/noticiasbahia360.com.br\/?cat=10\" rel=\"category\">Pol\u00edtica<\/a>","tag_info":"Pol\u00edtica","comment_count":"0","_links":{"self":[{"href":"https:\/\/noticiasbahia360.com.br\/index.php?rest_route=\/wp\/v2\/posts\/87128","targetHints":{"allow":["GET"]}}],"collection":[{"href":"https:\/\/noticiasbahia360.com.br\/index.php?rest_route=\/wp\/v2\/posts"}],"about":[{"href":"https:\/\/noticiasbahia360.com.br\/index.php?rest_route=\/wp\/v2\/types\/post"}],"author":[{"embeddable":true,"href":"https:\/\/noticiasbahia360.com.br\/index.php?rest_route=\/wp\/v2\/users\/1"}],"replies":[{"embeddable":true,"href":"https:\/\/noticiasbahia360.com.br\/index.php?rest_route=%2Fwp%2Fv2%2Fcomments&post=87128"}],"version-history":[{"count":0,"href":"https:\/\/noticiasbahia360.com.br\/index.php?rest_route=\/wp\/v2\/posts\/87128\/revisions"}],"wp:featuredmedia":[{"embeddable":true,"href":"https:\/\/noticiasbahia360.com.br\/index.php?rest_route=\/wp\/v2\/media\/87129"}],"wp:attachment":[{"href":"https:\/\/noticiasbahia360.com.br\/index.php?rest_route=%2Fwp%2Fv2%2Fmedia&parent=87128"}],"wp:term":[{"taxonomy":"category","embeddable":true,"href":"https:\/\/noticiasbahia360.com.br\/index.php?rest_route=%2Fwp%2Fv2%2Fcategories&post=87128"},{"taxonomy":"post_tag","embeddable":true,"href":"https:\/\/noticiasbahia360.com.br\/index.php?rest_route=%2Fwp%2Fv2%2Ftags&post=87128"}],"curies":[{"name":"wp","href":"https:\/\/api.w.org\/{rel}","templated":true}]}} 