{"id":87130,"date":"2025-05-22T18:51:19","date_gmt":"2025-05-22T21:51:19","guid":{"rendered":"https:\/\/noticiasbahia360.com.br\/?p=87130"},"modified":"2025-05-22T18:51:19","modified_gmt":"2025-05-22T21:51:19","slug":"greve-dos-servidores-do-judiciario-da-bahia-completa-15-dias-categoria-cobra-aprovacao-do-pccv-parado-na-alba","status":"publish","type":"post","link":"https:\/\/noticiasbahia360.com.br\/?p=87130","title":{"rendered":"Greve dos servidores do Judici\u00e1rio da Bahia completa 15 dias; categoria cobra aprova\u00e7\u00e3o do PCCV parado na Alba"},"content":{"rendered":"<div>\n<div>\n<figure><img decoding=\"async\" src=\"http:\/\/noticiasbahia360.com.br\/wp-content\/uploads\/2025\/05\/aeWFuB2O-Greve-dos-servidores-do-Judiciario-da-Bahia-ft-ed-santos-acorda-cidade.webp\" alt=\"greve dos servidores\"><figcaption>Foto: Ed Santos\/Acorda Cidade<\/figcaption><\/figure>\n<\/div>\n<p>Os servidores do Judici\u00e1rio da Bahia est\u00e3o em greve geral por tempo indeterminado h\u00e1 15 dias. A paralisa\u00e7\u00e3o atinge todas as comarcas do estado e tem como principal motivo a cobran\u00e7a pela aprova\u00e7\u00e3o e implementa\u00e7\u00e3o do novo <strong>Plano de Cargos, Carreiras e Vencimentos (PCCV)<\/strong>, que est\u00e1 h\u00e1 mais de oito meses parado na Assembleia Legislativa da Bahia (Alba). A greve foi deflagrada no \u00faltimo dia 7 de maio, ap\u00f3s Assembleia Geral Extraordin\u00e1ria da categoria.<\/p>\n<p>De acordo com Jair de Jesus, delegado sindical do Sinpojud (<strong>Sindicato dos Sercidores do Poder Judici\u00e1rio do Estado da Bahia<\/strong>), o movimento foi a \u00fanica alternativa diante da falta de avan\u00e7os nas negocia\u00e7\u00f5es.<\/p>\n<p>\u201cEstamos negociando com o Tribunal, com o governo estadual, at\u00e9 com a Assembleia, h\u00e1 cerca de 3, 4 anos para reposi\u00e7\u00e3o salarial. N\u00e3o \u00e9 greve para aumento, \u00e9 reposi\u00e7\u00e3o. N\u00f3s tivemos esse per\u00edodo de oito anos, o senhor Rui Costa estava a\u00ed, n\u00f3s n\u00e3o tivemos a reposi\u00e7\u00e3o salarial, e isso defasou em 53% at\u00e9 o ano de 2023, segundo o Dieese (Departamento Intersindical de Estat\u00edstica e Estudos Socioecon\u00f4micos)\u201d, explicou.<\/p>\n<p>Ao Acorda Cidade, Jair detalhou que o Projeto de Lei n\u00ba 25.491\/2024 foi aprovado pelo Tribunal de Justi\u00e7a, que, inclusive, sugeriu uma implementa\u00e7\u00e3o em oito anos \u2014 em vez de cinco, como era previsto inicialmente \u2014 e encaminhou \u00e0 Alba, onde segue sem movimenta\u00e7\u00e3o desde agosto de 2024.<\/p>\n<p>O representante sindical destaca que o avan\u00e7o mais recente foi a acolhida oficial do projeto pela atual presidente da Alba na \u00faltima ter\u00e7a (20), ap\u00f3s press\u00e3o dos servidores.<\/p>\n<p>\u201cAgora \u00e9 passar pelas comiss\u00f5es. Se tiver acordo entre as lideran\u00e7as, \u00e9 at\u00e9 mais r\u00e1pido, mas at\u00e9 agora ainda n\u00e3o se ouviu falar, e o sindicato est\u00e1 em cima tentando que isso aconte\u00e7a.\u201d<\/p>\n<h2 class=\"wp-block-heading\" id=\"h-servicos-essenciais-estao-mantidos\">Servi\u00e7os essenciais est\u00e3o mantidos<\/h2>\n<p>A greve atinge todas as comarcas do estado, mas os servi\u00e7os considerados urgentes seguem funcionando. \u201cEstamos atendendo \u00e0s urg\u00eancias, porque n\u00e3o podemos deixar sem atender. Todos os funcion\u00e1rios v\u00eam para o setor de trabalho e s\u00f3 v\u00e3o fazer as emerg\u00eancias\u201d, explicou Jair.<\/p>\n<p>Entre os servi\u00e7os que continuam sendo realizados est\u00e3o liminares de sa\u00fade, alvar\u00e1s de alimentos e habilita\u00e7\u00f5es processuais. \u201cIsso tudo \u00e9 enquadrado como urg\u00eancia e est\u00e1 sendo feito\u201d, refor\u00e7a.<\/p>\n<p>Jair tamb\u00e9m comentou a atua\u00e7\u00e3o da OAB, em meio \u00e0 paralisa\u00e7\u00e3o, que realizou um pedido para que fosse respeitado 60% dos servi\u00e7os, medida que foi concedida por meio de liminar.<\/p>\n<figure class=\"wp-block-image size-large\"><img fetchpriority=\"high\" data-dominant-color=\"b8b7b6\" data-has-transparency=\"false\" style=\"--dominant-color: #b8b7b6;\" fetchpriority=\"high\" decoding=\"async\" width=\"1024\" height=\"673\" sizes=\"(max-width: 1024px) 100vw, 1024px\" src=\"http:\/\/noticiasbahia360.com.br\/wp-content\/uploads\/2025\/05\/yldZNMzf-Greve-dos-servidores-do-Judiciario-da-Bahia-Jair-de-Jesus-presidente-do-Sindpojud-ft-ed-santos-acorda-cidade-1024x673-1.webp\" alt=\"Jair de Jesus - presidente do Sindpojud\" class=\"wp-image-556708 not-transparent\" srcset=\"https:\/\/uploads.acordacidade.com.br\/2025\/05\/yldZNMzf-Greve-dos-servidores-do-Judiciario-da-Bahia-Jair-de-Jesus-presidente-do-Sindpojud-ft-ed-santos-acorda-cidade-300x197.webp 300w, http:\/\/noticiasbahia360.com.br\/wp-content\/uploads\/2025\/05\/yldZNMzf-Greve-dos-servidores-do-Judiciario-da-Bahia-Jair-de-Jesus-presidente-do-Sindpojud-ft-ed-santos-acorda-cidade-1024x673-1.webp 1024w, https:\/\/uploads.acordacidade.com.br\/2025\/05\/yldZNMzf-Greve-dos-servidores-do-Judiciario-da-Bahia-Jair-de-Jesus-presidente-do-Sindpojud-ft-ed-santos-acorda-cidade-768x505.webp 768w, https:\/\/uploads.acordacidade.com.br\/2025\/05\/yldZNMzf-Greve-dos-servidores-do-Judiciario-da-Bahia-Jair-de-Jesus-presidente-do-Sindpojud-ft-ed-santos-acorda-cidade-150x99.webp 150w, https:\/\/uploads.acordacidade.com.br\/2025\/05\/yldZNMzf-Greve-dos-servidores-do-Judiciario-da-Bahia-Jair-de-Jesus-presidente-do-Sindpojud-ft-ed-santos-acorda-cidade.webp 1200w\"><figcaption class=\"wp-element-caption\">Foto: Ed Santos\/Acorda Cidade<\/figcaption><\/figure>\n<p>\u201cN\u00e3o queremos, de jeito nenhum, atrapalhar a popula\u00e7\u00e3o. N\u00f3s estamos mostrando que somos uma classe importante e devemos ser respeitados. Os servidores s\u00e3o parceiros dos advogados. N\u00f3s n\u00e3o queremos, de jeito nenhum, que advogados sejam prejudicados, at\u00e9 porque eles tamb\u00e9m t\u00eam que sustentar suas fam\u00edlias. O que n\u00f3s queremos \u00e9 s\u00f3 tamb\u00e9m sustentar a nossa fam\u00edlia\u201d, declarou em entrevista ao Acorda Cidade.<\/p>\n<figure class=\"wp-block-image size-full is-resized\"><img data-dominant-color=\"80858f\" data-has-transparency=\"false\" decoding=\"async\" width=\"640\" height=\"427\" sizes=\"(max-width: 640px) 100vw, 640px\" src=\"http:\/\/noticiasbahia360.com.br\/wp-content\/uploads\/2025\/05\/b72ulHOj-Foto-Mateus-Pereira-GOVBA-696x46-ALBA.webp\" alt=\"Alba\" class=\"wp-image-484801 not-transparent\" style=\"--dominant-color: #80858f; width:840px;height:auto\" srcset=\"https:\/\/uploads.acordacidade.com.br\/2024\/12\/b72ulHOj-Foto-Mateus-Pereira-GOVBA-696x46-ALBA-300x200.webp 300w, https:\/\/uploads.acordacidade.com.br\/2024\/12\/b72ulHOj-Foto-Mateus-Pereira-GOVBA-696x46-ALBA-150x100.webp 150w, http:\/\/noticiasbahia360.com.br\/wp-content\/uploads\/2025\/05\/b72ulHOj-Foto-Mateus-Pereira-GOVBA-696x46-ALBA.webp 640w\"><figcaption class=\"wp-element-caption\">Foto: Mateus Pereira\/GOVBA<\/figcaption><\/figure>\n<p>Para ele, a diferen\u00e7a no tratamento de projetos semelhantes \u00e9 evidente. \u201cUm projeto de reajuste do Minist\u00e9rio P\u00fablico, por exemplo, foi colocado na Assembleia dia 30. Quando foi dia 6, j\u00e1 estava pautado. Foi recebido, passou pelas comiss\u00f5es e j\u00e1 estava pautado. E o nosso, desde agosto, sem nem ser recepcionado pela Alba.\u201d<\/p>\n<p>O \u00faltimo aumento real, segundo Jair, foi antes do governo de Rui Costa. \u201cDepois disso, com Jer\u00f4nimo, teve um linear, que foi a infla\u00e7\u00e3o do ano e s\u00f3.\u201d<\/p>\n<h2 class=\"wp-block-heading\" id=\"h-e-a-greve-ate-quando\">E a greve, at\u00e9 quando?<\/h2>\n<p>Segundo Jair, o movimento ser\u00e1 suspenso assim que houver sinaliza\u00e7\u00e3o concreta de que o projeto ser\u00e1 pautado na Alba.<\/p>\n<p>\u201cAssim que for sinalizado que o projeto vai ser pautado, que vai passar, n\u00f3s poderemos sentar, fazer uma assembleia e suspender a greve at\u00e9 ser tudo resolvido. N\u00f3s n\u00e3o queremos prejudicar ningu\u00e9m, mas tamb\u00e9m n\u00e3o queremos sair prejudicados. Queremos recompor nosso sal\u00e1rio\u201d, afirmou.<\/p>\n<p><em>Com informa\u00e7\u00f5es do rep\u00f3rter Ed Santos do Acorda Cidade<\/em><\/p>\n<p><em>Siga o Acorda Cidade no<\/em><a href=\"https:\/\/news.google.com\/search?q=acorda%20cidade&amp;hl=pt-BR&amp;gl=BR&amp;ceid=BR%3Apt-419\"><strong><em>\u00a0Google Not\u00edcias<\/em><\/strong><\/a><em>\u00a0e receba os principais destaques do dia. Participe tamb\u00e9m dos nossos canais no\u00a0<\/em><a href=\"https:\/\/www.whatsapp.com\/channel\/0029Va6Rb4v3WHTNnsh8WI3N\"><strong><em>WhatsApp<\/em><\/strong><\/a><em>\u00a0e\u00a0<\/em><a href=\"https:\/\/www.youtube.com\/@acordacidadenoticias\/videos\"><strong>Youtube<\/strong><\/a><em>\u00a0e grupo de\u00a0<\/em><a href=\"https:\/\/t.me\/+sSz0khrgARA0ZmRh\"><strong><em>Telegram<\/em><\/strong><\/a><em>.<\/em><\/p>\n<\/div>\n","protected":false},"excerpt":{"rendered":"<div>\n<div>\n<figure><img decoding=\"async\" src=\"https:\/\/uploads.acordacidade.com.br\/2025\/05\/aeWFuB2O-Greve-dos-servidores-do-Judiciario-da-Bahia-ft-ed-santos-acorda-cidade.webp\" alt=\"greve dos servidores\"><figcaption>Foto: Ed Santos\/Acorda Cidade<\/figcaption><\/figure>\n<\/div>\n<p>A greve atinge todas as comarcas do estado, mas os servi\u00e7os considerados urgentes seguem funcionando.<\/p><\/div>\n","protected":false},"author":1,"featured_media":87131,"comment_status":"closed","ping_status":"closed","sticky":false,"template":"","format":"gallery","meta":{"footnotes":""},"categories":[8,9,6,57,56,10],"tags":[],"class_list":["post-87130","post","type-post","status-publish","format-gallery","has-post-thumbnail","hentry","category-bahia","category-brasil","category-feira-de-santana","category-mundo","category-policia","category-politica","post_format-post-format-gallery"],"featured_image_urls":{"full":["https:\/\/noticiasbahia360.com.br\/wp-content\/uploads\/2025\/05\/aeWFuB2O-Greve-dos-servidores-do-Judiciario-da-Bahia-ft-ed-santos-acorda-cidade.webp",1200,864,false],"thumbnail":["https:\/\/noticiasbahia360.com.br\/wp-content\/uploads\/2025\/05\/aeWFuB2O-Greve-dos-servidores-do-Judiciario-da-Bahia-ft-ed-santos-acorda-cidade-150x150.webp",150,150,true],"medium":["https:\/\/noticiasbahia360.com.br\/wp-content\/uploads\/2025\/05\/aeWFuB2O-Greve-dos-servidores-do-Judiciario-da-Bahia-ft-ed-santos-acorda-cidade-300x216.webp",300,216,true],"medium_large":["https:\/\/noticiasbahia360.com.br\/wp-content\/uploads\/2025\/05\/aeWFuB2O-Greve-dos-servidores-do-Judiciario-da-Bahia-ft-ed-santos-acorda-cidade-768x553.webp",640,461,true],"large":["https:\/\/noticiasbahia360.com.br\/wp-content\/uploads\/2025\/05\/aeWFuB2O-Greve-dos-servidores-do-Judiciario-da-Bahia-ft-ed-santos-acorda-cidade-1024x737.webp",640,461,true],"1536x1536":["https:\/\/noticiasbahia360.com.br\/wp-content\/uploads\/2025\/05\/aeWFuB2O-Greve-dos-servidores-do-Judiciario-da-Bahia-ft-ed-santos-acorda-cidade.webp",1200,864,false],"2048x2048":["https:\/\/noticiasbahia360.com.br\/wp-content\/uploads\/2025\/05\/aeWFuB2O-Greve-dos-servidores-do-Judiciario-da-Bahia-ft-ed-santos-acorda-cidade.webp",1200,864,false],"chromenews-featured":["https:\/\/noticiasbahia360.com.br\/wp-content\/uploads\/2025\/05\/aeWFuB2O-Greve-dos-servidores-do-Judiciario-da-Bahia-ft-ed-santos-acorda-cidade-1024x737.webp",1024,737,true],"chromenews-large":["https:\/\/noticiasbahia360.com.br\/wp-content\/uploads\/2025\/05\/aeWFuB2O-Greve-dos-servidores-do-Judiciario-da-Bahia-ft-ed-santos-acorda-cidade-825x575.webp",825,575,true],"chromenews-medium":["https:\/\/noticiasbahia360.com.br\/wp-content\/uploads\/2025\/05\/aeWFuB2O-Greve-dos-servidores-do-Judiciario-da-Bahia-ft-ed-santos-acorda-cidade-590x410.webp",590,410,true]},"author_info":{"display_name":"noticiasbahia360.com.br","author_link":"https:\/\/noticiasbahia360.com.br\/?author=1"},"category_info":"<a href=\"https:\/\/noticiasbahia360.com.br\/?cat=8\" rel=\"category\">Bahia<\/a> <a href=\"https:\/\/noticiasbahia360.com.br\/?cat=9\" rel=\"category\">Brasil<\/a> <a href=\"https:\/\/noticiasbahia360.com.br\/?cat=6\" rel=\"category\">Feira de Santana<\/a> <a href=\"https:\/\/noticiasbahia360.com.br\/?cat=57\" rel=\"category\">Mundo<\/a> <a href=\"https:\/\/noticiasbahia360.com.br\/?cat=56\" rel=\"category\">Pol\u00edcia<\/a> <a href=\"https:\/\/noticiasbahia360.com.br\/?cat=10\" rel=\"category\">Pol\u00edtica<\/a>","tag_info":"Pol\u00edtica","comment_count":"0","_links":{"self":[{"href":"https:\/\/noticiasbahia360.com.br\/index.php?rest_route=\/wp\/v2\/posts\/87130","targetHints":{"allow":["GET"]}}],"collection":[{"href":"https:\/\/noticiasbahia360.com.br\/index.php?rest_route=\/wp\/v2\/posts"}],"about":[{"href":"https:\/\/noticiasbahia360.com.br\/index.php?rest_route=\/wp\/v2\/types\/post"}],"author":[{"embeddable":true,"href":"https:\/\/noticiasbahia360.com.br\/index.php?rest_route=\/wp\/v2\/users\/1"}],"replies":[{"embeddable":true,"href":"https:\/\/noticiasbahia360.com.br\/index.php?rest_route=%2Fwp%2Fv2%2Fcomments&post=87130"}],"version-history":[{"count":0,"href":"https:\/\/noticiasbahia360.com.br\/index.php?rest_route=\/wp\/v2\/posts\/87130\/revisions"}],"wp:featuredmedia":[{"embeddable":true,"href":"https:\/\/noticiasbahia360.com.br\/index.php?rest_route=\/wp\/v2\/media\/87131"}],"wp:attachment":[{"href":"https:\/\/noticiasbahia360.com.br\/index.php?rest_route=%2Fwp%2Fv2%2Fmedia&parent=87130"}],"wp:term":[{"taxonomy":"category","embeddable":true,"href":"https:\/\/noticiasbahia360.com.br\/index.php?rest_route=%2Fwp%2Fv2%2Fcategories&post=87130"},{"taxonomy":"post_tag","embeddable":true,"href":"https:\/\/noticiasbahia360.com.br\/index.php?rest_route=%2Fwp%2Fv2%2Ftags&post=87130"}],"curies":[{"name":"wp","href":"https:\/\/api.w.org\/{rel}","templated":true}]}}