{"id":87137,"date":"2025-05-22T19:19:40","date_gmt":"2025-05-22T22:19:40","guid":{"rendered":"https:\/\/noticiasbahia360.com.br\/?p=87137"},"modified":"2025-05-22T19:19:40","modified_gmt":"2025-05-22T22:19:40","slug":"14o-festival-de-sanfoneiros-reune-talentos-de-6-estados-em-feira-de-santana-nesta-sexta-23","status":"publish","type":"post","link":"https:\/\/noticiasbahia360.com.br\/?p=87137","title":{"rendered":"14\u00ba Festival de Sanfoneiros re\u00fane talentos de 6 estados em Feira de Santana nesta sexta (23)"},"content":{"rendered":"<div>\n<div>\n<figure><img decoding=\"async\" src=\"http:\/\/noticiasbahia360.com.br\/wp-content\/uploads\/2025\/05\/Festival-de-Sanfoneiros-ft-Thiago-Fonsceca-acorda-cidade.jpg\" alt=\"Festival de Sanfoneiros\"><figcaption>Foto: Arlindo Washington<\/figcaption><\/figure>\n<\/div>\n<p>A cidade de Feira de Santana receber\u00e1 no dia 23 de maio de 2025 a 14\u00aa edi\u00e7\u00e3o do Festival de Sanfoneiros, evento promovido pelo Centro Universit\u00e1rio de Cultura e Arte (Cuca), da Universidade Estadual de Feira de Santana (<a href=\"https:\/\/www.acordacidade.com.br\/tag\/uefs\/\">Uefs)<\/a>. <\/p>\n<p><strong>O evento ser\u00e1 realizado no Centro de Conven\u00e7\u00f5es de Feira de Santana, localizado na Rua Tupinamb\u00e1s, no bairro S\u00e3o Jo\u00e3o. A entrada \u00e9 gratuita, com a op\u00e7\u00e3o de doa\u00e7\u00e3o de 1 kg de alimento n\u00e3o perec\u00edvel. A programa\u00e7\u00e3o come\u00e7a \u00e0s 18h30.<\/strong><\/p>\n<p>Os port\u00f5es do Centro de Conven\u00e7\u00f5es ser\u00e3o abertos \u00e0s 17h30, e a partir desse hor\u00e1rio o p\u00fablico poder\u00e1 visitar a Feira de Saberes e Sabores da Uefs, que traz ao festival produtos artesanais e culin\u00e1ria t\u00edpica local, valorizando a economia criativa e os saberes populares da regi\u00e3o.<\/p>\n<p>Com o tema \u201cFus\u00f5es Sonoras\u201d, o Festival de Sanfoneiros deste ano prop\u00f5e um di\u00e1logo da sanfona com outros instrumentos musicais, explorando possibilidades variadas de instrumenta\u00e7\u00e3o. <strong>Entre os 53 inscritos, 39 tiveram inscri\u00e7\u00f5es homologadas, e 9 sanfoneiros de seis estados (Para\u00edba, Maranh\u00e3o, Paran\u00e1, Pernambuco, S\u00e3o Paulo e Cear\u00e1) foram selecionados para se apresentar no palco, representando diferentes regi\u00f5es do pa\u00eds.<\/strong><\/p>\n<h3 class=\"wp-block-heading\" id=\"h-sanfoneiros-selecionados\">Sanfoneiros selecionados:<\/h3>\n<p><strong>Categoria Nacional<\/strong><\/p>\n<ul class=\"wp-block-list\">\n<li>Rom\u00e1rio do Acordeon \u2013 Santa Rita (PB)<\/li>\n<li>Andrezinho \u2013 S\u00e3o Lu\u00eds (MA)<\/li>\n<li>Jean Panisson \u2013 Dois Vizinhos (PR)<\/li>\n<li>Andr\u00e9 Leal \u2013 Caruaru (PE)<\/li>\n<\/ul>\n<p><strong>Regional Nordestina | At\u00e9 8 baixos<\/strong><\/p>\n<ul class=\"wp-block-list\">\n<li>Luan dos 8 Baixos \u2013 S\u00e3o Bernardo do Campo (SP)<\/li>\n<li>Ivison \u2013 Caruaru (PE)<\/li>\n<\/ul>\n<p><strong>Regional Nordestina | Acima de 8 baixos<\/strong><\/p>\n<ul class=\"wp-block-list\">\n<li>Felipe Sanfoneiro \u2013 Antonina do Norte (CE)<\/li>\n<li>Angelo Gabriel \u2013 Jaboat\u00e3o (PE)<\/li>\n<\/ul>\n<p><strong>Infantojuvenil<\/strong><\/p>\n<ul class=\"wp-block-list\">\n<li>Arthur \u2013 Caruaru (PE)<\/li>\n<\/ul>\n<p>O evento contar\u00e1 ainda com apresenta\u00e7\u00f5es da banda Os Bambas do Nordeste, respons\u00e1vel pela abertura, e do Quinteto L\u00edvia Mattos, que far\u00e1 o encerramento.<\/p>\n<p>Em sua primeira apresenta\u00e7\u00e3o em Feira de Santana, a sanfoneira, cantora e compositora baiana L\u00edvia Mattos tamb\u00e9m participa do festival com o show \u201cApneia\u201d, baseado em seu \u00e1lbum de 2022. Conhecida por integrar elementos de ritmos nordestinos com cria\u00e7\u00f5es de outras linguagens, L\u00edvia se apresenta ao lado de um quarteto.<\/p>\n<p>O Festival de Sanfoneiros tem o apoio de diversas entidades, como Governo do Estado da Bahia (via SDE, Secult, SEC e Setur), Sesc Feira de Santana, TVE Bahia e setores internos da Uefs, como a TV Olhos D\u2019\u00c1gua, Ascom, Proad, Uninfra e a Feira de Saberes e Sabores, promovida pela Incubadora de Iniciativas de Economia Solid\u00e1ria da universidade.<\/p>\n<p><em>Siga o Acorda Cidade no<\/em><a href=\"https:\/\/news.google.com\/search?q=acorda%20cidade&amp;hl=pt-BR&amp;gl=BR&amp;ceid=BR%3Apt-419\"><strong><em> Google Not\u00edcias<\/em><\/strong><\/a><em> e receba os principais destaques do dia. Participe tamb\u00e9m dos nossos canais no <\/em><a href=\"https:\/\/whatsapp.com\/channel\/0029Va6Rb4v3WHTNnsh8WI3N\"><strong><em>WhatsApp<\/em><\/strong><\/a><em> e <\/em><a href=\"https:\/\/www.youtube.com\/@acordacidadenoticias\/videos\"><strong>YouTube<\/strong><\/a><em> e do grupo no <\/em><a href=\"https:\/\/t.me\/+sSz0khrgARA0ZmRh\"><strong><em>Telegram<\/em><\/strong><\/a><em>.<\/em><\/p>\n<\/div>\n","protected":false},"excerpt":{"rendered":"<div>\n<div>\n<figure><img decoding=\"async\" src=\"https:\/\/uploads.acordacidade.com.br\/wp-content\/uploads\/2024\/08\/08144655\/Festival-de-Sanfoneiros-ft-Thiago-Fonsceca-acorda-cidade.jpg\" alt=\"Festival de Sanfoneiros\"><figcaption>Foto: Arlindo Washington<\/figcaption><\/figure>\n<\/div>\n<p>O Festival de Sanfoneiros ser\u00e1 realizado no Centro de Conven\u00e7\u00f5es de Feira de Santana, A entrada gratuita, mediante a entrega de 1kg de alimento.<\/p><\/div>\n","protected":false},"author":1,"featured_media":87138,"comment_status":"closed","ping_status":"closed","sticky":false,"template":"","format":"gallery","meta":{"footnotes":""},"categories":[8,9,6,57,56,10],"tags":[],"class_list":["post-87137","post","type-post","status-publish","format-gallery","has-post-thumbnail","hentry","category-bahia","category-brasil","category-feira-de-santana","category-mundo","category-policia","category-politica","post_format-post-format-gallery"],"featured_image_urls":{"full":["https:\/\/noticiasbahia360.com.br\/wp-content\/uploads\/2025\/05\/Festival-de-Sanfoneiros-ft-Thiago-Fonsceca-acorda-cidade.jpg",640,360,false],"thumbnail":["https:\/\/noticiasbahia360.com.br\/wp-content\/uploads\/2025\/05\/Festival-de-Sanfoneiros-ft-Thiago-Fonsceca-acorda-cidade-150x150.jpg",150,150,true],"medium":["https:\/\/noticiasbahia360.com.br\/wp-content\/uploads\/2025\/05\/Festival-de-Sanfoneiros-ft-Thiago-Fonsceca-acorda-cidade-300x169.jpg",300,169,true],"medium_large":["https:\/\/noticiasbahia360.com.br\/wp-content\/uploads\/2025\/05\/Festival-de-Sanfoneiros-ft-Thiago-Fonsceca-acorda-cidade.jpg",640,360,false],"large":["https:\/\/noticiasbahia360.com.br\/wp-content\/uploads\/2025\/05\/Festival-de-Sanfoneiros-ft-Thiago-Fonsceca-acorda-cidade.jpg",640,360,false],"1536x1536":["https:\/\/noticiasbahia360.com.br\/wp-content\/uploads\/2025\/05\/Festival-de-Sanfoneiros-ft-Thiago-Fonsceca-acorda-cidade.jpg",640,360,false],"2048x2048":["https:\/\/noticiasbahia360.com.br\/wp-content\/uploads\/2025\/05\/Festival-de-Sanfoneiros-ft-Thiago-Fonsceca-acorda-cidade.jpg",640,360,false],"chromenews-featured":["https:\/\/noticiasbahia360.com.br\/wp-content\/uploads\/2025\/05\/Festival-de-Sanfoneiros-ft-Thiago-Fonsceca-acorda-cidade.jpg",640,360,false],"chromenews-large":["https:\/\/noticiasbahia360.com.br\/wp-content\/uploads\/2025\/05\/Festival-de-Sanfoneiros-ft-Thiago-Fonsceca-acorda-cidade.jpg",640,360,false],"chromenews-medium":["https:\/\/noticiasbahia360.com.br\/wp-content\/uploads\/2025\/05\/Festival-de-Sanfoneiros-ft-Thiago-Fonsceca-acorda-cidade-590x360.jpg",590,360,true]},"author_info":{"display_name":"noticiasbahia360.com.br","author_link":"https:\/\/noticiasbahia360.com.br\/?author=1"},"category_info":"<a href=\"https:\/\/noticiasbahia360.com.br\/?cat=8\" rel=\"category\">Bahia<\/a> <a href=\"https:\/\/noticiasbahia360.com.br\/?cat=9\" rel=\"category\">Brasil<\/a> <a href=\"https:\/\/noticiasbahia360.com.br\/?cat=6\" rel=\"category\">Feira de Santana<\/a> <a href=\"https:\/\/noticiasbahia360.com.br\/?cat=57\" rel=\"category\">Mundo<\/a> <a href=\"https:\/\/noticiasbahia360.com.br\/?cat=56\" rel=\"category\">Pol\u00edcia<\/a> <a href=\"https:\/\/noticiasbahia360.com.br\/?cat=10\" rel=\"category\">Pol\u00edtica<\/a>","tag_info":"Pol\u00edtica","comment_count":"0","_links":{"self":[{"href":"https:\/\/noticiasbahia360.com.br\/index.php?rest_route=\/wp\/v2\/posts\/87137","targetHints":{"allow":["GET"]}}],"collection":[{"href":"https:\/\/noticiasbahia360.com.br\/index.php?rest_route=\/wp\/v2\/posts"}],"about":[{"href":"https:\/\/noticiasbahia360.com.br\/index.php?rest_route=\/wp\/v2\/types\/post"}],"author":[{"embeddable":true,"href":"https:\/\/noticiasbahia360.com.br\/index.php?rest_route=\/wp\/v2\/users\/1"}],"replies":[{"embeddable":true,"href":"https:\/\/noticiasbahia360.com.br\/index.php?rest_route=%2Fwp%2Fv2%2Fcomments&post=87137"}],"version-history":[{"count":0,"href":"https:\/\/noticiasbahia360.com.br\/index.php?rest_route=\/wp\/v2\/posts\/87137\/revisions"}],"wp:featuredmedia":[{"embeddable":true,"href":"https:\/\/noticiasbahia360.com.br\/index.php?rest_route=\/wp\/v2\/media\/87138"}],"wp:attachment":[{"href":"https:\/\/noticiasbahia360.com.br\/index.php?rest_route=%2Fwp%2Fv2%2Fmedia&parent=87137"}],"wp:term":[{"taxonomy":"category","embeddable":true,"href":"https:\/\/noticiasbahia360.com.br\/index.php?rest_route=%2Fwp%2Fv2%2Fcategories&post=87137"},{"taxonomy":"post_tag","embeddable":true,"href":"https:\/\/noticiasbahia360.com.br\/index.php?rest_route=%2Fwp%2Fv2%2Ftags&post=87137"}],"curies":[{"name":"wp","href":"https:\/\/api.w.org\/{rel}","templated":true}]}}