{"id":87141,"date":"2025-05-22T20:22:33","date_gmt":"2025-05-22T23:22:33","guid":{"rendered":"https:\/\/noticiasbahia360.com.br\/?p=87141"},"modified":"2025-05-22T20:22:33","modified_gmt":"2025-05-22T23:22:33","slug":"governo-do-estado-publica-editais-para-contratacao-de-bandas-artistas-e-grupos-nordestinos-para-festejos-juninos-2025","status":"publish","type":"post","link":"https:\/\/noticiasbahia360.com.br\/?p=87141","title":{"rendered":"Governo do Estado publica editais para contrata\u00e7\u00e3o de bandas, artistas e grupos nordestinos para festejos juninos 2025"},"content":{"rendered":"<div>\n<div>\n<figure><img decoding=\"async\" src=\"http:\/\/noticiasbahia360.com.br\/wp-content\/uploads\/2025\/05\/Sao-Joao-de-Conceicao-do-Almeida-Foto-Joa-SouzaGOVBA-1.jpg\" alt=\"S\u00e3o Jo\u00e3o de Concei\u00e7\u00e3o do Almeida - contrata\u00e7\u00e3o de bandas\"><figcaption>Foto: Jo\u00e1 Souza\/GOVBA<\/figcaption><\/figure>\n<\/div>\n<p>O Governo do Estado, por meio da Superintend\u00eancia de Fomento ao Turismo (Sufotur), lan\u00e7ou nesta quinta-feira (22) os editais de credenciamento para contrata\u00e7\u00e3o de atra\u00e7\u00f5es art\u00edsticas para apresenta\u00e7\u00e3o no S\u00e3o Jo\u00e3o da Bahia e demais festejos juninos 2025 e projetos similares.<\/p>\n<p> A convoca\u00e7\u00e3o foi publicada no Di\u00e1rio Oficial do Estado e contempla diversas categorias. Os documentos completos com todas as exig\u00eancias e orienta\u00e7\u00f5es est\u00e3o dispon\u00edveis no site oficial da Superintend\u00eancia: <a href=\"http:\/\/www.sufotur.ba.gov.br\/sufotur\/sao-joao-2025\/credenciamento\" target=\"_blank\" rel=\"noreferrer noopener\">www.sufotur.ba.gov.br\/sufotur\/sao-joao-2025\/credenciamento<\/a><\/p>\n<p>Os editais s\u00e3o voltados para artistas e bandas de<a href=\"https:\/\/www.acordacidade.com.br\/tag\/forro\/\"> forr\u00f3<\/a> e cong\u00eaneres, grupos de samba junino, trios e quartetos nordestinos e quadrilhas juninas, que poder\u00e3o se apresentar em eventos realizados durante os meses de junho e julho, em Salvador e na regi\u00e3o metropolitana.<\/p>\n<p><strong>As inscri\u00e7\u00f5es para a contrata\u00e7\u00e3o devem ser feitas presencialmente, de segunda a sexta-feira, das 8h30 \u00e0s 12h e das 13h30 \u00e0s 18h, no Protocolo Central da Sufotur, localizado na 3\u00aa Avenida, n\u00ba 390, Plataforma IV, t\u00e9rreo, no Centro Administrativo da Bahia (CAB), em Salvador.<\/strong><\/p>\n<p>A iniciativa refor\u00e7a o compromisso do governo estadual com a valoriza\u00e7\u00e3o das tradi\u00e7\u00f5es nordestinas e o fortalecimento da cadeia produtiva da cultura popular durante o per\u00edodo junino, uma das festas mais tradicionais e importantes do calend\u00e1rio baiano.<\/p>\n<p><em>Siga o Acorda Cidade no<\/em><a href=\"https:\/\/news.google.com\/search?q=acorda%20cidade&amp;hl=pt-BR&amp;gl=BR&amp;ceid=BR%3Apt-419\"><strong><em>\u00a0Google Not\u00edcias<\/em><\/strong><\/a><em>\u00a0e receba os principais destaques do dia. Participe tamb\u00e9m dos nossos canais no\u00a0<\/em><a href=\"https:\/\/www.whatsapp.com\/channel\/0029Va6Rb4v3WHTNnsh8WI3N\"><strong><em>WhatsApp<\/em><\/strong><\/a><em>\u00a0e\u00a0<\/em><a href=\"https:\/\/www.youtube.com\/@acordacidadenoticias\/videos\"><strong>YouTube<\/strong><\/a><em>\u00a0e do grupo no\u00a0<\/em><a href=\"https:\/\/t.me\/+sSz0khrgARA0ZmRh\"><strong><em>Telegram<\/em><\/strong><\/a><\/p>\n<\/div>\n","protected":false},"excerpt":{"rendered":"<div>\n<div>\n<figure><img decoding=\"async\" src=\"https:\/\/uploads.acordacidade.com.br\/2025\/05\/Sao-Joao-de-Conceicao-do-Almeida-Foto-Joa-SouzaGOVBA.jpg\" alt=\"S\u00e3o Jo\u00e3o de Concei\u00e7\u00e3o do Almeida - contrata\u00e7\u00e3o de bandas\"><figcaption>Foto: Jo\u00e1 Souza\/GOVBA<\/figcaption><\/figure>\n<\/div>\n<p>As inscri\u00e7\u00f5es para a contrata\u00e7\u00e3o devem ser feitas presencialmente, de segunda a sexta-feira, das 8h30 \u00e0s 12h e das 13h30 \u00e0s 18h, na Sufotur.<\/p><\/div>\n","protected":false},"author":1,"featured_media":87142,"comment_status":"closed","ping_status":"closed","sticky":false,"template":"","format":"gallery","meta":{"footnotes":""},"categories":[8,9,6,57,56,10],"tags":[],"class_list":["post-87141","post","type-post","status-publish","format-gallery","has-post-thumbnail","hentry","category-bahia","category-brasil","category-feira-de-santana","category-mundo","category-policia","category-politica","post_format-post-format-gallery"],"featured_image_urls":{"full":["https:\/\/noticiasbahia360.com.br\/wp-content\/uploads\/2025\/05\/Sao-Joao-de-Conceicao-do-Almeida-Foto-Joa-SouzaGOVBA-1.jpg",1200,675,false],"thumbnail":["https:\/\/noticiasbahia360.com.br\/wp-content\/uploads\/2025\/05\/Sao-Joao-de-Conceicao-do-Almeida-Foto-Joa-SouzaGOVBA-1-150x150.jpg",150,150,true],"medium":["https:\/\/noticiasbahia360.com.br\/wp-content\/uploads\/2025\/05\/Sao-Joao-de-Conceicao-do-Almeida-Foto-Joa-SouzaGOVBA-1-300x169.jpg",300,169,true],"medium_large":["https:\/\/noticiasbahia360.com.br\/wp-content\/uploads\/2025\/05\/Sao-Joao-de-Conceicao-do-Almeida-Foto-Joa-SouzaGOVBA-1-768x432.jpg",640,360,true],"large":["https:\/\/noticiasbahia360.com.br\/wp-content\/uploads\/2025\/05\/Sao-Joao-de-Conceicao-do-Almeida-Foto-Joa-SouzaGOVBA-1-1024x576.jpg",640,360,true],"1536x1536":["https:\/\/noticiasbahia360.com.br\/wp-content\/uploads\/2025\/05\/Sao-Joao-de-Conceicao-do-Almeida-Foto-Joa-SouzaGOVBA-1.jpg",1200,675,false],"2048x2048":["https:\/\/noticiasbahia360.com.br\/wp-content\/uploads\/2025\/05\/Sao-Joao-de-Conceicao-do-Almeida-Foto-Joa-SouzaGOVBA-1.jpg",1200,675,false],"chromenews-featured":["https:\/\/noticiasbahia360.com.br\/wp-content\/uploads\/2025\/05\/Sao-Joao-de-Conceicao-do-Almeida-Foto-Joa-SouzaGOVBA-1-1024x576.jpg",1024,576,true],"chromenews-large":["https:\/\/noticiasbahia360.com.br\/wp-content\/uploads\/2025\/05\/Sao-Joao-de-Conceicao-do-Almeida-Foto-Joa-SouzaGOVBA-1-825x575.jpg",825,575,true],"chromenews-medium":["https:\/\/noticiasbahia360.com.br\/wp-content\/uploads\/2025\/05\/Sao-Joao-de-Conceicao-do-Almeida-Foto-Joa-SouzaGOVBA-1-590x410.jpg",590,410,true]},"author_info":{"display_name":"noticiasbahia360.com.br","author_link":"https:\/\/noticiasbahia360.com.br\/?author=1"},"category_info":"<a href=\"https:\/\/noticiasbahia360.com.br\/?cat=8\" rel=\"category\">Bahia<\/a> <a href=\"https:\/\/noticiasbahia360.com.br\/?cat=9\" rel=\"category\">Brasil<\/a> <a href=\"https:\/\/noticiasbahia360.com.br\/?cat=6\" rel=\"category\">Feira de Santana<\/a> <a href=\"https:\/\/noticiasbahia360.com.br\/?cat=57\" rel=\"category\">Mundo<\/a> <a href=\"https:\/\/noticiasbahia360.com.br\/?cat=56\" rel=\"category\">Pol\u00edcia<\/a> <a href=\"https:\/\/noticiasbahia360.com.br\/?cat=10\" rel=\"category\">Pol\u00edtica<\/a>","tag_info":"Pol\u00edtica","comment_count":"0","_links":{"self":[{"href":"https:\/\/noticiasbahia360.com.br\/index.php?rest_route=\/wp\/v2\/posts\/87141","targetHints":{"allow":["GET"]}}],"collection":[{"href":"https:\/\/noticiasbahia360.com.br\/index.php?rest_route=\/wp\/v2\/posts"}],"about":[{"href":"https:\/\/noticiasbahia360.com.br\/index.php?rest_route=\/wp\/v2\/types\/post"}],"author":[{"embeddable":true,"href":"https:\/\/noticiasbahia360.com.br\/index.php?rest_route=\/wp\/v2\/users\/1"}],"replies":[{"embeddable":true,"href":"https:\/\/noticiasbahia360.com.br\/index.php?rest_route=%2Fwp%2Fv2%2Fcomments&post=87141"}],"version-history":[{"count":0,"href":"https:\/\/noticiasbahia360.com.br\/index.php?rest_route=\/wp\/v2\/posts\/87141\/revisions"}],"wp:featuredmedia":[{"embeddable":true,"href":"https:\/\/noticiasbahia360.com.br\/index.php?rest_route=\/wp\/v2\/media\/87142"}],"wp:attachment":[{"href":"https:\/\/noticiasbahia360.com.br\/index.php?rest_route=%2Fwp%2Fv2%2Fmedia&parent=87141"}],"wp:term":[{"taxonomy":"category","embeddable":true,"href":"https:\/\/noticiasbahia360.com.br\/index.php?rest_route=%2Fwp%2Fv2%2Fcategories&post=87141"},{"taxonomy":"post_tag","embeddable":true,"href":"https:\/\/noticiasbahia360.com.br\/index.php?rest_route=%2Fwp%2Fv2%2Ftags&post=87141"}],"curies":[{"name":"wp","href":"https:\/\/api.w.org\/{rel}","templated":true}]}}