{"id":87143,"date":"2025-05-22T21:26:30","date_gmt":"2025-05-23T00:26:30","guid":{"rendered":"https:\/\/noticiasbahia360.com.br\/?p=87143"},"modified":"2025-05-22T21:26:30","modified_gmt":"2025-05-23T00:26:30","slug":"capacitacao-gratuita-para-mototaxistas-inclui-kit-de-protecao-e-financiamento-de-moto-0-km-para-quem-concluir-aulas","status":"publish","type":"post","link":"https:\/\/noticiasbahia360.com.br\/?p=87143","title":{"rendered":"Capacita\u00e7\u00e3o gratuita para mototaxistas inclui kit de prote\u00e7\u00e3o e financiamento de moto 0 km para quem concluir aulas"},"content":{"rendered":"<div>\n<div>\n<figure><img decoding=\"async\" src=\"http:\/\/noticiasbahia360.com.br\/wp-content\/uploads\/2025\/05\/Manifestacao-Mototaxistas_-Foto-Ney-Silva_Acorda-Cidade-2.jpg\" alt=\"Manifesta\u00e7\u00e3o Mototaxistas_ Foto Ney Silva_Acorda Cidade (2) Mototaxista\"><figcaption>Foto: Ney Silva\/Acorda Cidade<\/figcaption><\/figure>\n<\/div>\n<p>Mototaxistas e motofretistas de diversos munic\u00edpios da Bahia podem participar de cursos gratuitos de capacita\u00e7\u00e3o atrav\u00e9s do <strong>Projeto Condu\u00e7\u00e3o Decente<\/strong>, que tem como objetivo promover a qualifica\u00e7\u00e3o profissional na \u00e1rea. A iniciativa \u00e9 do Governo do Estado em parceria com o <a href=\"https:\/\/www.acordacidade.com.br\/tag\/sest-senat\/\">Sest Senat<\/a>.<\/p>\n<p>O projeto prev\u00ea a qualifica\u00e7\u00e3o de 6.500 profissionais, entre 2025 e 2027, em 75 munic\u00edpios baianos. <strong>Na primeira etapa, est\u00e3o sendo disponibilizadas 2.395 vagas, distribu\u00eddas em 47 munic\u00edpios, incluindo Feira de Santana, <a href=\"https:\/\/www.acordacidade.com.br\/tag\/cachoeira\/\">Cachoeira<\/a>, Cruz das Almas, Santo Amaro, Jacobina, Riach\u00e3o do Jacu\u00edpe, Ribeira do Pombal, Senhor do Bonfim e Itaberaba.<\/strong><\/p>\n<h2 class=\"wp-block-heading\" id=\"h-inscricoes\">Inscri\u00e7\u00f5es<\/h2>\n<p>As inscri\u00e7\u00f5es para os cursos de Especializa\u00e7\u00e3o e de Atualiza\u00e7\u00e3o acontecem entre os dias 20 e 25 de maio, exclusivamente pelo site da Secretaria do Trabalho, Emprego, Renda e Esporte (Setre):<a href=\"http:\/\/www.ba.gov.br\/trabalho\" target=\"_blank\" rel=\"noreferrer noopener\"> www.ba.gov.br\/trabalho<\/a><\/p>\n<p>A inscri\u00e7\u00e3o representa uma manifesta\u00e7\u00e3o de interesse ser\u00e1 necess\u00e1rio efetivar a matr\u00edcula posteriormente, ap\u00f3s an\u00e1lise das informa\u00e7\u00f5es, entrega dos documentos e dentro do n\u00famero de vagas. Caso as vagas sejam preenchidas, ser\u00e1 formada uma lista de espera.<\/p>\n<h2 class=\"wp-block-heading\" id=\"h-quem-pode-participar\">Quem pode participar?<\/h2>\n<p><strong>Os crit\u00e9rios seguem a Lei Federal 12.009\/2009:<\/strong><\/p>\n<ul class=\"wp-block-list\">\n<li>Ter CNH na categoria A h\u00e1, no m\u00ednimo, dois anos;<\/li>\n<li>Idade m\u00ednima de 21 anos;<\/li>\n<li>Atuar profissionalmente como mototaxista ou motofretista;<\/li>\n<li>N\u00e3o possuir curso especializado obrigat\u00f3rio, ou estar com o curso vencido;<\/li>\n<li>Ter renda familiar de at\u00e9 dois sal\u00e1rios m\u00ednimos;<\/li>\n<li>N\u00e3o estar com a CNH suspensa, cassada ou impedido judicialmente de dirigir.<\/li>\n<\/ul>\n<h2 class=\"wp-block-heading\" id=\"h-cursos-oferecidos\">Cursos oferecidos <\/h2>\n<p><strong>Curso Especializado:<\/strong> 30 horas (25h online e 5h pr\u00e1ticas);<\/p>\n<p><strong>Curso de Atualiza\u00e7\u00e3o:<\/strong> 10 horas (7h online e 3h pr\u00e1ticas).<\/p>\n<p><em>Os conte\u00fados incluem temas como \u00e9tica, cidadania, legisla\u00e7\u00e3o de tr\u00e2nsito, seguran\u00e7a, atendimento ao cliente, gest\u00e3o de riscos, transporte de pessoas e cargas, e log\u00edstica.<\/em><\/p>\n<h2 class=\"wp-block-heading\" id=\"h-beneficios-para\">Benef\u00edcios para <\/h2>\n<p><strong>Os participantes que conclu\u00edrem os cursos com 100% de aproveitamento receber\u00e3o um kit de prote\u00e7\u00e3o individual:<\/strong><\/p>\n<p><strong>Mototaxistas: <\/strong>2 capacetes, antena corta-pipa e colete.<\/p>\n<p><strong>Motofretistas<\/strong>: 1 capacete, antena corta-pipa, colete e bag t\u00e9rmica.<\/p>\n<h3 class=\"wp-block-heading\" id=\"h-linha-de-credito\">Linha de cr\u00e9dito<\/h3>\n<p><strong>Al\u00e9m da capacita\u00e7\u00e3o, os profissionais qualificados poder\u00e3o ter acesso a uma linha de cr\u00e9dito espec\u00edfica pela Desenbahia, com condi\u00e7\u00f5es especiais, que financia at\u00e9 90% do valor de uma motocicleta 0 km, com juros abaixo do mercado.<\/strong><\/p>\n<h3 class=\"wp-block-heading\" id=\"h-atencao-o-acesso-aos-cursos-e-gratuito-a-organizacao-alerta-para-que-os-interessados-nao-caiam-em-golpes-relacionados-a-cobrancas\">Aten\u00e7\u00e3o: O acesso aos cursos \u00e9 gratuito. A organiza\u00e7\u00e3o alerta para que os interessados n\u00e3o caiam em golpes relacionados a cobran\u00e7as.<\/h3>\n<p>Mais informa\u00e7\u00f5es: Todas as informa\u00e7\u00f5es est\u00e3o dispon\u00edveis no site da SETRE:<br \/><a href=\"http:\/\/www.ba.gov.br\/trabalho\" target=\"_blank\" rel=\"noreferrer noopener\">www.ba.gov.br\/trabalho<\/a><\/p>\n<p><em>Siga o Acorda Cidade no<\/em><a href=\"https:\/\/news.google.com\/search?q=acorda%20cidade&amp;hl=pt-BR&amp;gl=BR&amp;ceid=BR%3Apt-419\"><strong><em> Google Not\u00edcias<\/em><\/strong><\/a><em> e receba os principais destaques do dia. Participe tamb\u00e9m dos nossos canais no <\/em><a href=\"https:\/\/whatsapp.com\/channel\/0029Va6Rb4v3WHTNnsh8WI3N\"><strong><em>WhatsApp<\/em><\/strong><\/a><em> e <\/em><a href=\"https:\/\/www.youtube.com\/@acordacidadenoticias\/videos\"><strong>YouTube<\/strong><\/a><em> e do grupo no <\/em><a href=\"https:\/\/t.me\/+sSz0khrgARA0ZmRh\"><strong><em>Telegram<\/em><\/strong><\/a><em>.<\/em><\/p>\n<\/div>\n","protected":false},"excerpt":{"rendered":"<div>\n<div>\n<figure><img decoding=\"async\" src=\"https:\/\/uploads.acordacidade.com.br\/wp-content\/uploads\/2023\/02\/16102222\/Manifestacao-Mototaxistas_-Foto-Ney-Silva_Acorda-Cidade-2.jpg\" alt=\"Manifesta\u00e7\u00e3o Mototaxistas_ Foto Ney Silva_Acorda Cidade (2) Mototaxista\"><figcaption>Foto: Ney Silva\/Acorda Cidade<\/figcaption><\/figure>\n<\/div>\n<p>Para fazer a inscri\u00e7\u00e3o no curso \u00e9 preciso atuar profissionalmente como mototaxista ou motofretista e n\u00e3o estar com a CNH suspensa.<\/p><\/div>\n","protected":false},"author":1,"featured_media":87144,"comment_status":"closed","ping_status":"closed","sticky":false,"template":"","format":"gallery","meta":{"footnotes":""},"categories":[8,9,6,57,56,10],"tags":[],"class_list":["post-87143","post","type-post","status-publish","format-gallery","has-post-thumbnail","hentry","category-bahia","category-brasil","category-feira-de-santana","category-mundo","category-policia","category-politica","post_format-post-format-gallery"],"featured_image_urls":{"full":["https:\/\/noticiasbahia360.com.br\/wp-content\/uploads\/2025\/05\/Manifestacao-Mototaxistas_-Foto-Ney-Silva_Acorda-Cidade-2.jpg",640,399,false],"thumbnail":["https:\/\/noticiasbahia360.com.br\/wp-content\/uploads\/2025\/05\/Manifestacao-Mototaxistas_-Foto-Ney-Silva_Acorda-Cidade-2-150x150.jpg",150,150,true],"medium":["https:\/\/noticiasbahia360.com.br\/wp-content\/uploads\/2025\/05\/Manifestacao-Mototaxistas_-Foto-Ney-Silva_Acorda-Cidade-2-300x187.jpg",300,187,true],"medium_large":["https:\/\/noticiasbahia360.com.br\/wp-content\/uploads\/2025\/05\/Manifestacao-Mototaxistas_-Foto-Ney-Silva_Acorda-Cidade-2.jpg",640,399,false],"large":["https:\/\/noticiasbahia360.com.br\/wp-content\/uploads\/2025\/05\/Manifestacao-Mototaxistas_-Foto-Ney-Silva_Acorda-Cidade-2.jpg",640,399,false],"1536x1536":["https:\/\/noticiasbahia360.com.br\/wp-content\/uploads\/2025\/05\/Manifestacao-Mototaxistas_-Foto-Ney-Silva_Acorda-Cidade-2.jpg",640,399,false],"2048x2048":["https:\/\/noticiasbahia360.com.br\/wp-content\/uploads\/2025\/05\/Manifestacao-Mototaxistas_-Foto-Ney-Silva_Acorda-Cidade-2.jpg",640,399,false],"chromenews-featured":["https:\/\/noticiasbahia360.com.br\/wp-content\/uploads\/2025\/05\/Manifestacao-Mototaxistas_-Foto-Ney-Silva_Acorda-Cidade-2.jpg",640,399,false],"chromenews-large":["https:\/\/noticiasbahia360.com.br\/wp-content\/uploads\/2025\/05\/Manifestacao-Mototaxistas_-Foto-Ney-Silva_Acorda-Cidade-2.jpg",640,399,false],"chromenews-medium":["https:\/\/noticiasbahia360.com.br\/wp-content\/uploads\/2025\/05\/Manifestacao-Mototaxistas_-Foto-Ney-Silva_Acorda-Cidade-2-590x399.jpg",590,399,true]},"author_info":{"display_name":"noticiasbahia360.com.br","author_link":"https:\/\/noticiasbahia360.com.br\/?author=1"},"category_info":"<a href=\"https:\/\/noticiasbahia360.com.br\/?cat=8\" rel=\"category\">Bahia<\/a> <a href=\"https:\/\/noticiasbahia360.com.br\/?cat=9\" rel=\"category\">Brasil<\/a> <a href=\"https:\/\/noticiasbahia360.com.br\/?cat=6\" rel=\"category\">Feira de Santana<\/a> <a href=\"https:\/\/noticiasbahia360.com.br\/?cat=57\" rel=\"category\">Mundo<\/a> <a href=\"https:\/\/noticiasbahia360.com.br\/?cat=56\" rel=\"category\">Pol\u00edcia<\/a> <a href=\"https:\/\/noticiasbahia360.com.br\/?cat=10\" rel=\"category\">Pol\u00edtica<\/a>","tag_info":"Pol\u00edtica","comment_count":"0","_links":{"self":[{"href":"https:\/\/noticiasbahia360.com.br\/index.php?rest_route=\/wp\/v2\/posts\/87143","targetHints":{"allow":["GET"]}}],"collection":[{"href":"https:\/\/noticiasbahia360.com.br\/index.php?rest_route=\/wp\/v2\/posts"}],"about":[{"href":"https:\/\/noticiasbahia360.com.br\/index.php?rest_route=\/wp\/v2\/types\/post"}],"author":[{"embeddable":true,"href":"https:\/\/noticiasbahia360.com.br\/index.php?rest_route=\/wp\/v2\/users\/1"}],"replies":[{"embeddable":true,"href":"https:\/\/noticiasbahia360.com.br\/index.php?rest_route=%2Fwp%2Fv2%2Fcomments&post=87143"}],"version-history":[{"count":0,"href":"https:\/\/noticiasbahia360.com.br\/index.php?rest_route=\/wp\/v2\/posts\/87143\/revisions"}],"wp:featuredmedia":[{"embeddable":true,"href":"https:\/\/noticiasbahia360.com.br\/index.php?rest_route=\/wp\/v2\/media\/87144"}],"wp:attachment":[{"href":"https:\/\/noticiasbahia360.com.br\/index.php?rest_route=%2Fwp%2Fv2%2Fmedia&parent=87143"}],"wp:term":[{"taxonomy":"category","embeddable":true,"href":"https:\/\/noticiasbahia360.com.br\/index.php?rest_route=%2Fwp%2Fv2%2Fcategories&post=87143"},{"taxonomy":"post_tag","embeddable":true,"href":"https:\/\/noticiasbahia360.com.br\/index.php?rest_route=%2Fwp%2Fv2%2Ftags&post=87143"}],"curies":[{"name":"wp","href":"https:\/\/api.w.org\/{rel}","templated":true}]}}