{"id":87145,"date":"2025-05-22T22:26:30","date_gmt":"2025-05-23T01:26:30","guid":{"rendered":"https:\/\/noticiasbahia360.com.br\/?p=87145"},"modified":"2025-05-22T22:26:30","modified_gmt":"2025-05-23T01:26:30","slug":"feira-de-santana-consolida-posicao-estrategica-no-setor-logistico-do-nordeste","status":"publish","type":"post","link":"https:\/\/noticiasbahia360.com.br\/?p=87145","title":{"rendered":"Feira de Santana consolida posi\u00e7\u00e3o estrat\u00e9gica no setor log\u00edstico do Nordeste"},"content":{"rendered":"<div>\n<div>\n<figure><img decoding=\"async\" src=\"http:\/\/noticiasbahia360.com.br\/wp-content\/uploads\/2025\/05\/Feira-de-Santana-BA-FSA-foto-divulgacao-foto-acm.jpg\" alt=\"Feira de Santana consolida posi\u00e7\u00e3o estrat\u00e9gica no setor log\u00edstico do Nordeste\"><figcaption>Foto: ACM<\/figcaption><\/figure>\n<\/div>\n<p>A crescente demanda por condom\u00ednios log\u00edsticos tem impulsionado significativamente a economia regional, e Feira de Santana destaca-se como um dos principais polos desse desenvolvimento. Com uma localiza\u00e7\u00e3o estrat\u00e9gica e iniciativas da Secretaria de Trabalho, Turismo e Desenvolvimento Econ\u00f4mico (Settedec), o munic\u00edpio tem atra\u00eddo investimentos e consolidado sua posi\u00e7\u00e3o no setor log\u00edstico.<\/p>\n<p>Segundo dados da consultoria Newmark, <strong>Feira de Santana registrou uma absor\u00e7\u00e3o de 7,5 mil metros quadrados em loca\u00e7\u00f5es de galp\u00f5es log\u00edsticos no quarto trimestre de 2024, <\/strong>posicionando-se como a terceira cidade com maior volume de loca\u00e7\u00f5es no Nordeste, atr\u00e1s apenas de Itaitinga (CE) e <a href=\"https:\/\/www.acordacidade.com.br\/tag\/simoes-filho\/\">Sim\u00f5es Filho<\/a> (BA). Esse crescimento reflete a atratividade do munic\u00edpio para empresas que buscam efici\u00eancia na distribui\u00e7\u00e3o de mercadorias.<\/p>\n<p>A Settdec tem desempenhado um papel fundamental na promo\u00e7\u00e3o do desenvolvimento econ\u00f4mico de Feira de Santana. Por meio de pol\u00edticas p\u00fablicas voltadas para a atra\u00e7\u00e3o de investimentos e o apoio a empreendimentos log\u00edsticos, a secretaria contribui para a gera\u00e7\u00e3o de empregos e o fortalecimento da economia local.<\/p>\n<p>A secret\u00e1ria M\u00e1rcia Ferreira destacou o empenho da gest\u00e3o municipal nesse avan\u00e7o. \u201cFeira de Santana \u00e9 refer\u00eancia em desenvolvimento log\u00edstico porque estamos trabalhando de forma planejada, criando um ambiente seguro e atrativo para os investidores. Nosso compromisso \u00e9 transformar esse crescimento em oportunidades reais para a popula\u00e7\u00e3o feirense\u201d, afirmou.<\/p>\n<p>A expans\u00e3o dos condom\u00ednios log\u00edsticos em Feira de Santana n\u00e3o apenas impulsiona a economia, mas tamb\u00e9m promove o desenvolvimento social. A gera\u00e7\u00e3o de empregos diretos e indiretos, o aumento da arrecada\u00e7\u00e3o municipal e a melhoria da infraestrutura urbana s\u00e3o alguns dos benef\u00edcios observados com esse crescimento.<\/p>\n<p><em>Siga o Acorda Cidade no<\/em><a href=\"https:\/\/news.google.com\/search?q=acorda%20cidade&amp;hl=pt-BR&amp;gl=BR&amp;ceid=BR%3Apt-419\"><strong><em> Google Not\u00edcias<\/em><\/strong><\/a><em> e receba os principais destaques do dia. Participe tamb\u00e9m dos nossos canais no <\/em><a href=\"https:\/\/whatsapp.com\/channel\/0029Va6Rb4v3WHTNnsh8WI3N\"><strong><em>WhatsApp<\/em><\/strong><\/a><em> e <\/em><a href=\"https:\/\/www.youtube.com\/@acordacidadenoticias\/videos\"><strong>YouTube<\/strong><\/a><em> e do grupo no <\/em><a href=\"https:\/\/t.me\/+sSz0khrgARA0ZmRh\"><strong><em>Telegram<\/em><\/strong><\/a><em>.<\/em><\/p>\n<\/div>\n","protected":false},"excerpt":{"rendered":"<div>\n<div>\n<figure><img decoding=\"async\" src=\"https:\/\/uploads.acordacidade.com.br\/2025\/05\/Feira-de-Santana-BA-FSA-foto-divulgacao-foto-acm.jpg\" alt=\"Feira de Santana consolida posi\u00e7\u00e3o estrat\u00e9gica no setor log\u00edstico do Nordeste\"><figcaption>Foto: ACM<\/figcaption><\/figure>\n<\/div>\n<p>A expans\u00e3o dos condom\u00ednios log\u00edsticos em Feira de Santana n\u00e3o apenas impulsiona a economia, mas tamb\u00e9m promove o desenvolvimento social.<\/p><\/div>\n","protected":false},"author":1,"featured_media":87146,"comment_status":"closed","ping_status":"closed","sticky":false,"template":"","format":"gallery","meta":{"footnotes":""},"categories":[8,9,6,57,56,10],"tags":[],"class_list":["post-87145","post","type-post","status-publish","format-gallery","has-post-thumbnail","hentry","category-bahia","category-brasil","category-feira-de-santana","category-mundo","category-policia","category-politica","post_format-post-format-gallery"],"featured_image_urls":{"full":["https:\/\/noticiasbahia360.com.br\/wp-content\/uploads\/2025\/05\/Feira-de-Santana-BA-FSA-foto-divulgacao-foto-acm.jpg",1200,799,false],"thumbnail":["https:\/\/noticiasbahia360.com.br\/wp-content\/uploads\/2025\/05\/Feira-de-Santana-BA-FSA-foto-divulgacao-foto-acm-150x150.jpg",150,150,true],"medium":["https:\/\/noticiasbahia360.com.br\/wp-content\/uploads\/2025\/05\/Feira-de-Santana-BA-FSA-foto-divulgacao-foto-acm-300x200.jpg",300,200,true],"medium_large":["https:\/\/noticiasbahia360.com.br\/wp-content\/uploads\/2025\/05\/Feira-de-Santana-BA-FSA-foto-divulgacao-foto-acm-768x511.jpg",640,426,true],"large":["https:\/\/noticiasbahia360.com.br\/wp-content\/uploads\/2025\/05\/Feira-de-Santana-BA-FSA-foto-divulgacao-foto-acm-1024x682.jpg",640,426,true],"1536x1536":["https:\/\/noticiasbahia360.com.br\/wp-content\/uploads\/2025\/05\/Feira-de-Santana-BA-FSA-foto-divulgacao-foto-acm.jpg",1200,799,false],"2048x2048":["https:\/\/noticiasbahia360.com.br\/wp-content\/uploads\/2025\/05\/Feira-de-Santana-BA-FSA-foto-divulgacao-foto-acm.jpg",1200,799,false],"chromenews-featured":["https:\/\/noticiasbahia360.com.br\/wp-content\/uploads\/2025\/05\/Feira-de-Santana-BA-FSA-foto-divulgacao-foto-acm-1024x682.jpg",1024,682,true],"chromenews-large":["https:\/\/noticiasbahia360.com.br\/wp-content\/uploads\/2025\/05\/Feira-de-Santana-BA-FSA-foto-divulgacao-foto-acm-825x575.jpg",825,575,true],"chromenews-medium":["https:\/\/noticiasbahia360.com.br\/wp-content\/uploads\/2025\/05\/Feira-de-Santana-BA-FSA-foto-divulgacao-foto-acm-590x410.jpg",590,410,true]},"author_info":{"display_name":"noticiasbahia360.com.br","author_link":"https:\/\/noticiasbahia360.com.br\/?author=1"},"category_info":"<a href=\"https:\/\/noticiasbahia360.com.br\/?cat=8\" rel=\"category\">Bahia<\/a> <a href=\"https:\/\/noticiasbahia360.com.br\/?cat=9\" rel=\"category\">Brasil<\/a> <a href=\"https:\/\/noticiasbahia360.com.br\/?cat=6\" rel=\"category\">Feira de Santana<\/a> <a href=\"https:\/\/noticiasbahia360.com.br\/?cat=57\" rel=\"category\">Mundo<\/a> <a href=\"https:\/\/noticiasbahia360.com.br\/?cat=56\" rel=\"category\">Pol\u00edcia<\/a> <a href=\"https:\/\/noticiasbahia360.com.br\/?cat=10\" rel=\"category\">Pol\u00edtica<\/a>","tag_info":"Pol\u00edtica","comment_count":"0","_links":{"self":[{"href":"https:\/\/noticiasbahia360.com.br\/index.php?rest_route=\/wp\/v2\/posts\/87145","targetHints":{"allow":["GET"]}}],"collection":[{"href":"https:\/\/noticiasbahia360.com.br\/index.php?rest_route=\/wp\/v2\/posts"}],"about":[{"href":"https:\/\/noticiasbahia360.com.br\/index.php?rest_route=\/wp\/v2\/types\/post"}],"author":[{"embeddable":true,"href":"https:\/\/noticiasbahia360.com.br\/index.php?rest_route=\/wp\/v2\/users\/1"}],"replies":[{"embeddable":true,"href":"https:\/\/noticiasbahia360.com.br\/index.php?rest_route=%2Fwp%2Fv2%2Fcomments&post=87145"}],"version-history":[{"count":0,"href":"https:\/\/noticiasbahia360.com.br\/index.php?rest_route=\/wp\/v2\/posts\/87145\/revisions"}],"wp:featuredmedia":[{"embeddable":true,"href":"https:\/\/noticiasbahia360.com.br\/index.php?rest_route=\/wp\/v2\/media\/87146"}],"wp:attachment":[{"href":"https:\/\/noticiasbahia360.com.br\/index.php?rest_route=%2Fwp%2Fv2%2Fmedia&parent=87145"}],"wp:term":[{"taxonomy":"category","embeddable":true,"href":"https:\/\/noticiasbahia360.com.br\/index.php?rest_route=%2Fwp%2Fv2%2Fcategories&post=87145"},{"taxonomy":"post_tag","embeddable":true,"href":"https:\/\/noticiasbahia360.com.br\/index.php?rest_route=%2Fwp%2Fv2%2Ftags&post=87145"}],"curies":[{"name":"wp","href":"https:\/\/api.w.org\/{rel}","templated":true}]}}