{"id":87152,"date":"2025-05-23T07:07:45","date_gmt":"2025-05-23T10:07:45","guid":{"rendered":"https:\/\/noticiasbahia360.com.br\/?p=87152"},"modified":"2025-05-23T07:07:45","modified_gmt":"2025-05-23T10:07:45","slug":"problemas-que-se-repetem-buracos-alagamentos-e-falta-de-limpeza-publica-confira-as-reclamacoes-da-comunidade","status":"publish","type":"post","link":"https:\/\/noticiasbahia360.com.br\/?p=87152","title":{"rendered":"Problemas que se repetem: buracos, alagamentos e falta de limpeza p\u00fablica; confira as reclama\u00e7\u00f5es da comunidade"},"content":{"rendered":"<div>\n<div>\n<figure><img decoding=\"async\" src=\"http:\/\/noticiasbahia360.com.br\/wp-content\/uploads\/2025\/05\/Bairro-Campo-Limpo.jpg\" alt=\"Problemas que se repetem: buracos, alagamentos e falta de limpeza p\u00fablica; confira os flagrantes da comunidade\"><figcaption>Rua Parque Pitombo | Foto: Enviada pelo WhatsApp <\/figcaption><\/figure>\n<\/div>\n<p>Sempre que chove os problemas se repetem: buracos e alagamentos. Moradores de diferentes ruas de <a href=\"https:\/\/www.acordacidade.com.br\/tag\/feira-de-santana\/\">Feira de Santana<\/a> relatam os transtornos causados ap\u00f3s per\u00edodos de chuvas fortes na cidade.<\/p>\n<p>A exemplo da Rua Parque Pitombo, no bairro Campo Limpo, onde buracos e pavimenta\u00e7\u00e3o irregular causam grande insatisfa\u00e7\u00e3o. Um registro enviado por um leitor do Acorda Cidade mostra que uma das crateras foi sinalizada de modo improvisado com um cone e galhos de \u00e1rvore para evitar acidentes.<\/p>\n<figure class=\"wp-block-image size-full\"><img fetchpriority=\"high\" data-dominant-color=\"767978\" data-has-transparency=\"false\" style=\"--dominant-color: #767978;\" decoding=\"async\" width=\"899\" height=\"531\" sizes=\"(max-width: 899px) 100vw, 899px\" src=\"http:\/\/noticiasbahia360.com.br\/wp-content\/uploads\/2025\/05\/TxltkkFF-Bairro-Campo-Limpo-2.webp\" alt=\"Problemas que se repetem: buracos, alagamentos e falta de limpeza p\u00fablica; confira os flagrantes da comunidade\" class=\"wp-image-556192 not-transparent\" srcset=\"https:\/\/uploads.acordacidade.com.br\/2025\/05\/TxltkkFF-Bairro-Campo-Limpo-2-300x177.webp 300w, https:\/\/uploads.acordacidade.com.br\/2025\/05\/TxltkkFF-Bairro-Campo-Limpo-2-768x454.webp 768w, https:\/\/uploads.acordacidade.com.br\/2025\/05\/TxltkkFF-Bairro-Campo-Limpo-2-150x89.webp 150w, http:\/\/noticiasbahia360.com.br\/wp-content\/uploads\/2025\/05\/TxltkkFF-Bairro-Campo-Limpo-2.webp 899w\"><figcaption class=\"wp-element-caption\">Rua Parque Pitombo | Foto: Enviada pelo WhatsApp <\/figcaption><\/figure>\n<p>Na Rua Maricor\u00e9, localizada no bairro Santo Ant\u00f4nio dos Prazeres, uma via alternativa do bairro SIM, os problemas tamb\u00e9m s\u00e3o antigos: buracos, falta de pavimenta\u00e7\u00e3o, al\u00e9m do ac\u00famulo \u00e1gua e lama sempre que chove. Condutores de ve\u00edculos reclamam da dificuldade em transitar pelo local.<\/p>\n<figure class=\"wp-block-image size-full\"><img data-dominant-color=\"a7997d\" data-has-transparency=\"false\" style=\"--dominant-color: #a7997d;\" decoding=\"async\" width=\"960\" height=\"609\" sizes=\"(max-width: 960px) 100vw, 960px\" src=\"http:\/\/noticiasbahia360.com.br\/wp-content\/uploads\/2025\/05\/AtQkNrdB-Rua-Maricore.webp\" alt=\"Problemas que se repetem: buracos, alagamentos e falta de limpeza p\u00fablica; confira os flagrantes da comunidade\" class=\"wp-image-556193 not-transparent\" srcset=\"https:\/\/uploads.acordacidade.com.br\/2025\/05\/AtQkNrdB-Rua-Maricore-300x190.webp 300w, https:\/\/uploads.acordacidade.com.br\/2025\/05\/AtQkNrdB-Rua-Maricore-768x487.webp 768w, https:\/\/uploads.acordacidade.com.br\/2025\/05\/AtQkNrdB-Rua-Maricore-150x95.webp 150w, http:\/\/noticiasbahia360.com.br\/wp-content\/uploads\/2025\/05\/AtQkNrdB-Rua-Maricore.webp 960w\"><figcaption class=\"wp-element-caption\">Rua Maricor\u00e9 | Foto: Enviada pelo WhatsApp <\/figcaption><\/figure>\n<figure class=\"wp-block-image size-large\"><img data-dominant-color=\"85837f\" data-has-transparency=\"false\" style=\"--dominant-color: #85837f;\" decoding=\"async\" width=\"1024\" height=\"617\" sizes=\"(max-width: 1024px) 100vw, 1024px\" src=\"http:\/\/noticiasbahia360.com.br\/wp-content\/uploads\/2025\/05\/6b4wiSgz-Rua-Maricore-2-1024x617-1.webp\" alt=\"Problemas que se repetem: buracos, alagamentos e falta de limpeza p\u00fablica; confira os flagrantes da comunidade\" class=\"wp-image-556199 not-transparent\" srcset=\"https:\/\/uploads.acordacidade.com.br\/2025\/05\/6b4wiSgz-Rua-Maricore-2-300x181.webp 300w, http:\/\/noticiasbahia360.com.br\/wp-content\/uploads\/2025\/05\/6b4wiSgz-Rua-Maricore-2-1024x617-1.webp 1024w, https:\/\/uploads.acordacidade.com.br\/2025\/05\/6b4wiSgz-Rua-Maricore-2-768x463.webp 768w, https:\/\/uploads.acordacidade.com.br\/2025\/05\/6b4wiSgz-Rua-Maricore-2-150x90.webp 150w, https:\/\/uploads.acordacidade.com.br\/2025\/05\/6b4wiSgz-Rua-Maricore-2.webp 1200w\"><figcaption class=\"wp-element-caption\">Rua Maricor\u00e9 | Foto: Enviada pelo WhatsApp <\/figcaption><\/figure>\n<p>A Rua Osvaldo Ferreira, no bairro 35\u00ba BI, est\u00e1 com v\u00e1rios buracos h\u00e1 mais de tr\u00eas meses e sem resolu\u00e7\u00e3o do poder p\u00fablico, segundo uma moradora. Ela tamb\u00e9m reclamou que no mesmo local um dos postes est\u00e1 com a l\u00e2mpada queimada. \u201cOs n\u00fameros da Secretaria de Servi\u00e7os P\u00fablicos n\u00e3o est\u00e3o funcionando\u201d, contou.<\/p>\n<figure class=\"wp-block-image size-full\"><img loading=\"lazy\" data-dominant-color=\"85867e\" data-has-transparency=\"false\" style=\"--dominant-color: #85867e;\" decoding=\"async\" width=\"900\" height=\"749\" sizes=\"(max-width: 900px) 100vw, 900px\" src=\"http:\/\/noticiasbahia360.com.br\/wp-content\/uploads\/2025\/05\/mhssR2NI-Rua-Osvaldo-Ferreira.webp\" alt=\"Bairro 35\u00baBI\" class=\"wp-image-556200 not-transparent\" srcset=\"https:\/\/uploads.acordacidade.com.br\/2025\/05\/mhssR2NI-Rua-Osvaldo-Ferreira-300x250.webp 300w, https:\/\/uploads.acordacidade.com.br\/2025\/05\/mhssR2NI-Rua-Osvaldo-Ferreira-768x639.webp 768w, https:\/\/uploads.acordacidade.com.br\/2025\/05\/mhssR2NI-Rua-Osvaldo-Ferreira-150x125.webp 150w, http:\/\/noticiasbahia360.com.br\/wp-content\/uploads\/2025\/05\/mhssR2NI-Rua-Osvaldo-Ferreira.webp 900w\"><figcaption class=\"wp-element-caption\">Rua Osvaldo Ferreira | Foto: Enviada pelo WhatsApp<\/figcaption><\/figure>\n<p>Moradores de diversos bairros de Feira de Santana relataram na manh\u00e3 da \u00faltima quarta-feira (21), durante o programa Acorda Cidade, a falta da coleta de lixo em diversos bairros da cidade. A situa\u00e7\u00e3o que tem causado o ac\u00famulo de lixo nas resid\u00eancias.<\/p>\n<p>\u201cEst\u00e1 uma sujeira aqui na rua, no bairro de Suba\u00e9, 35BI. E n\u00e3o deram satisfa\u00e7\u00e3o. Em outros locais passou, agora aqui no meu bairro n\u00e3o passou\u201d, relatou um ouvinte.<\/p>\n<figure class=\"wp-block-image size-full is-resized\"><img loading=\"lazy\" data-dominant-color=\"857c77\" data-has-transparency=\"false\" decoding=\"async\" width=\"614\" height=\"388\" sizes=\"(max-width: 614px) 100vw, 614px\" src=\"http:\/\/noticiasbahia360.com.br\/wp-content\/uploads\/2025\/05\/dI8UpAH7-Bairro-de-Subae.webp\" alt=\"Bairro de Suba\u00e9\" class=\"wp-image-556201 not-transparent\" style=\"--dominant-color: #857c77; width:840px;height:auto\" srcset=\"https:\/\/uploads.acordacidade.com.br\/2025\/05\/dI8UpAH7-Bairro-de-Subae-300x190.webp 300w, https:\/\/uploads.acordacidade.com.br\/2025\/05\/dI8UpAH7-Bairro-de-Subae-150x95.webp 150w, http:\/\/noticiasbahia360.com.br\/wp-content\/uploads\/2025\/05\/dI8UpAH7-Bairro-de-Subae.webp 614w\"><figcaption class=\"wp-element-caption\">Bairro de Suba\u00e9 | Foto: Enviada pelo WhatsApp<\/figcaption><\/figure>\n<p>A vegeta\u00e7\u00e3o est\u00e1 alta em passeios das imedia\u00e7\u00f5es da Travessa Ch\u00e1cara Mirineu, no bairro Santo Ant\u00f4nio dos Prazeres, dificultando a passagem de pedestres. Um ouvinte relata que faz tentativas de um servi\u00e7o de limpeza desde janeiro e 2025. \u201cAqui est\u00e1 parecendo uma floresta. Ent\u00e3o, pe\u00e7o a aten\u00e7\u00e3o a\u00ed da Secretaria Servi\u00e7os P\u00fablicos, por favor\u201d, disse.<\/p>\n<figure class=\"wp-block-image size-large\"><img loading=\"lazy\" data-dominant-color=\"63745b\" data-has-transparency=\"false\" style=\"--dominant-color: #63745b;\" decoding=\"async\" width=\"1024\" height=\"616\" sizes=\"(max-width: 1024px) 100vw, 1024px\" src=\"http:\/\/noticiasbahia360.com.br\/wp-content\/uploads\/2025\/05\/ZmYqcZrI-Travessa-Chacara-Mirineu-2-1024x616-1.webp\" alt=\"Travessa Ch\u00e1cara Mirineu \" class=\"wp-image-556203 not-transparent\" srcset=\"https:\/\/uploads.acordacidade.com.br\/2025\/05\/ZmYqcZrI-Travessa-Chacara-Mirineu-2-300x180.webp 300w, http:\/\/noticiasbahia360.com.br\/wp-content\/uploads\/2025\/05\/ZmYqcZrI-Travessa-Chacara-Mirineu-2-1024x616-1.webp 1024w, https:\/\/uploads.acordacidade.com.br\/2025\/05\/ZmYqcZrI-Travessa-Chacara-Mirineu-2-768x462.webp 768w, https:\/\/uploads.acordacidade.com.br\/2025\/05\/ZmYqcZrI-Travessa-Chacara-Mirineu-2-150x90.webp 150w, https:\/\/uploads.acordacidade.com.br\/2025\/05\/ZmYqcZrI-Travessa-Chacara-Mirineu-2.webp 1152w\"><figcaption class=\"wp-element-caption\">Travessa Ch\u00e1cara Mirineu | Foto: Enviada pelo WhatsApp<\/figcaption><\/figure>\n<figure class=\"wp-block-image size-large\"><img loading=\"lazy\" data-dominant-color=\"466539\" data-has-transparency=\"false\" style=\"--dominant-color: #466539;\" decoding=\"async\" width=\"1024\" height=\"647\" sizes=\"(max-width: 1024px) 100vw, 1024px\" src=\"http:\/\/noticiasbahia360.com.br\/wp-content\/uploads\/2025\/05\/zlRH5Iiw-Travessa-Chacara-Mirineu-1024x647-1.webp\" alt=\"Problemas que se repetem: buracos, alagamentos e falta de limpeza p\u00fablica; confira os flagrantes da comunidade\" class=\"wp-image-556204 not-transparent\" srcset=\"https:\/\/uploads.acordacidade.com.br\/2025\/05\/zlRH5Iiw-Travessa-Chacara-Mirineu-300x190.webp 300w, http:\/\/noticiasbahia360.com.br\/wp-content\/uploads\/2025\/05\/zlRH5Iiw-Travessa-Chacara-Mirineu-1024x647-1.webp 1024w, https:\/\/uploads.acordacidade.com.br\/2025\/05\/zlRH5Iiw-Travessa-Chacara-Mirineu-768x485.webp 768w, https:\/\/uploads.acordacidade.com.br\/2025\/05\/zlRH5Iiw-Travessa-Chacara-Mirineu-150x95.webp 150w, https:\/\/uploads.acordacidade.com.br\/2025\/05\/zlRH5Iiw-Travessa-Chacara-Mirineu.webp 1152w\"><figcaption class=\"wp-element-caption\">Travessa Ch\u00e1cara Mirineu | Foto: Enviada pelo WhatsApp<\/figcaption><\/figure>\n<p>O Acorda Cidade enviou as situa\u00e7\u00f5es listadas para a respectivas secretarias municipais e aguarda retornos. <\/p>\n<p><em>Siga o Acorda Cidade no<\/em><a href=\"https:\/\/news.google.com\/search?q=acorda%20cidade&amp;hl=pt-BR&amp;gl=BR&amp;ceid=BR%3Apt-419\"><strong><em>\u00a0Google Not\u00edcias<\/em><\/strong><\/a><em>\u00a0e receba os principais destaques do dia. Participe tamb\u00e9m dos nossos canais no\u00a0<\/em><a href=\"https:\/\/www.whatsapp.com\/channel\/0029Va6Rb4v3WHTNnsh8WI3N\"><strong><em>WhatsApp<\/em><\/strong><\/a><em>\u00a0e\u00a0<\/em><a href=\"https:\/\/www.youtube.com\/@acordacidadenoticias\/videos\"><strong>Youtube<\/strong><\/a><em>\u00a0e grupo de\u00a0<\/em><a href=\"https:\/\/t.me\/+sSz0khrgARA0ZmRh\"><strong><em>Telegram<\/em><\/strong><\/a><em>.<\/em><\/p>\n<\/div>\n","protected":false},"excerpt":{"rendered":"<div>\n<div>\n<figure><img decoding=\"async\" src=\"https:\/\/uploads.acordacidade.com.br\/2025\/05\/Bairro-Campo-Limpo.jpg\" alt=\"Problemas que se repetem: buracos, alagamentos e falta de limpeza p\u00fablica; confira os flagrantes da comunidade\"><figcaption>Rua Parque Pitombo | Foto: Enviada pelo WhatsApp <\/figcaption><\/figure>\n<\/div>\n<p>As reclama\u00e7\u00f5es foram enviadas ao Acorda Cidade via WhatsApp (75) 9 8297-4004 com fotos comprovando as situa\u00e7\u00f5es.<\/p><\/div>\n","protected":false},"author":1,"featured_media":87153,"comment_status":"closed","ping_status":"closed","sticky":false,"template":"","format":"gallery","meta":{"footnotes":""},"categories":[8,9,6,57,56,10],"tags":[],"class_list":["post-87152","post","type-post","status-publish","format-gallery","has-post-thumbnail","hentry","category-bahia","category-brasil","category-feira-de-santana","category-mundo","category-policia","category-politica","post_format-post-format-gallery"],"featured_image_urls":{"full":["https:\/\/noticiasbahia360.com.br\/wp-content\/uploads\/2025\/05\/Bairro-Campo-Limpo.jpg",1200,972,false],"thumbnail":["https:\/\/noticiasbahia360.com.br\/wp-content\/uploads\/2025\/05\/Bairro-Campo-Limpo-150x150.jpg",150,150,true],"medium":["https:\/\/noticiasbahia360.com.br\/wp-content\/uploads\/2025\/05\/Bairro-Campo-Limpo-300x243.jpg",300,243,true],"medium_large":["https:\/\/noticiasbahia360.com.br\/wp-content\/uploads\/2025\/05\/Bairro-Campo-Limpo-768x622.jpg",640,518,true],"large":["https:\/\/noticiasbahia360.com.br\/wp-content\/uploads\/2025\/05\/Bairro-Campo-Limpo-1024x829.jpg",640,518,true],"1536x1536":["https:\/\/noticiasbahia360.com.br\/wp-content\/uploads\/2025\/05\/Bairro-Campo-Limpo.jpg",1200,972,false],"2048x2048":["https:\/\/noticiasbahia360.com.br\/wp-content\/uploads\/2025\/05\/Bairro-Campo-Limpo.jpg",1200,972,false],"chromenews-featured":["https:\/\/noticiasbahia360.com.br\/wp-content\/uploads\/2025\/05\/Bairro-Campo-Limpo-1024x829.jpg",1024,829,true],"chromenews-large":["https:\/\/noticiasbahia360.com.br\/wp-content\/uploads\/2025\/05\/Bairro-Campo-Limpo-825x575.jpg",825,575,true],"chromenews-medium":["https:\/\/noticiasbahia360.com.br\/wp-content\/uploads\/2025\/05\/Bairro-Campo-Limpo-590x410.jpg",590,410,true]},"author_info":{"display_name":"noticiasbahia360.com.br","author_link":"https:\/\/noticiasbahia360.com.br\/?author=1"},"category_info":"<a href=\"https:\/\/noticiasbahia360.com.br\/?cat=8\" rel=\"category\">Bahia<\/a> <a href=\"https:\/\/noticiasbahia360.com.br\/?cat=9\" rel=\"category\">Brasil<\/a> <a href=\"https:\/\/noticiasbahia360.com.br\/?cat=6\" rel=\"category\">Feira de Santana<\/a> <a href=\"https:\/\/noticiasbahia360.com.br\/?cat=57\" rel=\"category\">Mundo<\/a> <a href=\"https:\/\/noticiasbahia360.com.br\/?cat=56\" rel=\"category\">Pol\u00edcia<\/a> <a href=\"https:\/\/noticiasbahia360.com.br\/?cat=10\" rel=\"category\">Pol\u00edtica<\/a>","tag_info":"Pol\u00edtica","comment_count":"0","_links":{"self":[{"href":"https:\/\/noticiasbahia360.com.br\/index.php?rest_route=\/wp\/v2\/posts\/87152","targetHints":{"allow":["GET"]}}],"collection":[{"href":"https:\/\/noticiasbahia360.com.br\/index.php?rest_route=\/wp\/v2\/posts"}],"about":[{"href":"https:\/\/noticiasbahia360.com.br\/index.php?rest_route=\/wp\/v2\/types\/post"}],"author":[{"embeddable":true,"href":"https:\/\/noticiasbahia360.com.br\/index.php?rest_route=\/wp\/v2\/users\/1"}],"replies":[{"embeddable":true,"href":"https:\/\/noticiasbahia360.com.br\/index.php?rest_route=%2Fwp%2Fv2%2Fcomments&post=87152"}],"version-history":[{"count":0,"href":"https:\/\/noticiasbahia360.com.br\/index.php?rest_route=\/wp\/v2\/posts\/87152\/revisions"}],"wp:featuredmedia":[{"embeddable":true,"href":"https:\/\/noticiasbahia360.com.br\/index.php?rest_route=\/wp\/v2\/media\/87153"}],"wp:attachment":[{"href":"https:\/\/noticiasbahia360.com.br\/index.php?rest_route=%2Fwp%2Fv2%2Fmedia&parent=87152"}],"wp:term":[{"taxonomy":"category","embeddable":true,"href":"https:\/\/noticiasbahia360.com.br\/index.php?rest_route=%2Fwp%2Fv2%2Fcategories&post=87152"},{"taxonomy":"post_tag","embeddable":true,"href":"https:\/\/noticiasbahia360.com.br\/index.php?rest_route=%2Fwp%2Fv2%2Ftags&post=87152"}],"curies":[{"name":"wp","href":"https:\/\/api.w.org\/{rel}","templated":true}]}}