{"id":87169,"date":"2025-05-23T07:24:43","date_gmt":"2025-05-23T10:24:43","guid":{"rendered":"https:\/\/noticiasbahia360.com.br\/?p=87169"},"modified":"2025-05-23T07:24:43","modified_gmt":"2025-05-23T10:24:43","slug":"audiencia-publica-discutira-situacao-do-planserv","status":"publish","type":"post","link":"https:\/\/noticiasbahia360.com.br\/?p=87169","title":{"rendered":"Audi\u00eancia p\u00fablica discutir\u00e1 situa\u00e7\u00e3o do Planserv"},"content":{"rendered":"<div>\n<div>\n<figure><img decoding=\"async\" src=\"http:\/\/noticiasbahia360.com.br\/wp-content\/uploads\/2025\/05\/w5TNxN6d-planserv-Foto-Feijao-Almeida-GOVBA-5-768x512-1.png\" alt=\"Planserv | Telemedicina\"><figcaption>Foto: Feij\u00e3o Almeida\/GOVBA<\/figcaption><\/figure>\n<\/div>\n<p>Na pr\u00f3xima ter\u00e7a-feira (27), \u00e0s 10h, a Comiss\u00e3o de Sa\u00fade e Saneamento da <a href=\"https:\/\/www.acordacidade.com.br\/tag\/alba\/\">Assembleia Legislativa da Bahia (Alba) <\/a>realizar\u00e1 uma audi\u00eancia p\u00fablica com o tema \u201cSitua\u00e7\u00e3o Atual do Planserv\u201d. A atividade acontecer\u00e1 na sala das comiss\u00f5es, na Alba.<\/p>\n<p>A audi\u00eancia foi proposta pelos deputados Jos\u00e9 de Arimateia (Republicanos) e Jord\u00e1vio Ramos (PSDB) e tem como objetivo promover um espa\u00e7o de escuta e debate sobre os desafios enfrentados pelos usu\u00e1rios do Planserv, plano de assist\u00eancia \u00e0 sa\u00fade dos servidores p\u00fablicos estaduais.<\/p>\n<p>O deputado Jord\u00e1vio Ramos, que \u00e9 vice-presidente do colegiado da sa\u00fade, destaca a import\u00e2ncia do debate: \u201cO Planserv precisa voltar a ser um plano que cuida das pessoas. Hoje, o que a gente mais ouve s\u00e3o relatos de demora no atendimento, dificuldade pra conseguir exames e cirurgias, e a falta de m\u00e9dicos credenciados. Essa audi\u00eancia \u00e9 um passo importante pra ouvirmos a popula\u00e7\u00e3o e buscarmos solu\u00e7\u00f5es concretas.\u201d<\/p>\n<p>Para o deputado Jos\u00e9 de Arimateia, membro da comiss\u00e3o, a audi\u00eancia \u00e9 fundamental: \u201c\u00c9 necess\u00e1rio abrir espa\u00e7o para ouvir todos os lados e, principalmente, assegurar atendimento e tratamento de sa\u00fade de qualidade aos servidores da Bahia.\u201d<\/p>\n<p>O encontro contar\u00e1 com a participa\u00e7\u00e3o do movimento \u201cDevolvam Nosso Planserv\u201d, grupo independente e apartid\u00e1rio que tem atuado em defesa da melhoria do servi\u00e7o. Tamb\u00e9m foram convidados representantes do Planserv, da Secretaria da Administra\u00e7\u00e3o do Estado da Bahia (Saeb), da Ouvidoria Geral do Estado, da Procuradoria Geral do Estado, do Tribunal de Justi\u00e7a, do Minist\u00e9rio P\u00fablico, al\u00e9m de hospitais credenciados ao conv\u00eanio.<\/p>\n<p><strong>Audi\u00eancia P\u00fablica \u2013 Situa\u00e7\u00e3o Atual do Planserv<\/strong><br \/><strong>Data:<\/strong> 27 de maio de 2025<br \/><strong>Hor\u00e1rio: <\/strong>10h<br \/><strong>Local:<\/strong> Salas das Comiss\u00f5es Herculano Menezes e Luiz Cabral \u2013 Assembleia Legislativa da Bahia (ALBA)<\/p>\n<p><em>Siga o Acorda Cidade no<\/em><a href=\"https:\/\/news.google.com\/search?q=acorda%20cidade&amp;hl=pt-BR&amp;gl=BR&amp;ceid=BR%3Apt-419\"><strong><em> Google Not\u00edcias<\/em><\/strong><\/a><em> e receba os principais destaques do dia. Participe tamb\u00e9m dos nossos canais no <\/em><a href=\"https:\/\/whatsapp.com\/channel\/0029Va6Rb4v3WHTNnsh8WI3N\"><strong><em>WhatsApp<\/em><\/strong><\/a><em> e <\/em><a href=\"https:\/\/www.youtube.com\/@acordacidadenoticias\/videos\"><strong>YouTube<\/strong><\/a><em> e do grupo no <\/em><a href=\"https:\/\/t.me\/+sSz0khrgARA0ZmRh\"><strong><em>Telegram<\/em><\/strong><\/a><em>.<\/em><\/p>\n<\/div>\n","protected":false},"excerpt":{"rendered":"<div>\n<div>\n<figure><img decoding=\"async\" src=\"https:\/\/uploads.acordacidade.com.br\/2024\/12\/w5TNxN6d-planserv-Foto-Feijao-Almeida-GOVBA-5-768x512-1.png\" alt=\"Planserv | Telemedicina\"><figcaption>Foto: Feij\u00e3o Almeida\/GOVBA<\/figcaption><\/figure>\n<\/div>\n<p>O encontro contar\u00e1 com a participa\u00e7\u00e3o do movimento \u201cDevolvam Nosso Planserv\u201d, grupo independente e apartid\u00e1rio.<\/p><\/div>\n","protected":false},"author":1,"featured_media":87170,"comment_status":"closed","ping_status":"closed","sticky":false,"template":"","format":"gallery","meta":{"footnotes":""},"categories":[8,9,6,57,56,10],"tags":[],"class_list":["post-87169","post","type-post","status-publish","format-gallery","has-post-thumbnail","hentry","category-bahia","category-brasil","category-feira-de-santana","category-mundo","category-policia","category-politica","post_format-post-format-gallery"],"featured_image_urls":{"full":["https:\/\/noticiasbahia360.com.br\/wp-content\/uploads\/2025\/05\/w5TNxN6d-planserv-Foto-Feijao-Almeida-GOVBA-5-768x512-1.png",640,427,false],"thumbnail":["https:\/\/noticiasbahia360.com.br\/wp-content\/uploads\/2025\/05\/w5TNxN6d-planserv-Foto-Feijao-Almeida-GOVBA-5-768x512-1-150x150.png",150,150,true],"medium":["https:\/\/noticiasbahia360.com.br\/wp-content\/uploads\/2025\/05\/w5TNxN6d-planserv-Foto-Feijao-Almeida-GOVBA-5-768x512-1-300x200.png",300,200,true],"medium_large":["https:\/\/noticiasbahia360.com.br\/wp-content\/uploads\/2025\/05\/w5TNxN6d-planserv-Foto-Feijao-Almeida-GOVBA-5-768x512-1.png",640,427,false],"large":["https:\/\/noticiasbahia360.com.br\/wp-content\/uploads\/2025\/05\/w5TNxN6d-planserv-Foto-Feijao-Almeida-GOVBA-5-768x512-1.png",640,427,false],"1536x1536":["https:\/\/noticiasbahia360.com.br\/wp-content\/uploads\/2025\/05\/w5TNxN6d-planserv-Foto-Feijao-Almeida-GOVBA-5-768x512-1.png",640,427,false],"2048x2048":["https:\/\/noticiasbahia360.com.br\/wp-content\/uploads\/2025\/05\/w5TNxN6d-planserv-Foto-Feijao-Almeida-GOVBA-5-768x512-1.png",640,427,false],"chromenews-featured":["https:\/\/noticiasbahia360.com.br\/wp-content\/uploads\/2025\/05\/w5TNxN6d-planserv-Foto-Feijao-Almeida-GOVBA-5-768x512-1.png",640,427,false],"chromenews-large":["https:\/\/noticiasbahia360.com.br\/wp-content\/uploads\/2025\/05\/w5TNxN6d-planserv-Foto-Feijao-Almeida-GOVBA-5-768x512-1.png",640,427,false],"chromenews-medium":["https:\/\/noticiasbahia360.com.br\/wp-content\/uploads\/2025\/05\/w5TNxN6d-planserv-Foto-Feijao-Almeida-GOVBA-5-768x512-1-590x410.png",590,410,true]},"author_info":{"display_name":"noticiasbahia360.com.br","author_link":"https:\/\/noticiasbahia360.com.br\/?author=1"},"category_info":"<a href=\"https:\/\/noticiasbahia360.com.br\/?cat=8\" rel=\"category\">Bahia<\/a> <a href=\"https:\/\/noticiasbahia360.com.br\/?cat=9\" rel=\"category\">Brasil<\/a> <a href=\"https:\/\/noticiasbahia360.com.br\/?cat=6\" rel=\"category\">Feira de Santana<\/a> <a href=\"https:\/\/noticiasbahia360.com.br\/?cat=57\" rel=\"category\">Mundo<\/a> <a href=\"https:\/\/noticiasbahia360.com.br\/?cat=56\" rel=\"category\">Pol\u00edcia<\/a> <a href=\"https:\/\/noticiasbahia360.com.br\/?cat=10\" rel=\"category\">Pol\u00edtica<\/a>","tag_info":"Pol\u00edtica","comment_count":"0","_links":{"self":[{"href":"https:\/\/noticiasbahia360.com.br\/index.php?rest_route=\/wp\/v2\/posts\/87169","targetHints":{"allow":["GET"]}}],"collection":[{"href":"https:\/\/noticiasbahia360.com.br\/index.php?rest_route=\/wp\/v2\/posts"}],"about":[{"href":"https:\/\/noticiasbahia360.com.br\/index.php?rest_route=\/wp\/v2\/types\/post"}],"author":[{"embeddable":true,"href":"https:\/\/noticiasbahia360.com.br\/index.php?rest_route=\/wp\/v2\/users\/1"}],"replies":[{"embeddable":true,"href":"https:\/\/noticiasbahia360.com.br\/index.php?rest_route=%2Fwp%2Fv2%2Fcomments&post=87169"}],"version-history":[{"count":0,"href":"https:\/\/noticiasbahia360.com.br\/index.php?rest_route=\/wp\/v2\/posts\/87169\/revisions"}],"wp:featuredmedia":[{"embeddable":true,"href":"https:\/\/noticiasbahia360.com.br\/index.php?rest_route=\/wp\/v2\/media\/87170"}],"wp:attachment":[{"href":"https:\/\/noticiasbahia360.com.br\/index.php?rest_route=%2Fwp%2Fv2%2Fmedia&parent=87169"}],"wp:term":[{"taxonomy":"category","embeddable":true,"href":"https:\/\/noticiasbahia360.com.br\/index.php?rest_route=%2Fwp%2Fv2%2Fcategories&post=87169"},{"taxonomy":"post_tag","embeddable":true,"href":"https:\/\/noticiasbahia360.com.br\/index.php?rest_route=%2Fwp%2Fv2%2Ftags&post=87169"}],"curies":[{"name":"wp","href":"https:\/\/api.w.org\/{rel}","templated":true}]}}