{"id":87173,"date":"2025-05-23T09:00:28","date_gmt":"2025-05-23T12:00:28","guid":{"rendered":"https:\/\/noticiasbahia360.com.br\/?p=87173"},"modified":"2025-05-23T09:00:28","modified_gmt":"2025-05-23T12:00:28","slug":"jovem-e-encontrado-morto-no-lixo-com-maos-e-pes-amarrados-em-feira-de-santana","status":"publish","type":"post","link":"https:\/\/noticiasbahia360.com.br\/?p=87173","title":{"rendered":"Jovem \u00e9 encontrado morto no lixo com m\u00e3os e p\u00e9s amarrados em Feira de Santana"},"content":{"rendered":"<div>\n<div>\n<figure><img decoding=\"async\" src=\"http:\/\/noticiasbahia360.com.br\/wp-content\/uploads\/2025\/05\/Homicidio-no-bairro-Queimadinha-jovem-encontrado-com-sinais-de-espancamento-23-05-25.jpg\" alt=\"Homic\u00eddio no bairro Queimadinha - jovem encontrado com sinais de espancamento\"><figcaption>Foto: Ed Santos\/Acorda Cidade<\/figcaption><\/figure>\n<\/div>\n<p>Um jovem de 18 anos foi encontrado morto, com sinais de espancamento, na manh\u00e3 desta sexta-feira (23), na Rua Leblon, bairro <a href=\"https:\/\/www.acordacidade.com.br\/tag\/queimadinha\/\">Queimadinha<\/a> em Feira de Santana.  Ele foi identificado como Cau\u00e3 Cirino dos Santos, e residia na Rua Cear\u00e1, no mesmo bairro. O corpo foi encontrado no lixo, parcialmente envolto em um saco, e com as m\u00e3os e os p\u00e9s amarrados.<\/p>\n<p>Segundo apurado pelo Acorda Cidade, moradores que avistaram o corpo o reconheceram e chamaram o pai do jovem. No local ele contou aos policiais da 66\u00aa Companhia Independente da Pol\u00edcia Militar que o filho estava em situa\u00e7\u00e3o de rua, praticamente n\u00e3o ia em casa, e era bastante espancado, por praticar pequenos furtos.\u00a0 Ele disse tamb\u00e9m que Cau\u00e3 precisou ser atendido no Hospital Geral Cl\u00e9riston Andrade v\u00e1rias vezes por conta disso.<\/p>\n<figure class=\"wp-block-image size-full is-resized\"><img fetchpriority=\"high\" data-dominant-color=\"665e5a\" data-has-transparency=\"false\" fetchpriority=\"high\" decoding=\"async\" width=\"731\" height=\"390\" sizes=\"(max-width: 731px) 100vw, 731px\" src=\"http:\/\/noticiasbahia360.com.br\/wp-content\/uploads\/2025\/05\/GNJocchA-jovm-encontrado-morto-por-espancamento.webp\" alt=\"Homic\u00eddio no bairro Queimadinha \" class=\"wp-image-556902 not-transparent\" style=\"--dominant-color: #665e5a; width:832px;height:auto\" srcset=\"https:\/\/uploads.acordacidade.com.br\/2025\/05\/GNJocchA-jovm-encontrado-morto-por-espancamento-300x160.webp 300w, https:\/\/uploads.acordacidade.com.br\/2025\/05\/GNJocchA-jovm-encontrado-morto-por-espancamento-150x80.webp 150w, http:\/\/noticiasbahia360.com.br\/wp-content\/uploads\/2025\/05\/GNJocchA-jovm-encontrado-morto-por-espancamento.webp 731w\"><figcaption class=\"wp-element-caption\">Foto: Redes Sociais<\/figcaption><\/figure>\n<p>Ainda conforme informa\u00e7\u00f5es obtidas pelo Acorda Cidade, durante a madrugada ele estava em um campo de futebol, quando foi arrastado para o local e espancado at\u00e9 a morte. O pai relatou tamb\u00e9m que a v\u00edtima fazia uso de drogas desde os 14 anos de idade. Muito abalado, ele e n\u00e3o quis gravar entrevista.<\/p>\n<p>A Delegacia de Homic\u00eddios vai investigar a autoria do crime. O corpo ser\u00e1 necropsiado no Departamento de Pol\u00edcia T\u00e9cnica (DPT).<\/p>\n<figure class=\"wp-block-image size-large\"><img data-dominant-color=\"81836f\" data-has-transparency=\"false\" style=\"--dominant-color: #81836f;\" decoding=\"async\" width=\"1024\" height=\"768\" sizes=\"(max-width: 1024px) 100vw, 1024px\" src=\"http:\/\/noticiasbahia360.com.br\/wp-content\/uploads\/2025\/05\/Kq0790jw-Homicidio-no-bairro-Queimadinha-jovem-encontrado-com-sinais-de-espancamento-1024x768-1.webp\" alt=\"Homic\u00eddio no bairro Queimadinha - jovem encontrado com sinais de espancamento\" class=\"wp-image-556901 not-transparent\" srcset=\"https:\/\/uploads.acordacidade.com.br\/2025\/05\/Kq0790jw-Homicidio-no-bairro-Queimadinha-jovem-encontrado-com-sinais-de-espancamento-300x225.webp 300w, http:\/\/noticiasbahia360.com.br\/wp-content\/uploads\/2025\/05\/Kq0790jw-Homicidio-no-bairro-Queimadinha-jovem-encontrado-com-sinais-de-espancamento-1024x768-1.webp 1024w, https:\/\/uploads.acordacidade.com.br\/2025\/05\/Kq0790jw-Homicidio-no-bairro-Queimadinha-jovem-encontrado-com-sinais-de-espancamento-768x576.webp 768w, https:\/\/uploads.acordacidade.com.br\/2025\/05\/Kq0790jw-Homicidio-no-bairro-Queimadinha-jovem-encontrado-com-sinais-de-espancamento-150x113.webp 150w, https:\/\/uploads.acordacidade.com.br\/2025\/05\/Kq0790jw-Homicidio-no-bairro-Queimadinha-jovem-encontrado-com-sinais-de-espancamento.webp 1200w\"><figcaption class=\"wp-element-caption\">Foto: Ed Santos\/Acorda Cidade<\/figcaption><\/figure>\n<p><em>Com informa\u00e7\u00f5es do rep\u00f3rter Ed Santos do Acorda Cidade<\/em><\/p>\n<p><em>Siga o Acorda Cidade no<\/em><a href=\"https:\/\/news.google.com\/search?q=acorda%20cidade&amp;hl=pt-BR&amp;gl=BR&amp;ceid=BR%3Apt-419\"><strong><em> Google Not\u00edcias<\/em><\/strong><\/a><em> e receba os principais destaques do dia. Participe tamb\u00e9m dos nossos canais no <\/em><a href=\"https:\/\/whatsapp.com\/channel\/0029Va6Rb4v3WHTNnsh8WI3N\"><strong><em>WhatsApp<\/em><\/strong><\/a><em> e <\/em><a href=\"https:\/\/www.youtube.com\/@acordacidadenoticias\/videos\"><strong>YouTube<\/strong><\/a><em> e do grupo no <\/em><a href=\"https:\/\/t.me\/+sSz0khrgARA0ZmRh\"><strong><em>Telegram<\/em><\/strong><\/a><em>.<\/em><\/p>\n<\/div>\n","protected":false},"excerpt":{"rendered":"<div>\n<div>\n<figure><img decoding=\"async\" src=\"https:\/\/uploads.acordacidade.com.br\/2025\/05\/Homicidio-no-bairro-Queimadinha-jovem-encontrado-com-sinais-de-espancamento-23-05-25.jpg\" alt=\"Homic\u00eddio no bairro Queimadinha - jovem encontrado com sinais de espancamento\"><figcaption>Foto: Ed Santos\/Acorda Cidade<\/figcaption><\/figure>\n<\/div>\n<p>Um jovem de 18 anos foi encontrado morto, com sinais de espancamento, na manh\u00e3 desta sexta-feira (23), na Rua Leblon, bairro Queimadinha em Feira de Santana. Ele foi identificado como Cau\u00e3 Cirino dos Santos, e residia na Rua Cear\u00e1, no mesmo bairro. O corpo foi encontrado no lixo, parcialmente envolto em um saco, e com [\u2026]<\/p><\/div>\n","protected":false},"author":1,"featured_media":87174,"comment_status":"closed","ping_status":"closed","sticky":false,"template":"","format":"gallery","meta":{"footnotes":""},"categories":[8,9,6,57,56,10],"tags":[],"class_list":["post-87173","post","type-post","status-publish","format-gallery","has-post-thumbnail","hentry","category-bahia","category-brasil","category-feira-de-santana","category-mundo","category-policia","category-politica","post_format-post-format-gallery"],"featured_image_urls":{"full":["https:\/\/noticiasbahia360.com.br\/wp-content\/uploads\/2025\/05\/Homicidio-no-bairro-Queimadinha-jovem-encontrado-com-sinais-de-espancamento-23-05-25.jpg",1200,900,false],"thumbnail":["https:\/\/noticiasbahia360.com.br\/wp-content\/uploads\/2025\/05\/Homicidio-no-bairro-Queimadinha-jovem-encontrado-com-sinais-de-espancamento-23-05-25-150x150.jpg",150,150,true],"medium":["https:\/\/noticiasbahia360.com.br\/wp-content\/uploads\/2025\/05\/Homicidio-no-bairro-Queimadinha-jovem-encontrado-com-sinais-de-espancamento-23-05-25-300x225.jpg",300,225,true],"medium_large":["https:\/\/noticiasbahia360.com.br\/wp-content\/uploads\/2025\/05\/Homicidio-no-bairro-Queimadinha-jovem-encontrado-com-sinais-de-espancamento-23-05-25-768x576.jpg",640,480,true],"large":["https:\/\/noticiasbahia360.com.br\/wp-content\/uploads\/2025\/05\/Homicidio-no-bairro-Queimadinha-jovem-encontrado-com-sinais-de-espancamento-23-05-25-1024x768.jpg",640,480,true],"1536x1536":["https:\/\/noticiasbahia360.com.br\/wp-content\/uploads\/2025\/05\/Homicidio-no-bairro-Queimadinha-jovem-encontrado-com-sinais-de-espancamento-23-05-25.jpg",1200,900,false],"2048x2048":["https:\/\/noticiasbahia360.com.br\/wp-content\/uploads\/2025\/05\/Homicidio-no-bairro-Queimadinha-jovem-encontrado-com-sinais-de-espancamento-23-05-25.jpg",1200,900,false],"chromenews-featured":["https:\/\/noticiasbahia360.com.br\/wp-content\/uploads\/2025\/05\/Homicidio-no-bairro-Queimadinha-jovem-encontrado-com-sinais-de-espancamento-23-05-25-1024x768.jpg",1024,768,true],"chromenews-large":["https:\/\/noticiasbahia360.com.br\/wp-content\/uploads\/2025\/05\/Homicidio-no-bairro-Queimadinha-jovem-encontrado-com-sinais-de-espancamento-23-05-25-825x575.jpg",825,575,true],"chromenews-medium":["https:\/\/noticiasbahia360.com.br\/wp-content\/uploads\/2025\/05\/Homicidio-no-bairro-Queimadinha-jovem-encontrado-com-sinais-de-espancamento-23-05-25-590x410.jpg",590,410,true]},"author_info":{"display_name":"noticiasbahia360.com.br","author_link":"https:\/\/noticiasbahia360.com.br\/?author=1"},"category_info":"<a href=\"https:\/\/noticiasbahia360.com.br\/?cat=8\" rel=\"category\">Bahia<\/a> <a href=\"https:\/\/noticiasbahia360.com.br\/?cat=9\" rel=\"category\">Brasil<\/a> <a href=\"https:\/\/noticiasbahia360.com.br\/?cat=6\" rel=\"category\">Feira de Santana<\/a> <a href=\"https:\/\/noticiasbahia360.com.br\/?cat=57\" rel=\"category\">Mundo<\/a> <a href=\"https:\/\/noticiasbahia360.com.br\/?cat=56\" rel=\"category\">Pol\u00edcia<\/a> <a href=\"https:\/\/noticiasbahia360.com.br\/?cat=10\" rel=\"category\">Pol\u00edtica<\/a>","tag_info":"Pol\u00edtica","comment_count":"0","_links":{"self":[{"href":"https:\/\/noticiasbahia360.com.br\/index.php?rest_route=\/wp\/v2\/posts\/87173","targetHints":{"allow":["GET"]}}],"collection":[{"href":"https:\/\/noticiasbahia360.com.br\/index.php?rest_route=\/wp\/v2\/posts"}],"about":[{"href":"https:\/\/noticiasbahia360.com.br\/index.php?rest_route=\/wp\/v2\/types\/post"}],"author":[{"embeddable":true,"href":"https:\/\/noticiasbahia360.com.br\/index.php?rest_route=\/wp\/v2\/users\/1"}],"replies":[{"embeddable":true,"href":"https:\/\/noticiasbahia360.com.br\/index.php?rest_route=%2Fwp%2Fv2%2Fcomments&post=87173"}],"version-history":[{"count":0,"href":"https:\/\/noticiasbahia360.com.br\/index.php?rest_route=\/wp\/v2\/posts\/87173\/revisions"}],"wp:featuredmedia":[{"embeddable":true,"href":"https:\/\/noticiasbahia360.com.br\/index.php?rest_route=\/wp\/v2\/media\/87174"}],"wp:attachment":[{"href":"https:\/\/noticiasbahia360.com.br\/index.php?rest_route=%2Fwp%2Fv2%2Fmedia&parent=87173"}],"wp:term":[{"taxonomy":"category","embeddable":true,"href":"https:\/\/noticiasbahia360.com.br\/index.php?rest_route=%2Fwp%2Fv2%2Fcategories&post=87173"},{"taxonomy":"post_tag","embeddable":true,"href":"https:\/\/noticiasbahia360.com.br\/index.php?rest_route=%2Fwp%2Fv2%2Ftags&post=87173"}],"curies":[{"name":"wp","href":"https:\/\/api.w.org\/{rel}","templated":true}]}}