{"id":87177,"date":"2025-05-23T09:11:42","date_gmt":"2025-05-23T12:11:42","guid":{"rendered":"https:\/\/noticiasbahia360.com.br\/?p=87177"},"modified":"2025-05-23T09:11:42","modified_gmt":"2025-05-23T12:11:42","slug":"criminoso-que-fez-6-refens-em-salvador-foi-colocado-em-liberdade-em-novembro-de-2024","status":"publish","type":"post","link":"https:\/\/noticiasbahia360.com.br\/?p=87177","title":{"rendered":"Criminoso que fez 6 ref\u00e9ns em Salvador foi colocado em liberdade em novembro de 2024"},"content":{"rendered":"<div>\n<div>\n<figure><img decoding=\"async\" src=\"http:\/\/noticiasbahia360.com.br\/wp-content\/uploads\/2025\/05\/fez-refens-no-nordeste-de-amaralina.jpg\" alt=\"Criminoso que fez ref\u00e9ns no Nordeste de Amaralina foi colocado em liberdade em novembro de 2024\"><figcaption>Foto: SSP<\/figcaption><\/figure>\n<\/div>\n<p>O criminoso que atirou contra policiais militares e fez seis pessoas de ref\u00e9ns na noite de quinta-feira (22), em um dep\u00f3sito de bebidas no bairro do Nordeste de Amaralina, em Salvador, foi colocado em liberdade em novembro de 2024. A informa\u00e7\u00e3o \u00e9 da Secretaria de Seguran\u00e7a P\u00fablica (SSP).<\/p>\n<p>Tamb\u00e9m segundo a SSP, ee possui passagens por roubo, cumpria pena no Conjunto Penal de Lauro de Freitas e se declara integrante de uma fac\u00e7\u00e3o. Com ele, equipes do Batalh\u00e3o de Opera\u00e7\u00f5es Policiais Especiais (Bope), respons\u00e1vel pela negocia\u00e7\u00e3o, e da 40\u00aa CIPM apreenderam uma pistola, carregador, muni\u00e7\u00f5es e drogas.<\/p>\n<p>As a\u00e7\u00f5es preventivas e de intelig\u00eancia seguem refor\u00e7adas no Complexo do Nordeste de Amaralina.  O sequestrador foi preso ap\u00f3s se entregar a pol\u00edcia. Antes ele pediu a presen\u00e7a da imprensa e de familiares no local. A esposa e a m\u00e3e dele acompanharam as negocia\u00e7\u00f5es.<\/p>\n<p>De acordo com a Pol\u00edcia Militar, guarni\u00e7\u00f5es da 40\u00aa Companhia Independente realizavam patrulhamento na \u00e1rea quando flagraram suspeitos armados. Ao perceberem a aproxima\u00e7\u00e3o dos policiais, os homens fugiram e um deles entrou no estabelecimento, mantendo os clientes e funcion\u00e1rios sob amea\u00e7a.<\/p>\n<p><em>Siga o Acorda Cidade no<\/em><a href=\"https:\/\/news.google.com\/search?q=acorda%20cidade&amp;hl=pt-BR&amp;gl=BR&amp;ceid=BR%3Apt-419\"><strong><em> Google Not\u00edcias<\/em><\/strong><\/a><em> e receba os principais destaques do dia. Participe tamb\u00e9m dos nossos canais no <\/em><a href=\"https:\/\/whatsapp.com\/channel\/0029Va6Rb4v3WHTNnsh8WI3N\"><strong><em>WhatsApp<\/em><\/strong><\/a><em> e <\/em><a href=\"https:\/\/www.youtube.com\/@acordacidadenoticias\/videos\"><strong>YouTube<\/strong><\/a><em> e do grupo no <\/em><a href=\"https:\/\/t.me\/+sSz0khrgARA0ZmRh\"><strong><em>Telegram<\/em><\/strong><\/a><em>.<\/em><\/p>\n<\/div>\n","protected":false},"excerpt":{"rendered":"<div>\n<div>\n<figure><img decoding=\"async\" src=\"https:\/\/uploads.acordacidade.com.br\/2025\/05\/fez-refens-no-nordeste-de-amaralina.jpg\" alt=\"Criminoso que fez ref\u00e9ns no Nordeste de Amaralina foi colocado em liberdade em novembro de 2024\"><figcaption>Foto: SSP<\/figcaption><\/figure>\n<\/div>\n<p>Ele possui passagens por roubo, cumpria pena no Conjunto Penal de Lauro de Freitas e se declara integrante de uma fac\u00e7\u00e3o.<\/p><\/div>\n","protected":false},"author":1,"featured_media":87178,"comment_status":"closed","ping_status":"closed","sticky":false,"template":"","format":"gallery","meta":{"footnotes":""},"categories":[8,9,6,57,56,10],"tags":[],"class_list":["post-87177","post","type-post","status-publish","format-gallery","has-post-thumbnail","hentry","category-bahia","category-brasil","category-feira-de-santana","category-mundo","category-policia","category-politica","post_format-post-format-gallery"],"featured_image_urls":{"full":["https:\/\/noticiasbahia360.com.br\/wp-content\/uploads\/2025\/05\/fez-refens-no-nordeste-de-amaralina.jpg",1200,749,false],"thumbnail":["https:\/\/noticiasbahia360.com.br\/wp-content\/uploads\/2025\/05\/fez-refens-no-nordeste-de-amaralina-150x150.jpg",150,150,true],"medium":["https:\/\/noticiasbahia360.com.br\/wp-content\/uploads\/2025\/05\/fez-refens-no-nordeste-de-amaralina-300x187.jpg",300,187,true],"medium_large":["https:\/\/noticiasbahia360.com.br\/wp-content\/uploads\/2025\/05\/fez-refens-no-nordeste-de-amaralina-768x479.jpg",640,399,true],"large":["https:\/\/noticiasbahia360.com.br\/wp-content\/uploads\/2025\/05\/fez-refens-no-nordeste-de-amaralina-1024x639.jpg",640,399,true],"1536x1536":["https:\/\/noticiasbahia360.com.br\/wp-content\/uploads\/2025\/05\/fez-refens-no-nordeste-de-amaralina.jpg",1200,749,false],"2048x2048":["https:\/\/noticiasbahia360.com.br\/wp-content\/uploads\/2025\/05\/fez-refens-no-nordeste-de-amaralina.jpg",1200,749,false],"chromenews-featured":["https:\/\/noticiasbahia360.com.br\/wp-content\/uploads\/2025\/05\/fez-refens-no-nordeste-de-amaralina-1024x639.jpg",1024,639,true],"chromenews-large":["https:\/\/noticiasbahia360.com.br\/wp-content\/uploads\/2025\/05\/fez-refens-no-nordeste-de-amaralina-825x575.jpg",825,575,true],"chromenews-medium":["https:\/\/noticiasbahia360.com.br\/wp-content\/uploads\/2025\/05\/fez-refens-no-nordeste-de-amaralina-590x410.jpg",590,410,true]},"author_info":{"display_name":"noticiasbahia360.com.br","author_link":"https:\/\/noticiasbahia360.com.br\/?author=1"},"category_info":"<a href=\"https:\/\/noticiasbahia360.com.br\/?cat=8\" rel=\"category\">Bahia<\/a> <a href=\"https:\/\/noticiasbahia360.com.br\/?cat=9\" rel=\"category\">Brasil<\/a> <a href=\"https:\/\/noticiasbahia360.com.br\/?cat=6\" rel=\"category\">Feira de Santana<\/a> <a href=\"https:\/\/noticiasbahia360.com.br\/?cat=57\" rel=\"category\">Mundo<\/a> <a href=\"https:\/\/noticiasbahia360.com.br\/?cat=56\" rel=\"category\">Pol\u00edcia<\/a> <a href=\"https:\/\/noticiasbahia360.com.br\/?cat=10\" rel=\"category\">Pol\u00edtica<\/a>","tag_info":"Pol\u00edtica","comment_count":"0","_links":{"self":[{"href":"https:\/\/noticiasbahia360.com.br\/index.php?rest_route=\/wp\/v2\/posts\/87177","targetHints":{"allow":["GET"]}}],"collection":[{"href":"https:\/\/noticiasbahia360.com.br\/index.php?rest_route=\/wp\/v2\/posts"}],"about":[{"href":"https:\/\/noticiasbahia360.com.br\/index.php?rest_route=\/wp\/v2\/types\/post"}],"author":[{"embeddable":true,"href":"https:\/\/noticiasbahia360.com.br\/index.php?rest_route=\/wp\/v2\/users\/1"}],"replies":[{"embeddable":true,"href":"https:\/\/noticiasbahia360.com.br\/index.php?rest_route=%2Fwp%2Fv2%2Fcomments&post=87177"}],"version-history":[{"count":0,"href":"https:\/\/noticiasbahia360.com.br\/index.php?rest_route=\/wp\/v2\/posts\/87177\/revisions"}],"wp:featuredmedia":[{"embeddable":true,"href":"https:\/\/noticiasbahia360.com.br\/index.php?rest_route=\/wp\/v2\/media\/87178"}],"wp:attachment":[{"href":"https:\/\/noticiasbahia360.com.br\/index.php?rest_route=%2Fwp%2Fv2%2Fmedia&parent=87177"}],"wp:term":[{"taxonomy":"category","embeddable":true,"href":"https:\/\/noticiasbahia360.com.br\/index.php?rest_route=%2Fwp%2Fv2%2Fcategories&post=87177"},{"taxonomy":"post_tag","embeddable":true,"href":"https:\/\/noticiasbahia360.com.br\/index.php?rest_route=%2Fwp%2Fv2%2Ftags&post=87177"}],"curies":[{"name":"wp","href":"https:\/\/api.w.org\/{rel}","templated":true}]}}