{"id":87179,"date":"2025-05-23T09:17:03","date_gmt":"2025-05-23T12:17:03","guid":{"rendered":"https:\/\/noticiasbahia360.com.br\/?p=87179"},"modified":"2025-05-23T09:17:03","modified_gmt":"2025-05-23T12:17:03","slug":"bicentenario-da-policia-militar-e-celebrado-com-missa-na-catedral-de-feira-de-santana","status":"publish","type":"post","link":"https:\/\/noticiasbahia360.com.br\/?p=87179","title":{"rendered":"Bicenten\u00e1rio da Pol\u00edcia Militar \u00e9 celebrado com Missa na Catedral de Feira de Santana"},"content":{"rendered":"<div>\n<div>\n<figure><img decoding=\"async\" src=\"http:\/\/noticiasbahia360.com.br\/wp-content\/uploads\/2025\/05\/uwZ5BUic-catedral-de-santana-200-da-Policia-Militar.webp\" alt=\"catedral de santana - 200 da Pol\u00edcia Militar\"><figcaption>Foto: Ascom\/Pol\u00edcia Militar<\/figcaption><\/figure>\n<\/div>\n<p>200 anos servindo a Bahia e os baianos. Na noite de quinta-feira (22), a <a href=\"https:\/\/www.acordacidade.com.br\/tag\/policia-militar\/\">Pol\u00edcia Militar<\/a> da Bahia celebrou solenemente o bicenten\u00e1rio da institui\u00e7\u00e3o com uma missa em a\u00e7\u00e3o de gra\u00e7as, presidida pelo Arcebispo Metropolitano de Feira de Santana, Dom Zanoni Demettino Castro.<\/p>\n<p>A celebra\u00e7\u00e3o foi realizada \u00e0s 19h30, na Catedral de Sant\u2019Ana, reunindo fi\u00e9is, autoridades e representantes das diversas for\u00e7as de seguran\u00e7a, a exemplo do Corpo de Bombeiros e da Guarda Municipal.<\/p>\n<p>Subcomandante-geral da PM, o Coronel Ant\u00f4nio Lopes participou da celebra\u00e7\u00e3o e destacou, na ocasi\u00e3o, os desafios e a miss\u00e3o da institui\u00e7\u00e3o em zelar pela vida, proteger e, sobretudo, acolher a popula\u00e7\u00e3o.<\/p>\n<figure class=\"wp-block-image size-large\"><img fetchpriority=\"high\" data-dominant-color=\"9a8169\" data-has-transparency=\"false\" style=\"--dominant-color: #9a8169;\" fetchpriority=\"high\" decoding=\"async\" width=\"1024\" height=\"683\" sizes=\"(max-width: 1024px) 100vw, 1024px\" src=\"http:\/\/noticiasbahia360.com.br\/wp-content\/uploads\/2025\/05\/DmZvtvaf-catedral-de-santana-200-da-Policia-Militar-2-1024x683-1.webp\" alt=\"catedral de santana - 200 da Pol\u00edcia Militar\" class=\"wp-image-556912 not-transparent\" srcset=\"https:\/\/uploads.acordacidade.com.br\/2025\/05\/DmZvtvaf-catedral-de-santana-200-da-Policia-Militar-2-300x200.webp 300w, http:\/\/noticiasbahia360.com.br\/wp-content\/uploads\/2025\/05\/DmZvtvaf-catedral-de-santana-200-da-Policia-Militar-2-1024x683-1.webp 1024w, https:\/\/uploads.acordacidade.com.br\/2025\/05\/DmZvtvaf-catedral-de-santana-200-da-Policia-Militar-2-768x512.webp 768w, https:\/\/uploads.acordacidade.com.br\/2025\/05\/DmZvtvaf-catedral-de-santana-200-da-Policia-Militar-2-150x100.webp 150w, https:\/\/uploads.acordacidade.com.br\/2025\/05\/DmZvtvaf-catedral-de-santana-200-da-Policia-Militar-2.webp 1200w\"><figcaption class=\"wp-element-caption\">Foto: Ascom\/Pol\u00edcia Militar<\/figcaption><\/figure>\n<p>\u201cO grande desafio nosso \u00e9 acompanhar a evolu\u00e7\u00e3o da sociedade. Nestes 200 anos, a Pol\u00edcia Militar serviu a popula\u00e7\u00e3o baiana protegendo, zelando pela vida, mas, acima de tudo, acolhendo. Olhando para os pr\u00f3ximos anos, o que n\u00f3s queremos \u00e9 uma pol\u00edcia ainda melhor, uma pol\u00edcia que acolhe bem a sociedade e que respeita as diferen\u00e7as. Essa \u00e9 a nossa grande miss\u00e3o\u201d, pontuou Lopes.<\/p>\n<figure class=\"wp-block-image size-large\"><img data-dominant-color=\"88735d\" data-has-transparency=\"false\" style=\"--dominant-color: #88735d;\" decoding=\"async\" width=\"1024\" height=\"683\" sizes=\"(max-width: 1024px) 100vw, 1024px\" src=\"http:\/\/noticiasbahia360.com.br\/wp-content\/uploads\/2025\/05\/uSNxcTo5-catedral-de-santana-200-da-Policia-Militar-1024x683-1.webp\" alt=\"catedral de santana - 200 da Pol\u00edcia Militar\" class=\"wp-image-556914 not-transparent\" srcset=\"https:\/\/uploads.acordacidade.com.br\/2025\/05\/uSNxcTo5-catedral-de-santana-200-da-Policia-Militar--300x200.webp 300w, http:\/\/noticiasbahia360.com.br\/wp-content\/uploads\/2025\/05\/uSNxcTo5-catedral-de-santana-200-da-Policia-Militar-1024x683-1.webp 1024w, https:\/\/uploads.acordacidade.com.br\/2025\/05\/uSNxcTo5-catedral-de-santana-200-da-Policia-Militar--768x512.webp 768w, https:\/\/uploads.acordacidade.com.br\/2025\/05\/uSNxcTo5-catedral-de-santana-200-da-Policia-Militar--150x100.webp 150w, https:\/\/uploads.acordacidade.com.br\/2025\/05\/uSNxcTo5-catedral-de-santana-200-da-Policia-Militar-.webp 1200w\"><figcaption class=\"wp-element-caption\">Foto: Ascom\/Pol\u00edcia Militar<\/figcaption><\/figure>\n<p>Diretor espiritual da corpora\u00e7\u00e3o, o Padre Udilon Concei\u00e7\u00e3o definiu a celebra\u00e7\u00e3o do bicenten\u00e1rio como um momento \u00edmpar para a Pol\u00edcia Militar e tamb\u00e9m para a Igreja, que tem caminhado junto \u00e0 institui\u00e7\u00e3o atrav\u00e9s da Pastoral Militar, oferecendo continuamente espa\u00e7os de escuta, dire\u00e7\u00e3o espiritual e confiss\u00f5es.<\/p>\n<p>\u201cA Pol\u00edcia Militar, ao longo da sua exist\u00eancia, tem sido presen\u00e7a constante na vida do povo baiano, zelando pela ordem p\u00fablica, pela seguran\u00e7a e, sobretudo, pelo bem comum. Celebramos este bicenten\u00e1rio como um tempo de gra\u00e7a e de esperan\u00e7a\u201d, disse Dom Zanoni, durante a celebra\u00e7\u00e3o.<\/p>\n<figure class=\"wp-block-image size-large\"><img data-dominant-color=\"a38a6c\" data-has-transparency=\"false\" style=\"--dominant-color: #a38a6c;\" decoding=\"async\" width=\"1024\" height=\"683\" sizes=\"(max-width: 1024px) 100vw, 1024px\" src=\"http:\/\/noticiasbahia360.com.br\/wp-content\/uploads\/2025\/05\/Ez11gfW7-catedral-de-santana-200-da-Policia-Militar-1-1024x683-1.webp\" alt=\"catedral de santana - 200 da Pol\u00edcia Militar\" class=\"wp-image-556913 not-transparent\" srcset=\"https:\/\/uploads.acordacidade.com.br\/2025\/05\/Ez11gfW7-catedral-de-santana-200-da-Policia-Militar-1-300x200.webp 300w, http:\/\/noticiasbahia360.com.br\/wp-content\/uploads\/2025\/05\/Ez11gfW7-catedral-de-santana-200-da-Policia-Militar-1-1024x683-1.webp 1024w, https:\/\/uploads.acordacidade.com.br\/2025\/05\/Ez11gfW7-catedral-de-santana-200-da-Policia-Militar-1-768x512.webp 768w, https:\/\/uploads.acordacidade.com.br\/2025\/05\/Ez11gfW7-catedral-de-santana-200-da-Policia-Militar-1-150x100.webp 150w, https:\/\/uploads.acordacidade.com.br\/2025\/05\/Ez11gfW7-catedral-de-santana-200-da-Policia-Militar-1.webp 1200w\"><figcaption class=\"wp-element-caption\">Foto: Ascom\/Pol\u00edcia Militar<\/figcaption><\/figure>\n<p>Terceira Pol\u00edcia Militar fundada no Brasil a corpora\u00e7\u00e3o baiana nasceu oficialmente em 1825, ap\u00f3s um Decreto Imperial assinado por D. Pedro I. Denominada na \u00e9poca como \u201cCorpo de Pol\u00edcia\u201d, a institui\u00e7\u00e3o participou de grandes eventos hist\u00f3ricos do pa\u00eds, incluindo a Guerra de Canudos e a Guerra do Paraguai. Ao longo dos anos, a corpora\u00e7\u00e3o j\u00e1 esteve sob o comando de 64 oficiais superiores.<\/p>\n<p><em>Siga o Acorda Cidade no<\/em><a href=\"https:\/\/news.google.com\/search?q=acorda%20cidade&amp;hl=pt-BR&amp;gl=BR&amp;ceid=BR%3Apt-419\"><strong><em>\u00a0Google Not\u00edcias<\/em><\/strong><\/a><em>\u00a0e receba os principais destaques do dia. Participe tamb\u00e9m dos nossos canais no\u00a0<\/em><a href=\"https:\/\/www.whatsapp.com\/channel\/0029Va6Rb4v3WHTNnsh8WI3N\"><strong><em>WhatsApp<\/em><\/strong><\/a><em>\u00a0e\u00a0<\/em><a href=\"https:\/\/www.youtube.com\/@acordacidadenoticias\/videos\"><strong>Youtube<\/strong><\/a><em>\u00a0e grupo de\u00a0<\/em><a href=\"https:\/\/t.me\/+sSz0khrgARA0ZmRh\"><strong><em>Telegram<\/em><\/strong><\/a><em>.<\/em><\/p>\n<\/div>\n","protected":false},"excerpt":{"rendered":"<div>\n<div>\n<figure><img decoding=\"async\" src=\"https:\/\/uploads.acordacidade.com.br\/2025\/05\/uwZ5BUic-catedral-de-santana-200-da-Policia-Militar.webp\" alt=\"catedral de santana - 200 da Pol\u00edcia Militar\"><figcaption>Foto: Ascom\/Pol\u00edcia Militar<\/figcaption><\/figure>\n<\/div>\n<p>Diretor espiritual da corpora\u00e7\u00e3o, o Padre Udilon Concei\u00e7\u00e3o definiu a celebra\u00e7\u00e3o do bicenten\u00e1rio como um momento \u00edmpar para a Pol\u00edcia Militar.<\/p><\/div>\n","protected":false},"author":1,"featured_media":87180,"comment_status":"closed","ping_status":"closed","sticky":false,"template":"","format":"gallery","meta":{"footnotes":""},"categories":[8,9,6,57,56,10],"tags":[],"class_list":["post-87179","post","type-post","status-publish","format-gallery","has-post-thumbnail","hentry","category-bahia","category-brasil","category-feira-de-santana","category-mundo","category-policia","category-politica","post_format-post-format-gallery"],"featured_image_urls":{"full":["https:\/\/noticiasbahia360.com.br\/wp-content\/uploads\/2025\/05\/uwZ5BUic-catedral-de-santana-200-da-Policia-Militar.webp",1200,800,false],"thumbnail":["https:\/\/noticiasbahia360.com.br\/wp-content\/uploads\/2025\/05\/uwZ5BUic-catedral-de-santana-200-da-Policia-Militar-150x150.webp",150,150,true],"medium":["https:\/\/noticiasbahia360.com.br\/wp-content\/uploads\/2025\/05\/uwZ5BUic-catedral-de-santana-200-da-Policia-Militar-300x200.webp",300,200,true],"medium_large":["https:\/\/noticiasbahia360.com.br\/wp-content\/uploads\/2025\/05\/uwZ5BUic-catedral-de-santana-200-da-Policia-Militar-768x512.webp",640,427,true],"large":["https:\/\/noticiasbahia360.com.br\/wp-content\/uploads\/2025\/05\/uwZ5BUic-catedral-de-santana-200-da-Policia-Militar-1024x683.webp",640,427,true],"1536x1536":["https:\/\/noticiasbahia360.com.br\/wp-content\/uploads\/2025\/05\/uwZ5BUic-catedral-de-santana-200-da-Policia-Militar.webp",1200,800,false],"2048x2048":["https:\/\/noticiasbahia360.com.br\/wp-content\/uploads\/2025\/05\/uwZ5BUic-catedral-de-santana-200-da-Policia-Militar.webp",1200,800,false],"chromenews-featured":["https:\/\/noticiasbahia360.com.br\/wp-content\/uploads\/2025\/05\/uwZ5BUic-catedral-de-santana-200-da-Policia-Militar-1024x683.webp",1024,683,true],"chromenews-large":["https:\/\/noticiasbahia360.com.br\/wp-content\/uploads\/2025\/05\/uwZ5BUic-catedral-de-santana-200-da-Policia-Militar-825x575.webp",825,575,true],"chromenews-medium":["https:\/\/noticiasbahia360.com.br\/wp-content\/uploads\/2025\/05\/uwZ5BUic-catedral-de-santana-200-da-Policia-Militar-590x410.webp",590,410,true]},"author_info":{"display_name":"noticiasbahia360.com.br","author_link":"https:\/\/noticiasbahia360.com.br\/?author=1"},"category_info":"<a href=\"https:\/\/noticiasbahia360.com.br\/?cat=8\" rel=\"category\">Bahia<\/a> <a href=\"https:\/\/noticiasbahia360.com.br\/?cat=9\" rel=\"category\">Brasil<\/a> <a href=\"https:\/\/noticiasbahia360.com.br\/?cat=6\" rel=\"category\">Feira de Santana<\/a> <a href=\"https:\/\/noticiasbahia360.com.br\/?cat=57\" rel=\"category\">Mundo<\/a> <a href=\"https:\/\/noticiasbahia360.com.br\/?cat=56\" rel=\"category\">Pol\u00edcia<\/a> <a href=\"https:\/\/noticiasbahia360.com.br\/?cat=10\" rel=\"category\">Pol\u00edtica<\/a>","tag_info":"Pol\u00edtica","comment_count":"0","_links":{"self":[{"href":"https:\/\/noticiasbahia360.com.br\/index.php?rest_route=\/wp\/v2\/posts\/87179","targetHints":{"allow":["GET"]}}],"collection":[{"href":"https:\/\/noticiasbahia360.com.br\/index.php?rest_route=\/wp\/v2\/posts"}],"about":[{"href":"https:\/\/noticiasbahia360.com.br\/index.php?rest_route=\/wp\/v2\/types\/post"}],"author":[{"embeddable":true,"href":"https:\/\/noticiasbahia360.com.br\/index.php?rest_route=\/wp\/v2\/users\/1"}],"replies":[{"embeddable":true,"href":"https:\/\/noticiasbahia360.com.br\/index.php?rest_route=%2Fwp%2Fv2%2Fcomments&post=87179"}],"version-history":[{"count":0,"href":"https:\/\/noticiasbahia360.com.br\/index.php?rest_route=\/wp\/v2\/posts\/87179\/revisions"}],"wp:featuredmedia":[{"embeddable":true,"href":"https:\/\/noticiasbahia360.com.br\/index.php?rest_route=\/wp\/v2\/media\/87180"}],"wp:attachment":[{"href":"https:\/\/noticiasbahia360.com.br\/index.php?rest_route=%2Fwp%2Fv2%2Fmedia&parent=87179"}],"wp:term":[{"taxonomy":"category","embeddable":true,"href":"https:\/\/noticiasbahia360.com.br\/index.php?rest_route=%2Fwp%2Fv2%2Fcategories&post=87179"},{"taxonomy":"post_tag","embeddable":true,"href":"https:\/\/noticiasbahia360.com.br\/index.php?rest_route=%2Fwp%2Fv2%2Ftags&post=87179"}],"curies":[{"name":"wp","href":"https:\/\/api.w.org\/{rel}","templated":true}]}}