{"id":87184,"date":"2025-05-23T09:28:56","date_gmt":"2025-05-23T12:28:56","guid":{"rendered":"https:\/\/noticiasbahia360.com.br\/?p=87184"},"modified":"2025-05-23T09:28:56","modified_gmt":"2025-05-23T12:28:56","slug":"secretaria-de-educacao-investe-em-mestrado-para-coordenadores-pedagogicos-da-rede-estadual","status":"publish","type":"post","link":"https:\/\/noticiasbahia360.com.br\/?p=87184","title":{"rendered":"Secretaria de Educa\u00e7\u00e3o investe em mestrado para coordenadores pedag\u00f3gicos da rede estadual"},"content":{"rendered":"<div>\n<div>\n<figure><img decoding=\"async\" src=\"http:\/\/noticiasbahia360.com.br\/wp-content\/uploads\/2025\/05\/uefs-2.jpeg\" alt=\"Uefs\"><figcaption>Foto: Ascom\/Uefs<\/figcaption><\/figure>\n<\/div>\n<p>Duzentos e vinte e cinco vagas ser\u00e3o disponibilizadas pela Secretaria de Educa\u00e7\u00e3o do Estado Bahia (SEC) nos programas de mestrado profissional para coordenadores pedag\u00f3gicos da rede estadual. Os cursos ser\u00e3o ministrados pelas Institui\u00e7\u00f5es de Ensino Superior (IES) p\u00fablicas estaduais vinculadas \u00e0 SEC \u2013 Universidade Estadual de Feira de Santana (Uefs), Universidade Estadual de Santa Cruz (Uesc), Universidade do Estado da Bahia (Uneb) e Universidade Federal do Rec\u00f4ncavo Baiano (UFRB) \u2013 e pela Universidade Federal da Bahia (UFBA).<\/p>\n<p>O per\u00edodo da forma\u00e7\u00e3o acontece entre agosto deste ano e julho de 2027. De acordo com a Coordena\u00e7\u00e3o Executiva de Programas e Projetos Estrat\u00e9gicos da Educa\u00e7\u00e3o, a iniciativa representa uma a\u00e7\u00e3o estrat\u00e9gica para o fortalecimento da gest\u00e3o pedag\u00f3gica e a valoriza\u00e7\u00e3o dos profissionais da Educa\u00e7\u00e3o na rede estadual.<\/p>\n<p>O modelo pedag\u00f3gico prev\u00ea aulas presenciais com frequ\u00eancia quinzenal e a libera\u00e7\u00e3o dos coordenadores pedag\u00f3gicos \u00e0s sextas-feiras para dedica\u00e7\u00e3o \u00e0s atividades formativas, em compatibilidade com a forma\u00e7\u00e3o continuada e a rotina das unidades escolares.<\/p>\n<p>\u201c\u00c9 importante destacar que o modelamento do processo possibilita a forma\u00e7\u00e3o continuada em servi\u00e7o, como prev\u00ea a p\u00f3s-gradua\u00e7\u00e3o stricto sensu na modalidade mestrado profissional\u201d, destacou Jos\u00e9 Bites de Carvalho, coordenador executivo da SEC.<\/p>\n<h2 class=\"wp-block-heading\" id=\"h-investimento-em-capacitacao-continuada\">Investimento em capacita\u00e7\u00e3o continuada<\/h2>\n<p>O investimento total estimado \u00e9 de quase R$ 9 milh\u00f5es, incluindo os custos de execu\u00e7\u00e3o dos programas de mestrado e as despesas relativas ao apoio financeiro para deslocamento e perman\u00eancia dos participantes.<\/p>\n<p>O processo seletivo ser\u00e1 conduzido por cada universidade respons\u00e1vel pela oferta das vagas, mediante a publica\u00e7\u00e3o de editais espec\u00edficos. Os candidatos ser\u00e3o avaliados em diversas etapas, que podem incluir an\u00e1lise de documentos, provas de conhecimento e avalia\u00e7\u00e3o de projetos e entrevistas. Os crit\u00e9rios de sele\u00e7\u00e3o, o cronograma detalhado e a documenta\u00e7\u00e3o exigida ser\u00e3o especificados em cada edital, sendo de responsabilidade do candidato o acompanhamento das publica\u00e7\u00f5es e o cumprimento dos requisitos estabelecidos.<\/p>\n<h2 class=\"wp-block-heading\" id=\"h-inscricoes\">Inscri\u00e7\u00f5es<\/h2>\n<p>As inscri\u00e7\u00f5es para o Programa de P\u00f3s-Gradua\u00e7\u00e3o em Curr\u00edculo, Linguagens e Inova\u00e7\u00f5es Pedag\u00f3gicas \u2013 mestrado profissional em Educa\u00e7\u00e3o da UFBA \u2013 j\u00e1 est\u00e3o abertas e seguem at\u00e9 o dia 9 de junho. No total, s\u00e3o oferecidas 30 vagas.<\/p>\n<p>J\u00e1 no dia 22 de maio ser\u00e3o abertas as inscri\u00e7\u00f5es para os programas de P\u00f3s-Gradua\u00e7\u00e3o em Educa\u00e7\u00e3o Cient\u00edfica, Inclus\u00e3o e Diversidade e de mestrado profissional do Programa de P\u00f3s-Gradua\u00e7\u00e3o em Educa\u00e7\u00e3o do Campo, ambos da UFRB.<\/p>\n<p>Tamb\u00e9m a partir do dia 22 de maio, os coordenadores pedag\u00f3gicos interessados podem se cadastrar para concorrer a uma vaga no Programa de P\u00f3s-Gradua\u00e7\u00e3o em Rede Nacional para o Ensino das Ci\u00eancias Ambientais, ministrado pela UEFS. Est\u00e3o previstas, ainda, vagas para coordenadores pedag\u00f3gicos em programas de mestrado na Uneb e Uesc.<\/p>\n<p><em>Siga o Acorda Cidade no<\/em><a href=\"https:\/\/news.google.com\/search?q=acorda%20cidade&amp;hl=pt-BR&amp;gl=BR&amp;ceid=BR%3Apt-419\"><strong><em>\u00a0Google Not\u00edcias<\/em><\/strong><\/a><em>\u00a0e receba os principais destaques do dia. Participe tamb\u00e9m dos nossos canais no\u00a0<\/em><a href=\"https:\/\/www.whatsapp.com\/channel\/0029Va6Rb4v3WHTNnsh8WI3N\"><strong><em>WhatsApp<\/em><\/strong><\/a><em>\u00a0e\u00a0<\/em><a href=\"https:\/\/www.youtube.com\/@acordacidadenoticias\/videos\"><strong>Youtube<\/strong><\/a><em>\u00a0e grupo de\u00a0<\/em><a href=\"https:\/\/t.me\/+sSz0khrgARA0ZmRh\"><strong><em>Telegram<\/em><\/strong><\/a><em>.<\/em><\/p>\n<\/p>\n<\/div>\n","protected":false},"excerpt":{"rendered":"<div>\n<div>\n<figure><img decoding=\"async\" src=\"https:\/\/uploads.acordacidade.com.br\/wp-content\/uploads\/2024\/08\/08153706\/uefs-2.jpeg\" alt=\"Uefs\"><figcaption>Foto: Ascom\/Uefs<\/figcaption><\/figure>\n<\/div>\n<p>O per\u00edodo da forma\u00e7\u00e3o acontece entre agosto deste ano e julho de 2027.<\/p><\/div>\n","protected":false},"author":1,"featured_media":87185,"comment_status":"closed","ping_status":"closed","sticky":false,"template":"","format":"gallery","meta":{"footnotes":""},"categories":[8,9,6,57,56,10],"tags":[],"class_list":["post-87184","post","type-post","status-publish","format-gallery","has-post-thumbnail","hentry","category-bahia","category-brasil","category-feira-de-santana","category-mundo","category-policia","category-politica","post_format-post-format-gallery"],"featured_image_urls":{"full":["https:\/\/noticiasbahia360.com.br\/wp-content\/uploads\/2025\/05\/uefs-2.jpeg",640,427,false],"thumbnail":["https:\/\/noticiasbahia360.com.br\/wp-content\/uploads\/2025\/05\/uefs-2-150x150.jpeg",150,150,true],"medium":["https:\/\/noticiasbahia360.com.br\/wp-content\/uploads\/2025\/05\/uefs-2-300x200.jpeg",300,200,true],"medium_large":["https:\/\/noticiasbahia360.com.br\/wp-content\/uploads\/2025\/05\/uefs-2.jpeg",640,427,false],"large":["https:\/\/noticiasbahia360.com.br\/wp-content\/uploads\/2025\/05\/uefs-2.jpeg",640,427,false],"1536x1536":["https:\/\/noticiasbahia360.com.br\/wp-content\/uploads\/2025\/05\/uefs-2.jpeg",640,427,false],"2048x2048":["https:\/\/noticiasbahia360.com.br\/wp-content\/uploads\/2025\/05\/uefs-2.jpeg",640,427,false],"chromenews-featured":["https:\/\/noticiasbahia360.com.br\/wp-content\/uploads\/2025\/05\/uefs-2.jpeg",640,427,false],"chromenews-large":["https:\/\/noticiasbahia360.com.br\/wp-content\/uploads\/2025\/05\/uefs-2.jpeg",640,427,false],"chromenews-medium":["https:\/\/noticiasbahia360.com.br\/wp-content\/uploads\/2025\/05\/uefs-2-590x410.jpeg",590,410,true]},"author_info":{"display_name":"noticiasbahia360.com.br","author_link":"https:\/\/noticiasbahia360.com.br\/?author=1"},"category_info":"<a href=\"https:\/\/noticiasbahia360.com.br\/?cat=8\" rel=\"category\">Bahia<\/a> <a href=\"https:\/\/noticiasbahia360.com.br\/?cat=9\" rel=\"category\">Brasil<\/a> <a href=\"https:\/\/noticiasbahia360.com.br\/?cat=6\" rel=\"category\">Feira de Santana<\/a> <a href=\"https:\/\/noticiasbahia360.com.br\/?cat=57\" rel=\"category\">Mundo<\/a> <a href=\"https:\/\/noticiasbahia360.com.br\/?cat=56\" rel=\"category\">Pol\u00edcia<\/a> <a href=\"https:\/\/noticiasbahia360.com.br\/?cat=10\" rel=\"category\">Pol\u00edtica<\/a>","tag_info":"Pol\u00edtica","comment_count":"0","_links":{"self":[{"href":"https:\/\/noticiasbahia360.com.br\/index.php?rest_route=\/wp\/v2\/posts\/87184","targetHints":{"allow":["GET"]}}],"collection":[{"href":"https:\/\/noticiasbahia360.com.br\/index.php?rest_route=\/wp\/v2\/posts"}],"about":[{"href":"https:\/\/noticiasbahia360.com.br\/index.php?rest_route=\/wp\/v2\/types\/post"}],"author":[{"embeddable":true,"href":"https:\/\/noticiasbahia360.com.br\/index.php?rest_route=\/wp\/v2\/users\/1"}],"replies":[{"embeddable":true,"href":"https:\/\/noticiasbahia360.com.br\/index.php?rest_route=%2Fwp%2Fv2%2Fcomments&post=87184"}],"version-history":[{"count":0,"href":"https:\/\/noticiasbahia360.com.br\/index.php?rest_route=\/wp\/v2\/posts\/87184\/revisions"}],"wp:featuredmedia":[{"embeddable":true,"href":"https:\/\/noticiasbahia360.com.br\/index.php?rest_route=\/wp\/v2\/media\/87185"}],"wp:attachment":[{"href":"https:\/\/noticiasbahia360.com.br\/index.php?rest_route=%2Fwp%2Fv2%2Fmedia&parent=87184"}],"wp:term":[{"taxonomy":"category","embeddable":true,"href":"https:\/\/noticiasbahia360.com.br\/index.php?rest_route=%2Fwp%2Fv2%2Fcategories&post=87184"},{"taxonomy":"post_tag","embeddable":true,"href":"https:\/\/noticiasbahia360.com.br\/index.php?rest_route=%2Fwp%2Fv2%2Ftags&post=87184"}],"curies":[{"name":"wp","href":"https:\/\/api.w.org\/{rel}","templated":true}]}}