{"id":87186,"date":"2025-05-23T09:41:05","date_gmt":"2025-05-23T12:41:05","guid":{"rendered":"https:\/\/noticiasbahia360.com.br\/?p=87186"},"modified":"2025-05-23T09:41:05","modified_gmt":"2025-05-23T12:41:05","slug":"turismo-rota-salvador-porto-seguro-ganha-mais-um-voo","status":"publish","type":"post","link":"https:\/\/noticiasbahia360.com.br\/?p=87186","title":{"rendered":"Turismo: Rota Salvador \u2013 Porto Seguro ganha mais um voo"},"content":{"rendered":"<div>\n<div>\n<figure><img decoding=\"async\" src=\"http:\/\/noticiasbahia360.com.br\/wp-content\/uploads\/2025\/05\/I70ySIve-Rota-Salvador-Porto-Seguro-ganha-mais-um-voo-Foto-Tatiana-Azeviche-Ascom-SeturBA.webp\" alt=\"Rota Salvador - Porto Seguro ganha mais um voo Foto Tatiana Azeviche Ascom SeturBA\"><figcaption>Foto: Tatiana Azeviche\/SeturBA<\/figcaption><\/figure>\n<\/div>\n<p>Ap\u00f3s entendimentos com o Governo do Estado, por meio da Secretaria de Turismo (Setur-BA), a Gol Linhas A\u00e9reas anunciou, na ter\u00e7a-feira (20), a abertura do segundo voo direto entre Salvador e Porto Seguro, na Costa do Descobrimento. A companhia, que j\u00e1 faz a rota entre os destinos aos s\u00e1bados, ir\u00e1 oferecer um novo voo \u00e0s quartas-feiras, a partir de 6 de agosto. Os hor\u00e1rios e a venda das passagens est\u00e3o dispon\u00edveis no site\u00a0<a href=\"http:\/\/www.voegol.com.br\/\" target=\"_blank\" rel=\"noreferrer noopener\">www.voegol.com.br<\/a>.<\/p>\n<p>\u201cVoos diretos entre Salvador e Porto Seguro s\u00e3o bastante demandados pela popula\u00e7\u00e3o e pelo trade tur\u00edstico. Atento a isso, o Governo do Estado tem atuado na capta\u00e7\u00e3o de linhas para essa rota. Com as duas opera\u00e7\u00f5es da Gol, passamos a ter cinco voos diretos entre os destinos, sendo os outros tr\u00eas de outra companhia, o que representa capacidade superior a mil passageiros por semana. Vamos dar continuidade ao trabalho, em busca de mais conectividade a\u00e9rea para a regi\u00e3o\u201d, explicou o titular da Setur-BA, Maur\u00edcio Bacelar.<\/p>\n<p>A entrada em opera\u00e7\u00e3o do segundo voo tamb\u00e9m ir\u00e1 ampliar a conex\u00e3o de Porto Seguro com outros destinos nacionais e internacionais atendidos pelo Hub da Gol, com o suporte de companhias parceiras, no aeroporto de Salvador.<\/p>\n<p>\u201cA Bahia \u00e9 um importante centro de distribui\u00e7\u00e3o de voos da Gol no Nordeste, com sa\u00eddas e chegadas dentro da pr\u00f3pria regi\u00e3o e liga\u00e7\u00f5es diretas para diferentes partes do Brasil e tamb\u00e9m do exterior. Com a expans\u00e3o das frequ\u00eancias entre Salvador\u00a0 e Porto Seguro, os clientes ter\u00e3o mais op\u00e7\u00f5es e diversidade de hor\u00e1rios para programar suas viagens de f\u00e9rias, fomentando ainda mais o turismo dom\u00e9stico e internacional\u201d, ressaltou o gerente-executivo de Malha A\u00e9rea da Gol, Bruno Balan.<\/p>\n<p><em>Siga o Acorda Cidade no<\/em><a href=\"https:\/\/news.google.com\/search?q=acorda%20cidade&amp;hl=pt-BR&amp;gl=BR&amp;ceid=BR%3Apt-419\"><strong><em>\u00a0Google Not\u00edcias<\/em><\/strong><\/a><em>\u00a0e receba os principais destaques do dia. Participe tamb\u00e9m dos nossos canais no\u00a0<\/em><a href=\"https:\/\/www.whatsapp.com\/channel\/0029Va6Rb4v3WHTNnsh8WI3N\"><strong><em>WhatsApp<\/em><\/strong><\/a><em>\u00a0e\u00a0<\/em><a href=\"https:\/\/www.youtube.com\/@acordacidadenoticias\/videos\"><strong>Youtube<\/strong><\/a><em>\u00a0e grupo de\u00a0<\/em><a href=\"https:\/\/t.me\/+sSz0khrgARA0ZmRh\"><strong><em>Telegram<\/em><\/strong><\/a><em>.<\/em><\/p>\n<\/div>\n","protected":false},"excerpt":{"rendered":"<div>\n<div>\n<figure><img decoding=\"async\" src=\"https:\/\/uploads.acordacidade.com.br\/2025\/05\/I70ySIve-Rota-Salvador-Porto-Seguro-ganha-mais-um-voo-Foto-Tatiana-Azeviche-Ascom-SeturBA.webp\" alt=\"Rota Salvador - Porto Seguro ganha mais um voo Foto Tatiana Azeviche Ascom SeturBA\"><figcaption>Foto: Tatiana Azeviche\/SeturBA<\/figcaption><\/figure>\n<\/div>\n<p>A companhia, que j\u00e1 faz a rota entre os destinos aos s\u00e1bados, ir\u00e1 oferecer um novo voo \u00e0s quartas-feiras, a partir de 6 de agosto.<\/p><\/div>\n","protected":false},"author":1,"featured_media":87187,"comment_status":"closed","ping_status":"closed","sticky":false,"template":"","format":"gallery","meta":{"footnotes":""},"categories":[8,9,6,57,56,10],"tags":[],"class_list":["post-87186","post","type-post","status-publish","format-gallery","has-post-thumbnail","hentry","category-bahia","category-brasil","category-feira-de-santana","category-mundo","category-policia","category-politica","post_format-post-format-gallery"],"featured_image_urls":{"full":["https:\/\/noticiasbahia360.com.br\/wp-content\/uploads\/2025\/05\/I70ySIve-Rota-Salvador-Porto-Seguro-ganha-mais-um-voo-Foto-Tatiana-Azeviche-Ascom-SeturBA.webp",1200,800,false],"thumbnail":["https:\/\/noticiasbahia360.com.br\/wp-content\/uploads\/2025\/05\/I70ySIve-Rota-Salvador-Porto-Seguro-ganha-mais-um-voo-Foto-Tatiana-Azeviche-Ascom-SeturBA-150x150.webp",150,150,true],"medium":["https:\/\/noticiasbahia360.com.br\/wp-content\/uploads\/2025\/05\/I70ySIve-Rota-Salvador-Porto-Seguro-ganha-mais-um-voo-Foto-Tatiana-Azeviche-Ascom-SeturBA-300x200.webp",300,200,true],"medium_large":["https:\/\/noticiasbahia360.com.br\/wp-content\/uploads\/2025\/05\/I70ySIve-Rota-Salvador-Porto-Seguro-ganha-mais-um-voo-Foto-Tatiana-Azeviche-Ascom-SeturBA-768x512.webp",640,427,true],"large":["https:\/\/noticiasbahia360.com.br\/wp-content\/uploads\/2025\/05\/I70ySIve-Rota-Salvador-Porto-Seguro-ganha-mais-um-voo-Foto-Tatiana-Azeviche-Ascom-SeturBA-1024x683.webp",640,427,true],"1536x1536":["https:\/\/noticiasbahia360.com.br\/wp-content\/uploads\/2025\/05\/I70ySIve-Rota-Salvador-Porto-Seguro-ganha-mais-um-voo-Foto-Tatiana-Azeviche-Ascom-SeturBA.webp",1200,800,false],"2048x2048":["https:\/\/noticiasbahia360.com.br\/wp-content\/uploads\/2025\/05\/I70ySIve-Rota-Salvador-Porto-Seguro-ganha-mais-um-voo-Foto-Tatiana-Azeviche-Ascom-SeturBA.webp",1200,800,false],"chromenews-featured":["https:\/\/noticiasbahia360.com.br\/wp-content\/uploads\/2025\/05\/I70ySIve-Rota-Salvador-Porto-Seguro-ganha-mais-um-voo-Foto-Tatiana-Azeviche-Ascom-SeturBA-1024x683.webp",1024,683,true],"chromenews-large":["https:\/\/noticiasbahia360.com.br\/wp-content\/uploads\/2025\/05\/I70ySIve-Rota-Salvador-Porto-Seguro-ganha-mais-um-voo-Foto-Tatiana-Azeviche-Ascom-SeturBA-825x575.webp",825,575,true],"chromenews-medium":["https:\/\/noticiasbahia360.com.br\/wp-content\/uploads\/2025\/05\/I70ySIve-Rota-Salvador-Porto-Seguro-ganha-mais-um-voo-Foto-Tatiana-Azeviche-Ascom-SeturBA-590x410.webp",590,410,true]},"author_info":{"display_name":"noticiasbahia360.com.br","author_link":"https:\/\/noticiasbahia360.com.br\/?author=1"},"category_info":"<a href=\"https:\/\/noticiasbahia360.com.br\/?cat=8\" rel=\"category\">Bahia<\/a> <a href=\"https:\/\/noticiasbahia360.com.br\/?cat=9\" rel=\"category\">Brasil<\/a> <a href=\"https:\/\/noticiasbahia360.com.br\/?cat=6\" rel=\"category\">Feira de Santana<\/a> <a href=\"https:\/\/noticiasbahia360.com.br\/?cat=57\" rel=\"category\">Mundo<\/a> <a href=\"https:\/\/noticiasbahia360.com.br\/?cat=56\" rel=\"category\">Pol\u00edcia<\/a> <a href=\"https:\/\/noticiasbahia360.com.br\/?cat=10\" rel=\"category\">Pol\u00edtica<\/a>","tag_info":"Pol\u00edtica","comment_count":"0","_links":{"self":[{"href":"https:\/\/noticiasbahia360.com.br\/index.php?rest_route=\/wp\/v2\/posts\/87186","targetHints":{"allow":["GET"]}}],"collection":[{"href":"https:\/\/noticiasbahia360.com.br\/index.php?rest_route=\/wp\/v2\/posts"}],"about":[{"href":"https:\/\/noticiasbahia360.com.br\/index.php?rest_route=\/wp\/v2\/types\/post"}],"author":[{"embeddable":true,"href":"https:\/\/noticiasbahia360.com.br\/index.php?rest_route=\/wp\/v2\/users\/1"}],"replies":[{"embeddable":true,"href":"https:\/\/noticiasbahia360.com.br\/index.php?rest_route=%2Fwp%2Fv2%2Fcomments&post=87186"}],"version-history":[{"count":0,"href":"https:\/\/noticiasbahia360.com.br\/index.php?rest_route=\/wp\/v2\/posts\/87186\/revisions"}],"wp:featuredmedia":[{"embeddable":true,"href":"https:\/\/noticiasbahia360.com.br\/index.php?rest_route=\/wp\/v2\/media\/87187"}],"wp:attachment":[{"href":"https:\/\/noticiasbahia360.com.br\/index.php?rest_route=%2Fwp%2Fv2%2Fmedia&parent=87186"}],"wp:term":[{"taxonomy":"category","embeddable":true,"href":"https:\/\/noticiasbahia360.com.br\/index.php?rest_route=%2Fwp%2Fv2%2Fcategories&post=87186"},{"taxonomy":"post_tag","embeddable":true,"href":"https:\/\/noticiasbahia360.com.br\/index.php?rest_route=%2Fwp%2Fv2%2Ftags&post=87186"}],"curies":[{"name":"wp","href":"https:\/\/api.w.org\/{rel}","templated":true}]}}