{"id":87188,"date":"2025-05-23T10:00:26","date_gmt":"2025-05-23T13:00:26","guid":{"rendered":"https:\/\/noticiasbahia360.com.br\/?p=87188"},"modified":"2025-05-23T10:00:26","modified_gmt":"2025-05-23T13:00:26","slug":"cachoeira-vai-receber-a-primeira-fazenda-modelo-do-pais-para-a-producao-de-combustivel-sustentavel","status":"publish","type":"post","link":"https:\/\/noticiasbahia360.com.br\/?p=87188","title":{"rendered":"Cachoeira vai receber a primeira fazenda-modelo do pa\u00eds para a produ\u00e7\u00e3o de combust\u00edvel sustent\u00e1vel"},"content":{"rendered":"<div>\n<div>\n<figure><img decoding=\"async\" src=\"http:\/\/noticiasbahia360.com.br\/wp-content\/uploads\/2025\/05\/tStfw76N-Cachoeira-fazenda-implantada.webp\" alt=\"Cachoeira\"><figcaption>Foto: Divulga\u00e7\u00e3o<\/figcaption><\/figure>\n<\/div>\n<p>Na \u00faltima ter\u00e7a-feira (21), em <a href=\"https:\/\/www.acordacidade.com.br\/tag\/cachoeira\/\">Cachoeira<\/a>, foi iniciado o plantio simb\u00f3lico de mudas de maca\u00faba na Fazenda Campinas, onde ser\u00e1 instalada a primeira fazenda-modelo do pa\u00eds dedicada \u00e0 produ\u00e7\u00e3o de combust\u00edvel sustent\u00e1vel de avia\u00e7\u00e3o (SAF) e diesel renov\u00e1vel (HVO). Ser\u00e3o cerca de 200 hectares cultivados inicialmente, parte de um projeto que abranger\u00e1 um total de 1.500 hectares, com mais de 800 mil mudas trazidas do Viveiro de Mucug\u00ea, na Chapada Diamantina.<\/p>\n<p>A prefeita de Cachoeira, Eliana Gonzaga (PT), marcou presen\u00e7a na cerim\u00f4nia ao lado da vice-prefeita Cristina Soares (PSB) dos secret\u00e1rios municipais Diego Ara\u00fajo (Agricultura e Pesca), Jo\u00e3o Salom\u00e3o (Obras e Meio Ambiente), Roberto Franco (Rela\u00e7\u00f5es Institucionais), o chefe de Gabinete, Leonardo Marques, a chefe do Departamento de Meio Ambiente, Luize Torres, e o presidente da C\u00e2mara de Vereadores, Josmar Barbosa (Republicanos).<\/p>\n<figure class=\"wp-block-image size-large\"><img fetchpriority=\"high\" data-dominant-color=\"897774\" data-has-transparency=\"false\" style=\"--dominant-color: #897774;\" fetchpriority=\"high\" decoding=\"async\" width=\"1024\" height=\"630\" sizes=\"(max-width: 1024px) 100vw, 1024px\" src=\"http:\/\/noticiasbahia360.com.br\/wp-content\/uploads\/2025\/05\/MnzYr54w-Cachoeira-fazenda-implantada-1-1024x630-1.webp\" alt=\"Cachoeira\" class=\"wp-image-556942 not-transparent\" srcset=\"https:\/\/uploads.acordacidade.com.br\/2025\/05\/MnzYr54w-Cachoeira-fazenda-implantada-1-300x185.webp 300w, http:\/\/noticiasbahia360.com.br\/wp-content\/uploads\/2025\/05\/MnzYr54w-Cachoeira-fazenda-implantada-1-1024x630-1.webp 1024w, https:\/\/uploads.acordacidade.com.br\/2025\/05\/MnzYr54w-Cachoeira-fazenda-implantada-1-768x472.webp 768w, https:\/\/uploads.acordacidade.com.br\/2025\/05\/MnzYr54w-Cachoeira-fazenda-implantada-1-150x92.webp 150w, https:\/\/uploads.acordacidade.com.br\/2025\/05\/MnzYr54w-Cachoeira-fazenda-implantada-1.webp 1200w\"><figcaption class=\"wp-element-caption\">Foto: Divulga\u00e7\u00e3o<\/figcaption><\/figure>\n<p>Tamb\u00e9m participaram o secret\u00e1rio estadual de Desenvolvimento Econ\u00f4mico, Angelo Almeida, o secret\u00e1rio da Agricultura, Pecu\u00e1ria, Irriga\u00e7\u00e3o, Pesca e Aquicultura, Pablo Barrozo, al\u00e9m da deputada estadual Fabiola Mansur (PSB) representantes do Grupo Acelen e demais convidados.<\/p>\n<p>Segundo Eliana Gonzaga \u201cesse projeto refor\u00e7a o protagonismo de Cachoeira na constru\u00e7\u00e3o de um modelo de desenvolvimento sustent\u00e1vel, que une inova\u00e7\u00e3o, gera\u00e7\u00e3o de empregos e preserva\u00e7\u00e3o ambiental.\u201d<\/p>\n<p><em>Siga o Acorda Cidade no<\/em><a href=\"https:\/\/news.google.com\/search?q=acorda%20cidade&amp;hl=pt-BR&amp;gl=BR&amp;ceid=BR%3Apt-419\"><strong><em>\u00a0Google Not\u00edcias<\/em><\/strong><\/a><em>\u00a0e receba os principais destaques do dia. Participe tamb\u00e9m dos nossos canais no\u00a0<\/em><a href=\"https:\/\/www.whatsapp.com\/channel\/0029Va6Rb4v3WHTNnsh8WI3N\"><strong><em>WhatsApp<\/em><\/strong><\/a><em>\u00a0e\u00a0<\/em><a href=\"https:\/\/www.youtube.com\/@acordacidadenoticias\/videos\"><strong>Youtube<\/strong><\/a><em>\u00a0e grupo de\u00a0<\/em><a href=\"https:\/\/t.me\/+sSz0khrgARA0ZmRh\"><strong><em>Telegram<\/em><\/strong><\/a><em>.<\/em><\/p>\n<\/div>\n","protected":false},"excerpt":{"rendered":"<div>\n<div>\n<figure><img decoding=\"async\" src=\"https:\/\/uploads.acordacidade.com.br\/2025\/05\/tStfw76N-Cachoeira-fazenda-implantada.webp\" alt=\"Cachoeira\"><figcaption>Foto: Divulga\u00e7\u00e3o<\/figcaption><\/figure>\n<\/div>\n<p>A prefeita de Cachoeira, Eliana Gonzaga (PT), marcou presen\u00e7a no an\u00fancio ao lado da vice-prefeita Cristina Soares (PSB).<\/p><\/div>\n","protected":false},"author":1,"featured_media":87189,"comment_status":"closed","ping_status":"closed","sticky":false,"template":"","format":"gallery","meta":{"footnotes":""},"categories":[8,9,6,57,56,10],"tags":[],"class_list":["post-87188","post","type-post","status-publish","format-gallery","has-post-thumbnail","hentry","category-bahia","category-brasil","category-feira-de-santana","category-mundo","category-policia","category-politica","post_format-post-format-gallery"],"featured_image_urls":{"full":["https:\/\/noticiasbahia360.com.br\/wp-content\/uploads\/2025\/05\/tStfw76N-Cachoeira-fazenda-implantada.webp",1200,734,false],"thumbnail":["https:\/\/noticiasbahia360.com.br\/wp-content\/uploads\/2025\/05\/tStfw76N-Cachoeira-fazenda-implantada-150x150.webp",150,150,true],"medium":["https:\/\/noticiasbahia360.com.br\/wp-content\/uploads\/2025\/05\/tStfw76N-Cachoeira-fazenda-implantada-300x184.webp",300,184,true],"medium_large":["https:\/\/noticiasbahia360.com.br\/wp-content\/uploads\/2025\/05\/tStfw76N-Cachoeira-fazenda-implantada-768x470.webp",640,392,true],"large":["https:\/\/noticiasbahia360.com.br\/wp-content\/uploads\/2025\/05\/tStfw76N-Cachoeira-fazenda-implantada-1024x626.webp",640,391,true],"1536x1536":["https:\/\/noticiasbahia360.com.br\/wp-content\/uploads\/2025\/05\/tStfw76N-Cachoeira-fazenda-implantada.webp",1200,734,false],"2048x2048":["https:\/\/noticiasbahia360.com.br\/wp-content\/uploads\/2025\/05\/tStfw76N-Cachoeira-fazenda-implantada.webp",1200,734,false],"chromenews-featured":["https:\/\/noticiasbahia360.com.br\/wp-content\/uploads\/2025\/05\/tStfw76N-Cachoeira-fazenda-implantada-1024x626.webp",1024,626,true],"chromenews-large":["https:\/\/noticiasbahia360.com.br\/wp-content\/uploads\/2025\/05\/tStfw76N-Cachoeira-fazenda-implantada-825x575.webp",825,575,true],"chromenews-medium":["https:\/\/noticiasbahia360.com.br\/wp-content\/uploads\/2025\/05\/tStfw76N-Cachoeira-fazenda-implantada-590x410.webp",590,410,true]},"author_info":{"display_name":"noticiasbahia360.com.br","author_link":"https:\/\/noticiasbahia360.com.br\/?author=1"},"category_info":"<a href=\"https:\/\/noticiasbahia360.com.br\/?cat=8\" rel=\"category\">Bahia<\/a> <a href=\"https:\/\/noticiasbahia360.com.br\/?cat=9\" rel=\"category\">Brasil<\/a> <a href=\"https:\/\/noticiasbahia360.com.br\/?cat=6\" rel=\"category\">Feira de Santana<\/a> <a href=\"https:\/\/noticiasbahia360.com.br\/?cat=57\" rel=\"category\">Mundo<\/a> <a href=\"https:\/\/noticiasbahia360.com.br\/?cat=56\" rel=\"category\">Pol\u00edcia<\/a> <a href=\"https:\/\/noticiasbahia360.com.br\/?cat=10\" rel=\"category\">Pol\u00edtica<\/a>","tag_info":"Pol\u00edtica","comment_count":"0","_links":{"self":[{"href":"https:\/\/noticiasbahia360.com.br\/index.php?rest_route=\/wp\/v2\/posts\/87188","targetHints":{"allow":["GET"]}}],"collection":[{"href":"https:\/\/noticiasbahia360.com.br\/index.php?rest_route=\/wp\/v2\/posts"}],"about":[{"href":"https:\/\/noticiasbahia360.com.br\/index.php?rest_route=\/wp\/v2\/types\/post"}],"author":[{"embeddable":true,"href":"https:\/\/noticiasbahia360.com.br\/index.php?rest_route=\/wp\/v2\/users\/1"}],"replies":[{"embeddable":true,"href":"https:\/\/noticiasbahia360.com.br\/index.php?rest_route=%2Fwp%2Fv2%2Fcomments&post=87188"}],"version-history":[{"count":0,"href":"https:\/\/noticiasbahia360.com.br\/index.php?rest_route=\/wp\/v2\/posts\/87188\/revisions"}],"wp:featuredmedia":[{"embeddable":true,"href":"https:\/\/noticiasbahia360.com.br\/index.php?rest_route=\/wp\/v2\/media\/87189"}],"wp:attachment":[{"href":"https:\/\/noticiasbahia360.com.br\/index.php?rest_route=%2Fwp%2Fv2%2Fmedia&parent=87188"}],"wp:term":[{"taxonomy":"category","embeddable":true,"href":"https:\/\/noticiasbahia360.com.br\/index.php?rest_route=%2Fwp%2Fv2%2Fcategories&post=87188"},{"taxonomy":"post_tag","embeddable":true,"href":"https:\/\/noticiasbahia360.com.br\/index.php?rest_route=%2Fwp%2Fv2%2Ftags&post=87188"}],"curies":[{"name":"wp","href":"https:\/\/api.w.org\/{rel}","templated":true}]}}