{"id":87191,"date":"2025-05-23T10:07:17","date_gmt":"2025-05-23T13:07:17","guid":{"rendered":"https:\/\/noticiasbahia360.com.br\/?p=87191"},"modified":"2025-05-23T10:07:17","modified_gmt":"2025-05-23T13:07:17","slug":"ministro-do-stf-mantem-prisao-do-general-braga-netto","status":"publish","type":"post","link":"https:\/\/noticiasbahia360.com.br\/?p=87191","title":{"rendered":"Ministro do STF mant\u00e9m pris\u00e3o do General Braga Netto"},"content":{"rendered":"<div>\n<div>\n<figure><img decoding=\"async\" src=\"http:\/\/noticiasbahia360.com.br\/wp-content\/uploads\/2025\/05\/wGgHZh8A-braganetto_foto_marcelocamargo_agbrasil.png\" alt=\"Braga Netto\"><figcaption>Foto: Marcelo Camargo\/Ag\u00eancia Brasil<\/figcaption><\/figure>\n<\/div>\n<p>Ag\u00eancia Brasil \u2013 O ministro\u00a0<strong>Alexan<\/strong><a href=\"https:\/\/www.acordacidade.com.br\/tag\/alexandre-de-moraes\/\">Alexandre de Moraes<\/a><strong>dre de Moraes<\/strong>, do Supremo Tribunal Federal (STF),\u00a0<strong>decidiu na \u00faltima quinta-feira (22) manter a pris\u00e3o do general Braga Netto<\/strong>, preso no \u00e2mbito das investiga\u00e7\u00f5es do inqu\u00e9rito da tentativa de\u00a0golpe de Estado.<img decoding=\"async\" src=\"https:\/\/agenciabrasil.ebc.com.br\/ebc.png?id=1643849&amp;o=node\"><img decoding=\"async\" src=\"https:\/\/agenciabrasil.ebc.com.br\/ebc.gif?id=1643849&amp;o=node\"><\/p>\n<p>O general da reserva e vice na chapa de Bolsonaro nas elei\u00e7\u00f5es de\u00a02022 est\u00e1 preso desde dezembro do ano passado sob a acusa\u00e7\u00e3o de obstruir a investiga\u00e7\u00e3o sobre a tentativa de golpe de Estado no pa\u00eds para impedir a posse do presidente Luiz In\u00e1cio Lula da Silva. Ele \u00e9 um dos r\u00e9us do n\u00facleo 1 da trama golpista, grupo que tamb\u00e9m inclui o ex-presidente e o general Augusto Heleno.<\/p>\n<p>A decis\u00e3o do ministro foi tomada ap\u00f3s parecer da Procuradoria-Geral da Rep\u00fablica (PGR) pela manuten\u00e7\u00e3o da pris\u00e3o.<\/p>\n<p><strong>Segundo Moraes, a soltura de Braga Netto pode atrapalhar o andamento da a\u00e7\u00e3o penal sobre a tentativa de golpe.<\/strong><\/p>\n<p>O ministro citou o depoimento prestado ontem (21) ao Supremo pelo ex-comandante da\u00a0Aeron\u00e1utica Baptista J\u00fanior, que relatou amea\u00e7as contra seus familiares. \u201cA testemunha de acusa\u00e7\u00e3o afirmou em seu depoimento que o r\u00e9u Walter Souza Braga Netto foi respons\u00e1vel por orientar militares golpistas a pressionar a testemunha e a sua fam\u00edlia, uma vez que o tenente-brigadeiro Baptista J\u00fanior foi contr\u00e1rio ao plano golpista da organiza\u00e7\u00e3o criminosa. Salientou, ainda, que encerrou suas contas em redes sociais, considerando a intensa press\u00e3o exercida pelos militares golpistas, orientados por Walter Souza Braga Netto\u201d, justificou o ministro.<\/p>\n<p>Durante as investiga\u00e7\u00f5es, a Pol\u00edcia Federal identificou que o general, indiciado por ser um dos principais articuladores do plano golpista, tentou obter dados sigilosos da dela\u00e7\u00e3o de Mauro Cid, ex-ajudante de ordens de Bolsonaro.<\/p>\n<p>Ap\u00f3s a pris\u00e3o, a defesa negou que Braga Netto tenha obstru\u00eddo as investiga\u00e7\u00f5es.\u00a0<\/p>\n<p><em>Siga o Acorda Cidade no<\/em><a href=\"https:\/\/news.google.com\/search?q=acorda%20cidade&amp;hl=pt-BR&amp;gl=BR&amp;ceid=BR%3Apt-419\"><strong><em>\u00a0Google Not\u00edcias<\/em><\/strong><\/a><em>\u00a0e receba os principais destaques do dia. Participe tamb\u00e9m dos nossos canais no\u00a0<\/em><a href=\"https:\/\/www.whatsapp.com\/channel\/0029Va6Rb4v3WHTNnsh8WI3N\"><strong><em>WhatsApp<\/em><\/strong><\/a><em>\u00a0e\u00a0<\/em><a href=\"https:\/\/www.youtube.com\/@acordacidadenoticias\/videos\"><strong>Youtube<\/strong><\/a><em>\u00a0e grupo de\u00a0<\/em><a href=\"https:\/\/t.me\/+sSz0khrgARA0ZmRh\"><strong><em>Telegram<\/em><\/strong><\/a><em>.<\/em><\/p>\n<\/div>\n","protected":false},"excerpt":{"rendered":"<div>\n<div>\n<figure><img decoding=\"async\" src=\"https:\/\/uploads.acordacidade.com.br\/2024\/12\/wGgHZh8A-braganetto_foto_marcelocamargo_agbrasil.png\" alt=\"Braga Netto\"><figcaption>Foto: Marcelo Camargo\/Ag\u00eancia Brasil<\/figcaption><\/figure>\n<\/div>\n<p>General da reserva est\u00e1 preso desde dezembro por obstruir investiga\u00e7\u00e3o.<\/p><\/div>\n","protected":false},"author":1,"featured_media":87192,"comment_status":"closed","ping_status":"closed","sticky":false,"template":"","format":"gallery","meta":{"footnotes":""},"categories":[8,9,6,57,56,10],"tags":[],"class_list":["post-87191","post","type-post","status-publish","format-gallery","has-post-thumbnail","hentry","category-bahia","category-brasil","category-feira-de-santana","category-mundo","category-policia","category-politica","post_format-post-format-gallery"],"featured_image_urls":{"full":["https:\/\/noticiasbahia360.com.br\/wp-content\/uploads\/2025\/05\/wGgHZh8A-braganetto_foto_marcelocamargo_agbrasil.png",640,383,false],"thumbnail":["https:\/\/noticiasbahia360.com.br\/wp-content\/uploads\/2025\/05\/wGgHZh8A-braganetto_foto_marcelocamargo_agbrasil-150x150.png",150,150,true],"medium":["https:\/\/noticiasbahia360.com.br\/wp-content\/uploads\/2025\/05\/wGgHZh8A-braganetto_foto_marcelocamargo_agbrasil-300x180.png",300,180,true],"medium_large":["https:\/\/noticiasbahia360.com.br\/wp-content\/uploads\/2025\/05\/wGgHZh8A-braganetto_foto_marcelocamargo_agbrasil.png",640,383,false],"large":["https:\/\/noticiasbahia360.com.br\/wp-content\/uploads\/2025\/05\/wGgHZh8A-braganetto_foto_marcelocamargo_agbrasil.png",640,383,false],"1536x1536":["https:\/\/noticiasbahia360.com.br\/wp-content\/uploads\/2025\/05\/wGgHZh8A-braganetto_foto_marcelocamargo_agbrasil.png",640,383,false],"2048x2048":["https:\/\/noticiasbahia360.com.br\/wp-content\/uploads\/2025\/05\/wGgHZh8A-braganetto_foto_marcelocamargo_agbrasil.png",640,383,false],"chromenews-featured":["https:\/\/noticiasbahia360.com.br\/wp-content\/uploads\/2025\/05\/wGgHZh8A-braganetto_foto_marcelocamargo_agbrasil.png",640,383,false],"chromenews-large":["https:\/\/noticiasbahia360.com.br\/wp-content\/uploads\/2025\/05\/wGgHZh8A-braganetto_foto_marcelocamargo_agbrasil.png",640,383,false],"chromenews-medium":["https:\/\/noticiasbahia360.com.br\/wp-content\/uploads\/2025\/05\/wGgHZh8A-braganetto_foto_marcelocamargo_agbrasil-590x383.png",590,383,true]},"author_info":{"display_name":"noticiasbahia360.com.br","author_link":"https:\/\/noticiasbahia360.com.br\/?author=1"},"category_info":"<a href=\"https:\/\/noticiasbahia360.com.br\/?cat=8\" rel=\"category\">Bahia<\/a> <a href=\"https:\/\/noticiasbahia360.com.br\/?cat=9\" rel=\"category\">Brasil<\/a> <a href=\"https:\/\/noticiasbahia360.com.br\/?cat=6\" rel=\"category\">Feira de Santana<\/a> <a href=\"https:\/\/noticiasbahia360.com.br\/?cat=57\" rel=\"category\">Mundo<\/a> <a href=\"https:\/\/noticiasbahia360.com.br\/?cat=56\" rel=\"category\">Pol\u00edcia<\/a> <a href=\"https:\/\/noticiasbahia360.com.br\/?cat=10\" rel=\"category\">Pol\u00edtica<\/a>","tag_info":"Pol\u00edtica","comment_count":"0","_links":{"self":[{"href":"https:\/\/noticiasbahia360.com.br\/index.php?rest_route=\/wp\/v2\/posts\/87191","targetHints":{"allow":["GET"]}}],"collection":[{"href":"https:\/\/noticiasbahia360.com.br\/index.php?rest_route=\/wp\/v2\/posts"}],"about":[{"href":"https:\/\/noticiasbahia360.com.br\/index.php?rest_route=\/wp\/v2\/types\/post"}],"author":[{"embeddable":true,"href":"https:\/\/noticiasbahia360.com.br\/index.php?rest_route=\/wp\/v2\/users\/1"}],"replies":[{"embeddable":true,"href":"https:\/\/noticiasbahia360.com.br\/index.php?rest_route=%2Fwp%2Fv2%2Fcomments&post=87191"}],"version-history":[{"count":0,"href":"https:\/\/noticiasbahia360.com.br\/index.php?rest_route=\/wp\/v2\/posts\/87191\/revisions"}],"wp:featuredmedia":[{"embeddable":true,"href":"https:\/\/noticiasbahia360.com.br\/index.php?rest_route=\/wp\/v2\/media\/87192"}],"wp:attachment":[{"href":"https:\/\/noticiasbahia360.com.br\/index.php?rest_route=%2Fwp%2Fv2%2Fmedia&parent=87191"}],"wp:term":[{"taxonomy":"category","embeddable":true,"href":"https:\/\/noticiasbahia360.com.br\/index.php?rest_route=%2Fwp%2Fv2%2Fcategories&post=87191"},{"taxonomy":"post_tag","embeddable":true,"href":"https:\/\/noticiasbahia360.com.br\/index.php?rest_route=%2Fwp%2Fv2%2Ftags&post=87191"}],"curies":[{"name":"wp","href":"https:\/\/api.w.org\/{rel}","templated":true}]}}