{"id":87193,"date":"2025-05-23T10:19:16","date_gmt":"2025-05-23T13:19:16","guid":{"rendered":"https:\/\/noticiasbahia360.com.br\/?p=87193"},"modified":"2025-05-23T10:19:16","modified_gmt":"2025-05-23T13:19:16","slug":"ministerio-da-tecnologia-vai-abrir-10-mil-vagas-para-formacao-de-programadores","status":"publish","type":"post","link":"https:\/\/noticiasbahia360.com.br\/?p=87193","title":{"rendered":"Minist\u00e9rio da Tecnologia vai abrir 10 mil vagas para forma\u00e7\u00e3o de programadores"},"content":{"rendered":"<div>\n<div>\n<figure><img decoding=\"async\" src=\"http:\/\/noticiasbahia360.com.br\/wp-content\/uploads\/2025\/05\/plano-de-fundo-de-programacao-com-pessoa-trabalhando-com-codigos-no-computador_freepik.jpg\" alt=\"computador - vagas\"><figcaption>Foto: Freepik<\/figcaption><\/figure>\n<\/div>\n<p>Ag\u00eancia Brasil \u2013 O\u00a0<strong>Minist\u00e9rio da Ci\u00eancia, Tecnologia e Inova\u00e7\u00e3o (MCTI) lan\u00e7ou\u00a0o\u00a0Programa Bolsa Futuro Digital, para forma\u00e7\u00e3o de programadores.<\/strong><img decoding=\"async\" src=\"https:\/\/agenciabrasil.ebc.com.br\/ebc.png?id=1643858&amp;o=node\"><img decoding=\"async\" src=\"https:\/\/agenciabrasil.ebc.com.br\/ebc.gif?id=1643858&amp;o=node\"> <strong>Gratuito<\/strong>, o programa\u00a0<strong>\u00e9 voltado para jovens e adultos sem\u00a0conhecimento pr\u00e9vio em tecnologia da informa\u00e7\u00e3o<\/strong>, mas que tenham\u00a0<strong>interesse na \u00e1rea de\u00a0Front-end ou Back-end<\/strong>.<\/p>\n<p>No total, a expectativa \u00e9 formar\u00a010 mil profissionais\u00a0em dois anos. Nesta\u00a0primeira etapa,\u00a0ser\u00e3o abertas 5 mil\u00a0vagas,\u00a0em\u00a012 estados e no Distrito Federal, com\u00a0prioridade para estudantes da rede p\u00fablica.\u00a0Seis meses depois, mais\u00a05 mil vagas ser\u00e3o disponibilizadas. Os\u00a0participantes ir\u00e3o receber uma ajuda financeira mensal.\u00a0<\/p>\n<p>As<strong>\u00a0inscri\u00e7\u00f5es podem ser feitas<\/strong>\u00a0<a href=\"https:\/\/hardware.org.br\/capacitacao\/bfd\/inscricao\/\" target=\"_blank\" rel=\"noreferrer noopener\">aqui<\/a>\u00a0at\u00e9 dia 30 de maio. O\u00a0<strong>curso ter\u00e1 dura\u00e7\u00e3o de nove\u00a0meses<\/strong>, com\u00a0<strong>in\u00edcio em 23 de junho<\/strong>.<\/p>\n<p>A\u00a0primeira fase do treinamento, durante\u00a0seis\u00a0meses,\u00a0\u00e9\u00a0composta por aulas presenciais e remotas. Nos\u00a0primeiros tr\u00eas meses, os\u00a0alunos v\u00e3o receber bolsa\u00a0mensal no valor de R$ 100, e nos\u00a0tr\u00eas \u00faltimos meses, sobe\u00a0para\u00a0R$ 200.\u00a0<\/p>\n<p>Na\u00a0<strong>segunda etapa<\/strong>, chamada de\u00a0<strong>resid\u00eancia tecnol\u00f3gica<\/strong>\u00a0e com\u00a0<strong>dura\u00e7\u00e3o de tr\u00eas meses<\/strong>, os\u00a0<strong>estudantes com melhor desempenho poder\u00e3o fazer capacita\u00e7\u00e3o em empresas parceiras<\/strong>, quando ir\u00e3o resolver desafios reais. O\u00a0<strong>apoio sobe para\u00a0R$ 600 por m\u00eas<\/strong>.\u00a0<\/p>\n<p>Durante o lan\u00e7amento do programa, a ministra do MCTI,\u00a0Luciana Santos, destacou a import\u00e2ncia do programa para tentar suprir a demanda do setor de tecnologia, al\u00e9m de buscar atrair mulheres para a carreira.\u00a0 \u201cAo n\u00e3o valorizar talentos femininos, o pa\u00eds perde a diversidade de olhares que enriquecem sua produ\u00e7\u00e3o cient\u00edfica. Promover a inclus\u00e3o \u00e9 tornar a sociedade um lugar mais diverso, equilibrado e justo\u201d, disse.<\/p>\n<p>Dados da Associa\u00e7\u00e3o das Empresas de Tecnologia da Informa\u00e7\u00e3o e Comunica\u00e7\u00e3o e de Tecnologias Digitais (Brasscom) mostram que\u00a0<strong>46 mil profissionais de tecnologia se formam por ano no pa\u00eds<\/strong>. No entanto, o\u00a0<strong>setor demanda\u00a0cerca de 70 mil.<\/strong>\u00a0A \u00e1rea oferece\u00a0<strong>alta remunera\u00e7\u00e3o<\/strong>, que pode\u00a0<strong>chegar a ser at\u00e9\u00a0tr\u00eas vezes superior\u00a0\u00e0\u00a0m\u00e9dia nacional<\/strong>.\u00a0<\/p>\n<p>O\u00a0<strong>Programa Bolsa Futuro Digital tem or\u00e7amento previsto\u00a0de R$ 54,5 milh\u00f5es,\u00a0<\/strong>sendo<strong>\u00a0<\/strong>recursos do PPI da Lei de Inform\u00e1tica.<\/p>\n<h2 class=\"wp-block-heading\" id=\"h-para-participar-do-programa-os-requisitos-exigidos-sao\"><strong>Para participar do programa, os requisitos exigidos\u00a0s\u00e3o:\u00a0<\/strong><\/h2>\n<ul class=\"wp-block-list\">\n<li>Ter 18 anos completos at\u00e9 o fim do curso ou idade superior<\/li>\n<li>Ter conclu\u00eddo o ensino m\u00e9dio ou concluir at\u00e9 o final do curso<\/li>\n<li>Ter estudado integralmente em escola p\u00fablica ou com bolsa integral na rede particular<\/li>\n<li>\u200bTer acesso \u00e0 internet para a realiza\u00e7\u00e3o das atividades complementares.<\/li>\n<\/ul>\n<p><em>Siga o Acorda Cidade no<\/em><a href=\"https:\/\/news.google.com\/search?q=acorda%20cidade&amp;hl=pt-BR&amp;gl=BR&amp;ceid=BR%3Apt-419\"><strong><em>\u00a0Google Not\u00edcias<\/em><\/strong><\/a><em>\u00a0e receba os principais destaques do dia. Participe tamb\u00e9m dos nossos canais no\u00a0<\/em><a href=\"https:\/\/whatsapp.com\/channel\/0029Va6Rb4v3WHTNnsh8WI3N\"><strong><em>WhatsApp<\/em><\/strong><\/a><em>\u00a0e\u00a0<\/em><a href=\"https:\/\/www.youtube.com\/@acordacidadenoticias\/videos\"><strong>YouTube<\/strong><\/a><em>\u00a0e do grupo no\u00a0<\/em><a href=\"https:\/\/t.me\/+sSz0khrgARA0ZmRh\"><strong><em>Telegram<\/em><\/strong><\/a><em>.<\/em><\/p>\n<\/div>\n","protected":false},"excerpt":{"rendered":"<div>\n<div>\n<figure><img decoding=\"async\" src=\"https:\/\/www.acordacidade.com.br\/wp-content\/uploads\/2024\/07\/plano-de-fundo-de-programacao-com-pessoa-trabalhando-com-codigos-no-computador_freepik.jpg\" alt=\"computador - vagas\"><figcaption>Foto: Freepik<\/figcaption><\/figure>\n<\/div>\n<p>As\u00a0inscri\u00e7\u00f5es podem ser feitas\u00a0aqui\u00a0at\u00e9 dia 30 de maio. O\u00a0curso ter\u00e1 dura\u00e7\u00e3o de nove\u00a0meses, com\u00a0in\u00edcio em 23 de junho.<\/p><\/div>\n","protected":false},"author":1,"featured_media":87194,"comment_status":"closed","ping_status":"closed","sticky":false,"template":"","format":"gallery","meta":{"footnotes":""},"categories":[8,9,6,57,56,10],"tags":[],"class_list":["post-87193","post","type-post","status-publish","format-gallery","has-post-thumbnail","hentry","category-bahia","category-brasil","category-feira-de-santana","category-mundo","category-policia","category-politica","post_format-post-format-gallery"],"featured_image_urls":{"full":["https:\/\/noticiasbahia360.com.br\/wp-content\/uploads\/2025\/05\/plano-de-fundo-de-programacao-com-pessoa-trabalhando-com-codigos-no-computador_freepik.jpg",640,427,false],"thumbnail":["https:\/\/noticiasbahia360.com.br\/wp-content\/uploads\/2025\/05\/plano-de-fundo-de-programacao-com-pessoa-trabalhando-com-codigos-no-computador_freepik-150x150.jpg",150,150,true],"medium":["https:\/\/noticiasbahia360.com.br\/wp-content\/uploads\/2025\/05\/plano-de-fundo-de-programacao-com-pessoa-trabalhando-com-codigos-no-computador_freepik-300x200.jpg",300,200,true],"medium_large":["https:\/\/noticiasbahia360.com.br\/wp-content\/uploads\/2025\/05\/plano-de-fundo-de-programacao-com-pessoa-trabalhando-com-codigos-no-computador_freepik.jpg",640,427,false],"large":["https:\/\/noticiasbahia360.com.br\/wp-content\/uploads\/2025\/05\/plano-de-fundo-de-programacao-com-pessoa-trabalhando-com-codigos-no-computador_freepik.jpg",640,427,false],"1536x1536":["https:\/\/noticiasbahia360.com.br\/wp-content\/uploads\/2025\/05\/plano-de-fundo-de-programacao-com-pessoa-trabalhando-com-codigos-no-computador_freepik.jpg",640,427,false],"2048x2048":["https:\/\/noticiasbahia360.com.br\/wp-content\/uploads\/2025\/05\/plano-de-fundo-de-programacao-com-pessoa-trabalhando-com-codigos-no-computador_freepik.jpg",640,427,false],"chromenews-featured":["https:\/\/noticiasbahia360.com.br\/wp-content\/uploads\/2025\/05\/plano-de-fundo-de-programacao-com-pessoa-trabalhando-com-codigos-no-computador_freepik.jpg",640,427,false],"chromenews-large":["https:\/\/noticiasbahia360.com.br\/wp-content\/uploads\/2025\/05\/plano-de-fundo-de-programacao-com-pessoa-trabalhando-com-codigos-no-computador_freepik.jpg",640,427,false],"chromenews-medium":["https:\/\/noticiasbahia360.com.br\/wp-content\/uploads\/2025\/05\/plano-de-fundo-de-programacao-com-pessoa-trabalhando-com-codigos-no-computador_freepik-590x410.jpg",590,410,true]},"author_info":{"display_name":"noticiasbahia360.com.br","author_link":"https:\/\/noticiasbahia360.com.br\/?author=1"},"category_info":"<a href=\"https:\/\/noticiasbahia360.com.br\/?cat=8\" rel=\"category\">Bahia<\/a> <a href=\"https:\/\/noticiasbahia360.com.br\/?cat=9\" rel=\"category\">Brasil<\/a> <a href=\"https:\/\/noticiasbahia360.com.br\/?cat=6\" rel=\"category\">Feira de Santana<\/a> <a href=\"https:\/\/noticiasbahia360.com.br\/?cat=57\" rel=\"category\">Mundo<\/a> <a href=\"https:\/\/noticiasbahia360.com.br\/?cat=56\" rel=\"category\">Pol\u00edcia<\/a> <a href=\"https:\/\/noticiasbahia360.com.br\/?cat=10\" rel=\"category\">Pol\u00edtica<\/a>","tag_info":"Pol\u00edtica","comment_count":"0","_links":{"self":[{"href":"https:\/\/noticiasbahia360.com.br\/index.php?rest_route=\/wp\/v2\/posts\/87193","targetHints":{"allow":["GET"]}}],"collection":[{"href":"https:\/\/noticiasbahia360.com.br\/index.php?rest_route=\/wp\/v2\/posts"}],"about":[{"href":"https:\/\/noticiasbahia360.com.br\/index.php?rest_route=\/wp\/v2\/types\/post"}],"author":[{"embeddable":true,"href":"https:\/\/noticiasbahia360.com.br\/index.php?rest_route=\/wp\/v2\/users\/1"}],"replies":[{"embeddable":true,"href":"https:\/\/noticiasbahia360.com.br\/index.php?rest_route=%2Fwp%2Fv2%2Fcomments&post=87193"}],"version-history":[{"count":0,"href":"https:\/\/noticiasbahia360.com.br\/index.php?rest_route=\/wp\/v2\/posts\/87193\/revisions"}],"wp:featuredmedia":[{"embeddable":true,"href":"https:\/\/noticiasbahia360.com.br\/index.php?rest_route=\/wp\/v2\/media\/87194"}],"wp:attachment":[{"href":"https:\/\/noticiasbahia360.com.br\/index.php?rest_route=%2Fwp%2Fv2%2Fmedia&parent=87193"}],"wp:term":[{"taxonomy":"category","embeddable":true,"href":"https:\/\/noticiasbahia360.com.br\/index.php?rest_route=%2Fwp%2Fv2%2Fcategories&post=87193"},{"taxonomy":"post_tag","embeddable":true,"href":"https:\/\/noticiasbahia360.com.br\/index.php?rest_route=%2Fwp%2Fv2%2Ftags&post=87193"}],"curies":[{"name":"wp","href":"https:\/\/api.w.org\/{rel}","templated":true}]}}