{"id":87195,"date":"2025-05-23T10:26:30","date_gmt":"2025-05-23T13:26:30","guid":{"rendered":"https:\/\/noticiasbahia360.com.br\/?p=87195"},"modified":"2025-05-23T10:26:30","modified_gmt":"2025-05-23T13:26:30","slug":"receita-federal-libera-consulta-a-maior-lote-de-restituicao-do-ir-da-historia","status":"publish","type":"post","link":"https:\/\/noticiasbahia360.com.br\/?p=87195","title":{"rendered":"Receita Federal libera consulta a maior lote de restitui\u00e7\u00e3o do IR da hist\u00f3ria"},"content":{"rendered":"<div>\n<div>\n<figure><img decoding=\"async\" src=\"http:\/\/noticiasbahia360.com.br\/wp-content\/uploads\/2025\/05\/vDDT1kuT-Imposto-de-Renda.webp\" alt=\"Imposto de Renda - Receita Federal\"><figcaption>Foto: Jo\u00e9dson Alves\/Ag\u00eancia Brasil<\/figcaption><\/figure>\n<\/div>\n<p>Ag\u00eancia Brasil \u2013 A partir das 10h desta sexta-feira (23), cerca de 6,3 milh\u00f5es de contribuintes que entregaram a Declara\u00e7\u00e3o do Imposto de Renda Pessoa F\u00edsica deste ano acertar\u00e3o as contas com o Le\u00e3o. Nesse hor\u00e1rio, a Receita Federal liberar\u00e1 a consulta ao primeiro dos cinco lotes de restitui\u00e7\u00e3o de 2025, o maior da hist\u00f3ria em n\u00famero de contribuintes e em valor.\u00a0<strong>O lote tamb\u00e9m contempla restitui\u00e7\u00f5es residuais de anos anteriores.<\/strong><img decoding=\"async\" src=\"https:\/\/agenciabrasil.ebc.com.br\/ebc.png?id=1643580&amp;o=node\"><img decoding=\"async\" src=\"https:\/\/agenciabrasil.ebc.com.br\/ebc.gif?id=1643580&amp;o=node\"><\/p>\n<p><strong>Ao todo, 6.257.108 contribuintes receber\u00e3o R$ 11 bilh\u00f5es. Todo o valor, informou o Fisco, ir\u00e1 para contribuintes com prioridade no reembolso.<\/strong><\/p>\n<p><strong>As restitui\u00e7\u00f5es est\u00e3o distribu\u00eddas da seguinte forma:<\/strong><\/p>\n<ul class=\"wp-block-list\">\n<li>2.375.076 contribuintes que usaram a declara\u00e7\u00e3o pr\u00e9-preenchida e optaram simultaneamente por receber a restitui\u00e7\u00e3o via Pix;<\/li>\n<li>2.346.445 contribuintes de 60 a 79 anos;<\/li>\n<li>1.096.168 contribuintes cuja maior fonte de renda seja o magist\u00e9rio;<\/li>\n<li>240.081 contribuintes acima de 80 anos;<\/li>\n<li>199.338 contribuintes com defici\u00eancia f\u00edsica ou mental ou doen\u00e7a grave.<\/li>\n<\/ul>\n<p>Embora n\u00e3o tenham prioridade por lei, os contribuintes que usaram dois procedimentos em conjunto, pr\u00e9-preenchida e Pix, passaram a ter prioridade no recebimento da restiui\u00e7\u00e3o neste ano.<\/p>\n<p><strong>A consulta poder\u00e1 ser feita na\u00a0<a href=\"https:\/\/www.gov.br\/receitafederal\/pt-br\" target=\"_blank\" rel=\"noreferrer noopener\">p\u00e1gina da Receita Federal<\/a>\u00a0na internet.<\/strong>\u00a0Basta o contribuinte clicar em Meu Imposto de Renda\u00a0e, em seguida, no bot\u00e3o Consultar a Restitui\u00e7\u00e3o. Tamb\u00e9m \u00e9 poss\u00edvel fazer a consulta no aplicativo da Receita Federal para\u00a0<em>tablets<\/em>\u00a0e<em>\u00a0smartphones.<\/em><\/p>\n<p><strong>O pagamento ser\u00e1 feito em 30 de maio, na conta ou na chave Pix do tipo CPF informada na declara\u00e7\u00e3o do Imposto de Renda. Caso o contribuinte n\u00e3o esteja na lista, dever\u00e1 entrar no CentroVirtual de Atendimento ao Contribuinte\u00a0(<a href=\"https:\/\/cav.receita.fazenda.gov.br\/\" target=\"_blank\" rel=\"noreferrer noopener\">e-CAC<\/a>).\u00a0<\/strong>Se verificar uma pend\u00eancia, pode enviar uma declara\u00e7\u00e3o retificadora e esperar os pr\u00f3ximos lotes da malha fina.<\/p>\n<p><strong>Se, por algum motivo, a restitui\u00e7\u00e3o n\u00e3o for depositada na conta informada na declara\u00e7\u00e3o, como no caso de conta desativada, os valores ficar\u00e3o dispon\u00edveis para resgate por at\u00e9 um ano no Banco do Brasil.<\/strong>\u00a0Nesse caso, o cidad\u00e3o poder\u00e1 agendar o cr\u00e9dito em qualquer conta banc\u00e1ria em seu nome, por meio do\u00a0<a href=\"https:\/\/www.bb.com.br\/irpf\" target=\"_blank\" rel=\"noreferrer noopener\">Portal BB<\/a>\u00a0ou ligando para a Central de Relacionamento do banco, nos telefones 4004-0001 (capitais), 0800-729-0001 (demais localidades) e 0800-729-0088 (telefone especial exclusivo para deficientes auditivos).<\/p>\n<p><strong>Caso o contribuinte n\u00e3o resgate o valor de sua restitui\u00e7\u00e3o depois de um ano, dever\u00e1 requerer o valor no\u00a0<a href=\"http:\/\/cav.receita.fazenda.gov.br\/\" target=\"_blank\" rel=\"noreferrer noopener\">Portal e-CAC<\/a>.<\/strong>\u00a0Ao entrar na p\u00e1gina, o cidad\u00e3o deve acessando o menu Declara\u00e7\u00f5es e Demonstrativos, clicar em Meu Imposto de Renda\u00a0e, em seguida, no campo Solicitar restitui\u00e7\u00e3o n\u00e3o resgatada na rede banc\u00e1ria.<\/p>\n<p><em>Siga o Acorda Cidade no<\/em><a href=\"https:\/\/news.google.com\/search?q=acorda%20cidade&amp;hl=pt-BR&amp;gl=BR&amp;ceid=BR%3Apt-419\"><strong><em>\u00a0Google Not\u00edcias<\/em><\/strong><\/a><em>\u00a0e receba os principais destaques do dia. Participe tamb\u00e9m dos nossos canais no\u00a0<\/em><a href=\"https:\/\/www.whatsapp.com\/channel\/0029Va6Rb4v3WHTNnsh8WI3N\"><strong><em>WhatsApp<\/em><\/strong><\/a><em>\u00a0e\u00a0<\/em><a href=\"https:\/\/www.youtube.com\/@acordacidadenoticias\/videos\"><strong>Youtube<\/strong><\/a><em>\u00a0e grupo de\u00a0<\/em><a href=\"https:\/\/t.me\/+sSz0khrgARA0ZmRh\"><strong><em>Telegram<\/em><\/strong><\/a><em>.<\/em><\/p>\n<\/div>\n","protected":false},"excerpt":{"rendered":"<div>\n<div>\n<figure><img decoding=\"async\" src=\"https:\/\/uploads.acordacidade.com.br\/2025\/05\/vDDT1kuT-Imposto-de-Renda.webp\" alt=\"Imposto de Renda - Receita Federal\"><figcaption>Foto: Jo\u00e9dson Alves\/Ag\u00eancia Brasil<\/figcaption><\/figure>\n<\/div>\n<p>Cerca de 6,3 milh\u00f5es de contribuintes receber\u00e3o R$ 11 bilh\u00f5es.<\/p><\/div>\n","protected":false},"author":1,"featured_media":87196,"comment_status":"closed","ping_status":"closed","sticky":false,"template":"","format":"gallery","meta":{"footnotes":""},"categories":[8,9,6,57,56,10],"tags":[],"class_list":["post-87195","post","type-post","status-publish","format-gallery","has-post-thumbnail","hentry","category-bahia","category-brasil","category-feira-de-santana","category-mundo","category-policia","category-politica","post_format-post-format-gallery"],"featured_image_urls":{"full":["https:\/\/noticiasbahia360.com.br\/wp-content\/uploads\/2025\/05\/vDDT1kuT-Imposto-de-Renda.webp",1200,718,false],"thumbnail":["https:\/\/noticiasbahia360.com.br\/wp-content\/uploads\/2025\/05\/vDDT1kuT-Imposto-de-Renda-150x150.webp",150,150,true],"medium":["https:\/\/noticiasbahia360.com.br\/wp-content\/uploads\/2025\/05\/vDDT1kuT-Imposto-de-Renda-300x180.webp",300,180,true],"medium_large":["https:\/\/noticiasbahia360.com.br\/wp-content\/uploads\/2025\/05\/vDDT1kuT-Imposto-de-Renda-768x460.webp",640,383,true],"large":["https:\/\/noticiasbahia360.com.br\/wp-content\/uploads\/2025\/05\/vDDT1kuT-Imposto-de-Renda-1024x613.webp",640,383,true],"1536x1536":["https:\/\/noticiasbahia360.com.br\/wp-content\/uploads\/2025\/05\/vDDT1kuT-Imposto-de-Renda.webp",1200,718,false],"2048x2048":["https:\/\/noticiasbahia360.com.br\/wp-content\/uploads\/2025\/05\/vDDT1kuT-Imposto-de-Renda.webp",1200,718,false],"chromenews-featured":["https:\/\/noticiasbahia360.com.br\/wp-content\/uploads\/2025\/05\/vDDT1kuT-Imposto-de-Renda-1024x613.webp",1024,613,true],"chromenews-large":["https:\/\/noticiasbahia360.com.br\/wp-content\/uploads\/2025\/05\/vDDT1kuT-Imposto-de-Renda-825x575.webp",825,575,true],"chromenews-medium":["https:\/\/noticiasbahia360.com.br\/wp-content\/uploads\/2025\/05\/vDDT1kuT-Imposto-de-Renda-590x410.webp",590,410,true]},"author_info":{"display_name":"noticiasbahia360.com.br","author_link":"https:\/\/noticiasbahia360.com.br\/?author=1"},"category_info":"<a href=\"https:\/\/noticiasbahia360.com.br\/?cat=8\" rel=\"category\">Bahia<\/a> <a href=\"https:\/\/noticiasbahia360.com.br\/?cat=9\" rel=\"category\">Brasil<\/a> <a href=\"https:\/\/noticiasbahia360.com.br\/?cat=6\" rel=\"category\">Feira de Santana<\/a> <a href=\"https:\/\/noticiasbahia360.com.br\/?cat=57\" rel=\"category\">Mundo<\/a> <a href=\"https:\/\/noticiasbahia360.com.br\/?cat=56\" rel=\"category\">Pol\u00edcia<\/a> <a href=\"https:\/\/noticiasbahia360.com.br\/?cat=10\" rel=\"category\">Pol\u00edtica<\/a>","tag_info":"Pol\u00edtica","comment_count":"0","_links":{"self":[{"href":"https:\/\/noticiasbahia360.com.br\/index.php?rest_route=\/wp\/v2\/posts\/87195","targetHints":{"allow":["GET"]}}],"collection":[{"href":"https:\/\/noticiasbahia360.com.br\/index.php?rest_route=\/wp\/v2\/posts"}],"about":[{"href":"https:\/\/noticiasbahia360.com.br\/index.php?rest_route=\/wp\/v2\/types\/post"}],"author":[{"embeddable":true,"href":"https:\/\/noticiasbahia360.com.br\/index.php?rest_route=\/wp\/v2\/users\/1"}],"replies":[{"embeddable":true,"href":"https:\/\/noticiasbahia360.com.br\/index.php?rest_route=%2Fwp%2Fv2%2Fcomments&post=87195"}],"version-history":[{"count":0,"href":"https:\/\/noticiasbahia360.com.br\/index.php?rest_route=\/wp\/v2\/posts\/87195\/revisions"}],"wp:featuredmedia":[{"embeddable":true,"href":"https:\/\/noticiasbahia360.com.br\/index.php?rest_route=\/wp\/v2\/media\/87196"}],"wp:attachment":[{"href":"https:\/\/noticiasbahia360.com.br\/index.php?rest_route=%2Fwp%2Fv2%2Fmedia&parent=87195"}],"wp:term":[{"taxonomy":"category","embeddable":true,"href":"https:\/\/noticiasbahia360.com.br\/index.php?rest_route=%2Fwp%2Fv2%2Fcategories&post=87195"},{"taxonomy":"post_tag","embeddable":true,"href":"https:\/\/noticiasbahia360.com.br\/index.php?rest_route=%2Fwp%2Fv2%2Ftags&post=87195"}],"curies":[{"name":"wp","href":"https:\/\/api.w.org\/{rel}","templated":true}]}}