{"id":87197,"date":"2025-05-23T10:38:16","date_gmt":"2025-05-23T13:38:16","guid":{"rendered":"https:\/\/noticiasbahia360.com.br\/?p=87197"},"modified":"2025-05-23T10:38:16","modified_gmt":"2025-05-23T13:38:16","slug":"rio-de-janeiro-maioria-de-fuzis-apreendidos-em-2024-foi-fabricado-nos-estados-unidos","status":"publish","type":"post","link":"https:\/\/noticiasbahia360.com.br\/?p=87197","title":{"rendered":"Rio de Janeiro: maioria de fuzis apreendidos em 2024 foi fabricado nos Estados Unidos"},"content":{"rendered":"<div>\n<div>\n<figure><img decoding=\"async\" src=\"http:\/\/noticiasbahia360.com.br\/wp-content\/uploads\/2025\/05\/uSCKRBqr-fuzil.webp\" alt=\"fuzil\"><figcaption>Foto: Pol\u00edcia Federal\/divulga\u00e7\u00e3o<\/figcaption><\/figure>\n<\/div>\n<p>Ag\u00eancia Brasil \u2013 A <a href=\"https:\/\/www.acordacidade.com.br\/tag\/policia-militar\/\">Pol\u00edcia Militar<\/a> (PM) do Rio de Janeiro divulgou um estudo que mostra que dos 638 fuzis apreendidos em 2024 pela corpora\u00e7\u00e3o, 604 (94,68%) foram fabricados no exterior. Os dados fazem parte de um levantamento feito pela Subsecretaria de Intelig\u00eancia (SSI).<\/p>\n<p>A maioria das armas de guerra retiradas das m\u00e3os dos criminosos no ano passado foi fabricada nos Estados Unidos (EUA), onde foram contrabandeadas 295 unidades da plataforma Colt. O armamento da plataforma entra de forma clandestina no Brasil pelas fronteiras de pa\u00edses sul-americanos, como Paraguai, Bol\u00edvia e Col\u00f4mbia.<\/p>\n<p>\u201cPrecisamos entender que esse poder b\u00e9lico nas m\u00e3os erradas provoca inseguran\u00e7a e atinge toda a popula\u00e7\u00e3o. Por isso, a import\u00e2ncia de a ind\u00fastria produtora de armas tamb\u00e9m fazer parte do enfrentamento ao crime organizado, com a ger\u00eancia sobre o caminho dos armamentos e atuando em conjunto com o governo federal no controle do tr\u00e1fico internacional de armas\u201d, disse o governador Cl\u00e1udio Castro.<\/p>\n<p>O estudo mostra ainda que muitos fuzis chegaram ao territ\u00f3rio nacional em pe\u00e7as avulsas, tamb\u00e9m compradas nos Estados Unidos ao custo de aproximadamente R$ 6 mil, na cota\u00e7\u00e3o atual do d\u00f3lar. Depois de montadas por armeiros, s\u00e3o vendidas \u00e0s fac\u00e7\u00f5es criminosas por cerca de R$ 50 mil.<\/p>\n<p>O secret\u00e1rio da Pol\u00edcia Militar, coronel Marcelo Nogueira, disse que a apreens\u00e3o de fuzis, hoje, \u00e9 um dos maiores desafios da corpora\u00e7\u00e3o no contexto da seguran\u00e7a p\u00fablica do estado.<\/p>\n<p>\u201cNossa tropa n\u00e3o vai esmorecer, mas \u00e9 preciso alertar para a necessidade urgente de uma pol\u00edtica de \u00e2mbito nacional e at\u00e9 internacional para deter o contrabando de armas, envolvendo outros atores da \u00e1rea de seguran\u00e7a\u201d, afirmou.<\/p>\n<p>Os fuzis apreendidos no ano passado foram fabricados tamb\u00e9m em outros pa\u00edses como Israel, Alemanha, \u00c1ustria e Rep\u00fablica Tcheca. Um levantamento preliminar feito pela SSI, ao analisar a proced\u00eancia dos fuzis apreendidos neste ano de 2025, mostra que 60% foram fabricados nos Estados Unidos, indicando tend\u00eancia semelhante \u00e0 constatada no ano passado.<\/p>\n<p><em>Siga o Acorda Cidade no<\/em><a href=\"https:\/\/news.google.com\/search?q=acorda%20cidade&amp;hl=pt-BR&amp;gl=BR&amp;ceid=BR%3Apt-419\"><strong><em>\u00a0Google Not\u00edcias<\/em><\/strong><\/a><em>\u00a0e receba os principais destaques do dia. Participe tamb\u00e9m dos nossos canais no\u00a0<\/em><a href=\"https:\/\/www.whatsapp.com\/channel\/0029Va6Rb4v3WHTNnsh8WI3N\"><strong><em>WhatsApp<\/em><\/strong><\/a><em>\u00a0e\u00a0<\/em><a href=\"https:\/\/www.youtube.com\/@acordacidadenoticias\/videos\"><strong>Youtube<\/strong><\/a><em>\u00a0e grupo de\u00a0<\/em><a href=\"https:\/\/t.me\/+sSz0khrgARA0ZmRh\"><strong><em>Telegram<\/em><\/strong><\/a><em>.<\/em><\/p>\n<\/div>\n","protected":false},"excerpt":{"rendered":"<div>\n<div>\n<figure><img decoding=\"async\" src=\"https:\/\/uploads.acordacidade.com.br\/2025\/05\/uSCKRBqr-fuzil.webp\" alt=\"fuzil\"><figcaption>Foto: Pol\u00edcia Federal\/divulga\u00e7\u00e3o<\/figcaption><\/figure>\n<\/div>\n<p>Os fuzis apreendidos no ano passado foram fabricados tamb\u00e9m em outros pa\u00edses como Israel, Alemanha, \u00c1ustria e Rep\u00fablica Tcheca.<\/p><\/div>\n","protected":false},"author":1,"featured_media":87198,"comment_status":"closed","ping_status":"closed","sticky":false,"template":"","format":"gallery","meta":{"footnotes":""},"categories":[8,9,6,57,56,10],"tags":[],"class_list":["post-87197","post","type-post","status-publish","format-gallery","has-post-thumbnail","hentry","category-bahia","category-brasil","category-feira-de-santana","category-mundo","category-policia","category-politica","post_format-post-format-gallery"],"featured_image_urls":{"full":["https:\/\/noticiasbahia360.com.br\/wp-content\/uploads\/2025\/05\/uSCKRBqr-fuzil.webp",1200,718,false],"thumbnail":["https:\/\/noticiasbahia360.com.br\/wp-content\/uploads\/2025\/05\/uSCKRBqr-fuzil-150x150.webp",150,150,true],"medium":["https:\/\/noticiasbahia360.com.br\/wp-content\/uploads\/2025\/05\/uSCKRBqr-fuzil-300x180.webp",300,180,true],"medium_large":["https:\/\/noticiasbahia360.com.br\/wp-content\/uploads\/2025\/05\/uSCKRBqr-fuzil-768x460.webp",640,383,true],"large":["https:\/\/noticiasbahia360.com.br\/wp-content\/uploads\/2025\/05\/uSCKRBqr-fuzil-1024x613.webp",640,383,true],"1536x1536":["https:\/\/noticiasbahia360.com.br\/wp-content\/uploads\/2025\/05\/uSCKRBqr-fuzil.webp",1200,718,false],"2048x2048":["https:\/\/noticiasbahia360.com.br\/wp-content\/uploads\/2025\/05\/uSCKRBqr-fuzil.webp",1200,718,false],"chromenews-featured":["https:\/\/noticiasbahia360.com.br\/wp-content\/uploads\/2025\/05\/uSCKRBqr-fuzil-1024x613.webp",1024,613,true],"chromenews-large":["https:\/\/noticiasbahia360.com.br\/wp-content\/uploads\/2025\/05\/uSCKRBqr-fuzil-825x575.webp",825,575,true],"chromenews-medium":["https:\/\/noticiasbahia360.com.br\/wp-content\/uploads\/2025\/05\/uSCKRBqr-fuzil-590x410.webp",590,410,true]},"author_info":{"display_name":"noticiasbahia360.com.br","author_link":"https:\/\/noticiasbahia360.com.br\/?author=1"},"category_info":"<a href=\"https:\/\/noticiasbahia360.com.br\/?cat=8\" rel=\"category\">Bahia<\/a> <a href=\"https:\/\/noticiasbahia360.com.br\/?cat=9\" rel=\"category\">Brasil<\/a> <a href=\"https:\/\/noticiasbahia360.com.br\/?cat=6\" rel=\"category\">Feira de Santana<\/a> <a href=\"https:\/\/noticiasbahia360.com.br\/?cat=57\" rel=\"category\">Mundo<\/a> <a href=\"https:\/\/noticiasbahia360.com.br\/?cat=56\" rel=\"category\">Pol\u00edcia<\/a> <a href=\"https:\/\/noticiasbahia360.com.br\/?cat=10\" rel=\"category\">Pol\u00edtica<\/a>","tag_info":"Pol\u00edtica","comment_count":"0","_links":{"self":[{"href":"https:\/\/noticiasbahia360.com.br\/index.php?rest_route=\/wp\/v2\/posts\/87197","targetHints":{"allow":["GET"]}}],"collection":[{"href":"https:\/\/noticiasbahia360.com.br\/index.php?rest_route=\/wp\/v2\/posts"}],"about":[{"href":"https:\/\/noticiasbahia360.com.br\/index.php?rest_route=\/wp\/v2\/types\/post"}],"author":[{"embeddable":true,"href":"https:\/\/noticiasbahia360.com.br\/index.php?rest_route=\/wp\/v2\/users\/1"}],"replies":[{"embeddable":true,"href":"https:\/\/noticiasbahia360.com.br\/index.php?rest_route=%2Fwp%2Fv2%2Fcomments&post=87197"}],"version-history":[{"count":0,"href":"https:\/\/noticiasbahia360.com.br\/index.php?rest_route=\/wp\/v2\/posts\/87197\/revisions"}],"wp:featuredmedia":[{"embeddable":true,"href":"https:\/\/noticiasbahia360.com.br\/index.php?rest_route=\/wp\/v2\/media\/87198"}],"wp:attachment":[{"href":"https:\/\/noticiasbahia360.com.br\/index.php?rest_route=%2Fwp%2Fv2%2Fmedia&parent=87197"}],"wp:term":[{"taxonomy":"category","embeddable":true,"href":"https:\/\/noticiasbahia360.com.br\/index.php?rest_route=%2Fwp%2Fv2%2Fcategories&post=87197"},{"taxonomy":"post_tag","embeddable":true,"href":"https:\/\/noticiasbahia360.com.br\/index.php?rest_route=%2Fwp%2Fv2%2Ftags&post=87197"}],"curies":[{"name":"wp","href":"https:\/\/api.w.org\/{rel}","templated":true}]}}