{"id":87199,"date":"2025-05-23T11:03:53","date_gmt":"2025-05-23T14:03:53","guid":{"rendered":"https:\/\/noticiasbahia360.com.br\/?p=87199"},"modified":"2025-05-23T11:03:53","modified_gmt":"2025-05-23T14:03:53","slug":"lideres-do-trafico-sao-transferidos-do-conjunto-penal-de-juazeiro-para-serrinha","status":"publish","type":"post","link":"https:\/\/noticiasbahia360.com.br\/?p=87199","title":{"rendered":"L\u00edderes do tr\u00e1fico s\u00e3o transferidos do Conjunto Penal de Juazeiro para Serrinha"},"content":{"rendered":"<div>\n<div>\n<figure><img decoding=\"async\" src=\"http:\/\/noticiasbahia360.com.br\/wp-content\/uploads\/2025\/05\/XXJ2fAZW-operacao-conjunto-penac.webp\" alt=\"Opera\u00e7\u00e3o - Conjunto Penal de Juazeiro\"><figcaption>Foto: Divulga\u00e7\u00e3o<\/figcaption><\/figure>\n<\/div>\n<p>Cinco detentos do <a href=\"https:\/\/www.acordacidade.com.br\/tag\/conjunto-penal\/\">Conjunto Penal<\/a> de Juazeiro, entre eles dois l\u00edderes do tr\u00e1fico de drogas da regi\u00e3o, foram transferidos nesta sexta-feira, dia 23, para a unidade prisional de seguran\u00e7a m\u00e1xima de Serrinha. A transfer\u00eancia foi realizada durante a \u2018Opera\u00e7\u00e3o Eclipse\u2019, desencadeada desde ontem nos pavilh\u00f5es A e B do conjunto, com realiza\u00e7\u00e3o de revistas estruturadas e simult\u00e2neas nas celas.<\/p>\n<p>A a\u00e7\u00e3o foi realizada de forma integrada pelo Minist\u00e9rio P\u00fablico do Estado da Bahia, por meio do Grupo de Atua\u00e7\u00e3o Especial de Combate \u00e0s Organiza\u00e7\u00f5es Criminosas e Investiga\u00e7\u00f5es Criminais Regional Norte (Gaeco Norte) e da 13\u00aa Promotoria de Justi\u00e7a da comarca, e pela Secretaria de Administra\u00e7\u00e3o Penitenci\u00e1ria e Ressocializa\u00e7\u00e3o (Seap), com o objetivo de fortalecer os protocolos de seguran\u00e7a e controle interno da unidade prisional.<\/p>\n<p>A transfer\u00eancia foi determinada pela Vara de Execu\u00e7\u00e3o Penal de Juazeiro. As duas lideran\u00e7as transferidas, Robson dos Santos Gomes e Diogo Bernardino Cruz comandariam, dentro da unidade prisional, a\u00e7\u00f5es de grupos criminosos associados a outras fac\u00e7\u00f5es, com atua\u00e7\u00e3o em tr\u00e1fico de drogas e respons\u00e1vel por diversos assassinatos e atos violentos de amea\u00e7a no Vale do S\u00e3o Francisco, praticados com o objetivo de dominar territ\u00f3rios e cobrar d\u00edvidas.<\/p>\n<figure class=\"wp-block-image size-large\"><img fetchpriority=\"high\" data-dominant-color=\"8f918b\" data-has-transparency=\"false\" style=\"--dominant-color: #8f918b;\" decoding=\"async\" width=\"1024\" height=\"578\" sizes=\"(max-width: 1024px) 100vw, 1024px\" src=\"http:\/\/noticiasbahia360.com.br\/wp-content\/uploads\/2025\/05\/CyfwcvY5-Operacao-1024x578-1.webp\" alt=\"Opera\u00e7\u00e3o - Conjunto Penal de Juazeiro\" class=\"wp-image-556994 not-transparent\" srcset=\"https:\/\/uploads.acordacidade.com.br\/2025\/05\/CyfwcvY5-Operacao-300x169.webp 300w, http:\/\/noticiasbahia360.com.br\/wp-content\/uploads\/2025\/05\/CyfwcvY5-Operacao-1024x578-1.webp 1024w, https:\/\/uploads.acordacidade.com.br\/2025\/05\/CyfwcvY5-Operacao-768x433.webp 768w, https:\/\/uploads.acordacidade.com.br\/2025\/05\/CyfwcvY5-Operacao-150x85.webp 150w, https:\/\/uploads.acordacidade.com.br\/2025\/05\/CyfwcvY5-Operacao.webp 1200w\"><figcaption class=\"wp-element-caption\">Foto: Divulga\u00e7\u00e3o<\/figcaption><\/figure>\n<h2 class=\"wp-block-heading\" id=\"h-apreensoes\">Apreens\u00f5es<\/h2>\n<p>Durante a opera\u00e7\u00e3o, foram aprendidos celulares e drogas. Foram inspecionadas todas as celas dos dois pavilh\u00f5es, para restringir fluxos indevidos de informa\u00e7\u00e3o que possam comprometer a estabilidade do sistema prisional e interferir na atua\u00e7\u00e3o das institui\u00e7\u00f5es p\u00fablicas de seguran\u00e7a e justi\u00e7a.<\/p>\n<p>No \u00e2mbito do MPBA, as a\u00e7\u00f5es contaram tamb\u00e9m com atua\u00e7\u00e3o do Gaeco Regional Norte e do Grupo de Atua\u00e7\u00e3o Especial em Seguran\u00e7a P\u00fablica (Gaep). Pela Seap, atuou o Grupamento Especializado em Opera\u00e7\u00f5es Prisionais (Geop). A opera\u00e7\u00e3o teve, ainda, a participa\u00e7\u00e3o da Pol\u00edcia Militar, por meio do Comando de Policiamento da Regi\u00e3o Norte, com a Rondesp Norte, e do Comando de Policiamento em Miss\u00f5es Especiais, atrav\u00e9s da Cipe Caatinga.<\/p>\n<p>A escolha do nome \u201cEclipse\u201d representa simbolicamente a interrup\u00e7\u00e3o de mecanismos informais de comunica\u00e7\u00e3o no ambiente prisional, refor\u00e7ando a atua\u00e7\u00e3o preventiva e integrada dos \u00f3rg\u00e3os p\u00fablicos na manuten\u00e7\u00e3o da legalidade e do funcionamento adequado das institui\u00e7\u00f5es de cust\u00f3dia. A iniciativa integra uma estrat\u00e9gia mais ampla de aprimoramento da seguran\u00e7a institucional e do sistema penitenci\u00e1rio baiano.<\/p>\n<p>A responsabilidade pela entrada de materiais n\u00e3o permitidos na unidade est\u00e1 sujeita a apura\u00e7\u00e3o pelas autoridades competentes, que conduzir\u00e3o as medidas cab\u00edveis no \u00e2mbito administrativo e criminal.<\/p>\n<p><em>Siga o Acorda Cidade no<\/em><a href=\"https:\/\/news.google.com\/search?q=acorda%20cidade&amp;hl=pt-BR&amp;gl=BR&amp;ceid=BR%3Apt-419\"><strong><em>\u00a0Google Not\u00edcias<\/em><\/strong><\/a><em>\u00a0e receba os principais destaques do dia. Participe tamb\u00e9m dos nossos canais no\u00a0<\/em><a href=\"https:\/\/www.whatsapp.com\/channel\/0029Va6Rb4v3WHTNnsh8WI3N\"><strong><em>WhatsApp<\/em><\/strong><\/a><em>\u00a0e\u00a0<\/em><a href=\"https:\/\/www.youtube.com\/@acordacidadenoticias\/videos\"><strong>Youtube<\/strong><\/a><em>\u00a0e grupo de\u00a0<\/em><a href=\"https:\/\/t.me\/+sSz0khrgARA0ZmRh\"><strong><em>Telegram<\/em><\/strong><\/a><em>.<\/em><\/p>\n<\/div>\n","protected":false},"excerpt":{"rendered":"<div>\n<div>\n<figure><img decoding=\"async\" src=\"https:\/\/uploads.acordacidade.com.br\/2025\/05\/XXJ2fAZW-operacao-conjunto-penac.webp\" alt=\"Opera\u00e7\u00e3o - Conjunto Penal de Juazeiro\"><figcaption>Foto: Divulga\u00e7\u00e3o<\/figcaption><\/figure>\n<\/div>\n<p>Celulares e drogas foram apreendidos durante revistas nas celas.<\/p><\/div>\n","protected":false},"author":1,"featured_media":87200,"comment_status":"closed","ping_status":"closed","sticky":false,"template":"","format":"gallery","meta":{"footnotes":""},"categories":[8,9,6,57,56,10],"tags":[],"class_list":["post-87199","post","type-post","status-publish","format-gallery","has-post-thumbnail","hentry","category-bahia","category-brasil","category-feira-de-santana","category-mundo","category-policia","category-politica","post_format-post-format-gallery"],"featured_image_urls":{"full":["https:\/\/noticiasbahia360.com.br\/wp-content\/uploads\/2025\/05\/XXJ2fAZW-operacao-conjunto-penac.webp",1200,712,false],"thumbnail":["https:\/\/noticiasbahia360.com.br\/wp-content\/uploads\/2025\/05\/XXJ2fAZW-operacao-conjunto-penac-150x150.webp",150,150,true],"medium":["https:\/\/noticiasbahia360.com.br\/wp-content\/uploads\/2025\/05\/XXJ2fAZW-operacao-conjunto-penac-300x178.webp",300,178,true],"medium_large":["https:\/\/noticiasbahia360.com.br\/wp-content\/uploads\/2025\/05\/XXJ2fAZW-operacao-conjunto-penac-768x456.webp",640,380,true],"large":["https:\/\/noticiasbahia360.com.br\/wp-content\/uploads\/2025\/05\/XXJ2fAZW-operacao-conjunto-penac-1024x608.webp",640,380,true],"1536x1536":["https:\/\/noticiasbahia360.com.br\/wp-content\/uploads\/2025\/05\/XXJ2fAZW-operacao-conjunto-penac.webp",1200,712,false],"2048x2048":["https:\/\/noticiasbahia360.com.br\/wp-content\/uploads\/2025\/05\/XXJ2fAZW-operacao-conjunto-penac.webp",1200,712,false],"chromenews-featured":["https:\/\/noticiasbahia360.com.br\/wp-content\/uploads\/2025\/05\/XXJ2fAZW-operacao-conjunto-penac-1024x608.webp",1024,608,true],"chromenews-large":["https:\/\/noticiasbahia360.com.br\/wp-content\/uploads\/2025\/05\/XXJ2fAZW-operacao-conjunto-penac-825x575.webp",825,575,true],"chromenews-medium":["https:\/\/noticiasbahia360.com.br\/wp-content\/uploads\/2025\/05\/XXJ2fAZW-operacao-conjunto-penac-590x410.webp",590,410,true]},"author_info":{"display_name":"noticiasbahia360.com.br","author_link":"https:\/\/noticiasbahia360.com.br\/?author=1"},"category_info":"<a href=\"https:\/\/noticiasbahia360.com.br\/?cat=8\" rel=\"category\">Bahia<\/a> <a href=\"https:\/\/noticiasbahia360.com.br\/?cat=9\" rel=\"category\">Brasil<\/a> <a href=\"https:\/\/noticiasbahia360.com.br\/?cat=6\" rel=\"category\">Feira de Santana<\/a> <a href=\"https:\/\/noticiasbahia360.com.br\/?cat=57\" rel=\"category\">Mundo<\/a> <a href=\"https:\/\/noticiasbahia360.com.br\/?cat=56\" rel=\"category\">Pol\u00edcia<\/a> <a href=\"https:\/\/noticiasbahia360.com.br\/?cat=10\" rel=\"category\">Pol\u00edtica<\/a>","tag_info":"Pol\u00edtica","comment_count":"0","_links":{"self":[{"href":"https:\/\/noticiasbahia360.com.br\/index.php?rest_route=\/wp\/v2\/posts\/87199","targetHints":{"allow":["GET"]}}],"collection":[{"href":"https:\/\/noticiasbahia360.com.br\/index.php?rest_route=\/wp\/v2\/posts"}],"about":[{"href":"https:\/\/noticiasbahia360.com.br\/index.php?rest_route=\/wp\/v2\/types\/post"}],"author":[{"embeddable":true,"href":"https:\/\/noticiasbahia360.com.br\/index.php?rest_route=\/wp\/v2\/users\/1"}],"replies":[{"embeddable":true,"href":"https:\/\/noticiasbahia360.com.br\/index.php?rest_route=%2Fwp%2Fv2%2Fcomments&post=87199"}],"version-history":[{"count":0,"href":"https:\/\/noticiasbahia360.com.br\/index.php?rest_route=\/wp\/v2\/posts\/87199\/revisions"}],"wp:featuredmedia":[{"embeddable":true,"href":"https:\/\/noticiasbahia360.com.br\/index.php?rest_route=\/wp\/v2\/media\/87200"}],"wp:attachment":[{"href":"https:\/\/noticiasbahia360.com.br\/index.php?rest_route=%2Fwp%2Fv2%2Fmedia&parent=87199"}],"wp:term":[{"taxonomy":"category","embeddable":true,"href":"https:\/\/noticiasbahia360.com.br\/index.php?rest_route=%2Fwp%2Fv2%2Fcategories&post=87199"},{"taxonomy":"post_tag","embeddable":true,"href":"https:\/\/noticiasbahia360.com.br\/index.php?rest_route=%2Fwp%2Fv2%2Ftags&post=87199"}],"curies":[{"name":"wp","href":"https:\/\/api.w.org\/{rel}","templated":true}]}} 