{"id":87216,"date":"2025-05-23T12:33:39","date_gmt":"2025-05-23T15:33:39","guid":{"rendered":"https:\/\/noticiasbahia360.com.br\/?p=87216"},"modified":"2025-05-23T12:33:39","modified_gmt":"2025-05-23T15:33:39","slug":"em-resposta-a-atentado-contra-monitor-seap-deflagra-operacao-conjunta-no-presidio-de-eunapolis","status":"publish","type":"post","link":"https:\/\/noticiasbahia360.com.br\/?p=87216","title":{"rendered":"Em resposta a atentado contra monitor, Seap deflagra opera\u00e7\u00e3o conjunta no pres\u00eddio de Eun\u00e1polis"},"content":{"rendered":"<div>\n<div>\n<figure><img decoding=\"async\" src=\"http:\/\/noticiasbahia360.com.br\/wp-content\/uploads\/2025\/05\/operacao-no-presidio-de-eunapolis.jpg\" alt=\"Seap deflagra opera\u00e7\u00e3o conjunta no pres\u00eddio de Eun\u00e1polis\"><figcaption>Foto: Ascom\/Seap<\/figcaption><\/figure>\n<\/div>\n<p>A Secretaria de Administra\u00e7\u00e3o Penitenci\u00e1ria e Ressocializa\u00e7\u00e3o (Seap), em uma a\u00e7\u00e3o conjunta com a Secretaria da Seguran\u00e7a P\u00fablica (SSP) e Minist\u00e9rio P\u00fablico da Bahia (MP\/Ba), deflagrou nesta sexta-feira (27), no Conjunto Penal de Eun\u00e1polis, a Opera\u00e7\u00e3o Arrosto.<\/p>\n<p>A opera\u00e7\u00e3o \u00e9 uma resposta resposta ao atentado sofrido por um monitor de ressocializa\u00e7\u00e3o vinculado \u00e0 Secretaria de Administra\u00e7\u00e3o Penitenci\u00e1ria e Ressocializa\u00e7\u00e3o (Seap), na \u00faltima ter\u00e7a-feira (20). O alvo do ataque era o diretor da unidade prisional, que n\u00e3o estava no ve\u00edculo quando ocorreu o atentado. O monitor segue internado em uma unidade hospitalar.<\/p>\n<p>A opera\u00e7\u00e3o Arrosto \u00e9 uma a\u00e7\u00e3o conjunta entre a Secretaria de Administra\u00e7\u00e3o Penitenci\u00e1ria (SEAP), Minist\u00e9rio P\u00fablico da Bahia, Policia Civil (PC), Pol\u00edcia Militar da Bahia (PMBA) e Pol\u00edcia Federal (PF). Equipes do Grupo Especializado em Operacoes Prisionais (GEOP), Grupo Especial de Execu\u00e7ao Penal (GAEP), Grupo Especial Combate ao Crime Organizado (Gaeco), Comando de Policiamento Especializado (CPE), Cipe Cacaueira, CIPGd-Itabuna, 7\u00aa CIPM, Cipa e Pol\u00edcia Civil, para ocupa\u00e7\u00e3o e revista detalhada das celas da unidade.<\/p>\n<p>A Conjunto Penal de Eun\u00e1polis, de modo tempor\u00e1rio, passa a ser gerido pela a equipe pelo Grupo Especializado em Opera\u00e7\u00f5es Prisionais (GEOP), visando o restabelecimento da ordem e seguran\u00e7a no pres\u00eddio.<\/p>\n<p>Alem da revista geral, a opera\u00e7\u00e3o visa a verifica\u00e7\u00e3o da necessidade de transfer\u00eancia de internos, suspens\u00e3o de visitas e realiza\u00e7\u00e3o de estudo para realoca\u00e7\u00e3o definitiva de internos ligados a fac\u00e7\u00f5es criminosas, em especial \u00e0quela supostamente envolvida no recente ataque \u00e0 dire\u00e7\u00e3o do conjunto penal.<\/p>\n<p>As institui\u00e7\u00f5es envolvidas refor\u00e7am seu compromisso com a transpar\u00eancia e a legalidade, garantindo que todas as medidas adotadas respeitem os direitos fundamentais dos custodiados e as normas do sistema prisional<\/p>\n<p>A opera\u00e7\u00e3o faz parte de um conjunto de medidas adotadas pelos poderes p\u00fablicos no enfrentamento ao crime organizado.<\/p>\n<\/div>\n","protected":false},"excerpt":{"rendered":"<div>\n<div>\n<figure><img decoding=\"async\" src=\"https:\/\/uploads.acordacidade.com.br\/2025\/05\/operacao-no-presidio-de-eunapolis.jpg\" alt=\"Seap deflagra opera\u00e7\u00e3o conjunta no pres\u00eddio de Eun\u00e1polis\"><figcaption>Foto: Ascom\/Seap<\/figcaption><\/figure>\n<\/div>\n<p>A Secretaria de Administra\u00e7\u00e3o Penitenci\u00e1ria e Ressocializa\u00e7\u00e3o (Seap), em uma a\u00e7\u00e3o conjunta com a Secretaria da Seguran\u00e7a P\u00fablica (SSP) e Minist\u00e9rio P\u00fablico da Bahia (MP\/Ba), deflagrou nesta sexta-feira (27), no Conjunto Penal de Eun\u00e1polis, a Opera\u00e7\u00e3o Arrosto. A opera\u00e7\u00e3o \u00e9 uma resposta resposta ao atentado sofrido por um monitor de ressocializa\u00e7\u00e3o vinculado \u00e0 Secretaria de [\u2026]<\/p><\/div>\n","protected":false},"author":1,"featured_media":87217,"comment_status":"closed","ping_status":"closed","sticky":false,"template":"","format":"gallery","meta":{"footnotes":""},"categories":[8,9,6,57,56,10],"tags":[],"class_list":["post-87216","post","type-post","status-publish","format-gallery","has-post-thumbnail","hentry","category-bahia","category-brasil","category-feira-de-santana","category-mundo","category-policia","category-politica","post_format-post-format-gallery"],"featured_image_urls":{"full":["https:\/\/noticiasbahia360.com.br\/wp-content\/uploads\/2025\/05\/operacao-no-presidio-de-eunapolis.jpg",1200,790,false],"thumbnail":["https:\/\/noticiasbahia360.com.br\/wp-content\/uploads\/2025\/05\/operacao-no-presidio-de-eunapolis-150x150.jpg",150,150,true],"medium":["https:\/\/noticiasbahia360.com.br\/wp-content\/uploads\/2025\/05\/operacao-no-presidio-de-eunapolis-300x198.jpg",300,198,true],"medium_large":["https:\/\/noticiasbahia360.com.br\/wp-content\/uploads\/2025\/05\/operacao-no-presidio-de-eunapolis-768x506.jpg",640,422,true],"large":["https:\/\/noticiasbahia360.com.br\/wp-content\/uploads\/2025\/05\/operacao-no-presidio-de-eunapolis-1024x674.jpg",640,421,true],"1536x1536":["https:\/\/noticiasbahia360.com.br\/wp-content\/uploads\/2025\/05\/operacao-no-presidio-de-eunapolis.jpg",1200,790,false],"2048x2048":["https:\/\/noticiasbahia360.com.br\/wp-content\/uploads\/2025\/05\/operacao-no-presidio-de-eunapolis.jpg",1200,790,false],"chromenews-featured":["https:\/\/noticiasbahia360.com.br\/wp-content\/uploads\/2025\/05\/operacao-no-presidio-de-eunapolis-1024x674.jpg",1024,674,true],"chromenews-large":["https:\/\/noticiasbahia360.com.br\/wp-content\/uploads\/2025\/05\/operacao-no-presidio-de-eunapolis-825x575.jpg",825,575,true],"chromenews-medium":["https:\/\/noticiasbahia360.com.br\/wp-content\/uploads\/2025\/05\/operacao-no-presidio-de-eunapolis-590x410.jpg",590,410,true]},"author_info":{"display_name":"noticiasbahia360.com.br","author_link":"https:\/\/noticiasbahia360.com.br\/?author=1"},"category_info":"<a href=\"https:\/\/noticiasbahia360.com.br\/?cat=8\" rel=\"category\">Bahia<\/a> <a href=\"https:\/\/noticiasbahia360.com.br\/?cat=9\" rel=\"category\">Brasil<\/a> <a href=\"https:\/\/noticiasbahia360.com.br\/?cat=6\" rel=\"category\">Feira de Santana<\/a> <a href=\"https:\/\/noticiasbahia360.com.br\/?cat=57\" rel=\"category\">Mundo<\/a> <a href=\"https:\/\/noticiasbahia360.com.br\/?cat=56\" rel=\"category\">Pol\u00edcia<\/a> <a href=\"https:\/\/noticiasbahia360.com.br\/?cat=10\" rel=\"category\">Pol\u00edtica<\/a>","tag_info":"Pol\u00edtica","comment_count":"0","_links":{"self":[{"href":"https:\/\/noticiasbahia360.com.br\/index.php?rest_route=\/wp\/v2\/posts\/87216","targetHints":{"allow":["GET"]}}],"collection":[{"href":"https:\/\/noticiasbahia360.com.br\/index.php?rest_route=\/wp\/v2\/posts"}],"about":[{"href":"https:\/\/noticiasbahia360.com.br\/index.php?rest_route=\/wp\/v2\/types\/post"}],"author":[{"embeddable":true,"href":"https:\/\/noticiasbahia360.com.br\/index.php?rest_route=\/wp\/v2\/users\/1"}],"replies":[{"embeddable":true,"href":"https:\/\/noticiasbahia360.com.br\/index.php?rest_route=%2Fwp%2Fv2%2Fcomments&post=87216"}],"version-history":[{"count":0,"href":"https:\/\/noticiasbahia360.com.br\/index.php?rest_route=\/wp\/v2\/posts\/87216\/revisions"}],"wp:featuredmedia":[{"embeddable":true,"href":"https:\/\/noticiasbahia360.com.br\/index.php?rest_route=\/wp\/v2\/media\/87217"}],"wp:attachment":[{"href":"https:\/\/noticiasbahia360.com.br\/index.php?rest_route=%2Fwp%2Fv2%2Fmedia&parent=87216"}],"wp:term":[{"taxonomy":"category","embeddable":true,"href":"https:\/\/noticiasbahia360.com.br\/index.php?rest_route=%2Fwp%2Fv2%2Fcategories&post=87216"},{"taxonomy":"post_tag","embeddable":true,"href":"https:\/\/noticiasbahia360.com.br\/index.php?rest_route=%2Fwp%2Fv2%2Ftags&post=87216"}],"curies":[{"name":"wp","href":"https:\/\/api.w.org\/{rel}","templated":true}]}}