{"id":87220,"date":"2025-05-23T12:56:17","date_gmt":"2025-05-23T15:56:17","guid":{"rendered":"https:\/\/noticiasbahia360.com.br\/?p=87220"},"modified":"2025-05-23T12:56:17","modified_gmt":"2025-05-23T15:56:17","slug":"confira-as-atracoes-confirmadas-no-sao-joao-de-serrinha","status":"publish","type":"post","link":"https:\/\/noticiasbahia360.com.br\/?p=87220","title":{"rendered":"Confira as atra\u00e7\u00f5es confirmadas no S\u00e3o Jo\u00e3o de Serrinha"},"content":{"rendered":"<div>\n<div>\n<figure><img decoding=\"async\" src=\"http:\/\/noticiasbahia360.com.br\/wp-content\/uploads\/2025\/05\/atracoes_saojoao_serrinha_foto_reproducao_assessoria.jpg\" alt=\"Atra\u00e7\u00f5es do S\u00e3o Jo\u00e3o de Serrinha\"><figcaption>Foto: Reprodu\u00e7\u00e3o Secom<\/figcaption><\/figure>\n<\/div>\n<p>O S\u00e3o Jo\u00e3o de <a href=\"https:\/\/www.acordacidade.com.br\/tag\/serrinha\/\">Serrinha<\/a> 2025 acontece entre os dias 19 e 24 de junho, na Nova Arena Marian\u00e3o, com mais de 50 atra\u00e7\u00f5es. A programa\u00e7\u00e3o confirma o evento como um dos maiores destinos juninos da Bahia. Nomes como Wesley Safad\u00e3o, Alok, Leonardo, Joelma e Nattan passar\u00e3o pela festa.<\/p>\n<p>A abertura, na quinta-feira (19), re\u00fane grandes nomes como Calcinha Preta, Dorgival Dantas, Lim\u00e3o com Mel, Alcymar Monteiro, Chambinho do Acordeon, Orquestra Sanf\u00f4nica e Herisson Rocha. Na sexta (20), sobem ao palco Iguinho e Lulinha, Pablo, Mari Fernandez, Kiko Chicabana, Forroz\u00e3o das Antigas, \u00cdtalo J\u00fanior, Marquinhos Navais e Felipe Pato.<\/p>\n<p>O s\u00e1bado (21) ser\u00e1 de shows com Leonardo, Joelma, Marcynho Sensa\u00e7\u00e3o, Katia Cilene, Kart Love, Michel Firmo, Pedrinho PS e Ederlan Lima. No domingo (22), Bell Marques comanda o trio el\u00e9trico, Toque Dez, Felipe Amorim, M\u00e1rcia Fellipe, Eric Land, Matheus Fernandes, Solange Almeida, Xote Sert\u00e3o e Renato Vilela.<\/p>\n<p>Wesley Safad\u00e3o \u00e9 destaque da segunda-feira (23), junto com Nattan, L\u00e9o Foguete, Luan Estilizado, Ramon e Randinho, Del Led, Forr\u00f3 dos Plays e Dan Valente. A festa termina na ter\u00e7a-feira (24) com Simone Mendes, Xand Avi\u00e3o, Alok, Theuzinho, Eline Martins, Danniel Vieira, Victor Lopez e Tio Man\u00e9.<\/p>\n<p>Realizado desde 2018 na Nova Arena Marian\u00e3o, o S\u00e3o Jo\u00e3o de Serrinha re\u00fane diversos estilos musicais e movimenta o turismo e a economia local. O evento \u00e9 uma realiza\u00e7\u00e3o da Prefeitura de Serrinha e apresentado por Brahma e Esporte da Sorte.<\/p>\n<p><em>Informa\u00e7\u00f5es da Assessoria de Comunica\u00e7\u00e3o <\/em><\/p>\n<p><em>Siga o Acorda Cidade no<\/em><a href=\"https:\/\/news.google.com\/search?q=acorda%20cidade&amp;hl=pt-BR&amp;gl=BR&amp;ceid=BR%3Apt-419\"><strong><em> Google Not\u00edcias<\/em><\/strong><\/a><em> e receba os principais destaques do dia. Participe tamb\u00e9m dos nossos canais no <\/em><a href=\"https:\/\/whatsapp.com\/channel\/0029Va6Rb4v3WHTNnsh8WI3N\"><strong><em>WhatsApp<\/em><\/strong><\/a><em> e <\/em><a href=\"https:\/\/www.youtube.com\/@acordacidadenoticias\/videos\"><strong>Youtube<\/strong><\/a><em> e grupo de <\/em><a href=\"https:\/\/t.me\/+sSz0khrgARA0ZmRh\"><strong><em>Telegram<\/em><\/strong><\/a><em>.<\/em><\/p>\n<\/div>\n","protected":false},"excerpt":{"rendered":"<div>\n<div>\n<figure><img decoding=\"async\" src=\"https:\/\/uploads.acordacidade.com.br\/2025\/05\/atracoes_saojoao_serrinha_foto_reproducao_assessoria.jpg\" alt=\"Atra\u00e7\u00f5es do S\u00e3o Jo\u00e3o de Serrinha\"><figcaption>Foto: Reprodu\u00e7\u00e3o Secom<\/figcaption><\/figure>\n<\/div>\n<p>Atra\u00e7\u00f5es se dividem em seis dias de festa na Nova Arena Marian\u00e3o e fazem do S\u00e3o Jo\u00e3o de Serrinha um dos maiores eventos juninos do pa\u00eds<\/p><\/div>\n","protected":false},"author":1,"featured_media":87221,"comment_status":"closed","ping_status":"closed","sticky":false,"template":"","format":"gallery","meta":{"footnotes":""},"categories":[8,9,6,57,56,10],"tags":[],"class_list":["post-87220","post","type-post","status-publish","format-gallery","has-post-thumbnail","hentry","category-bahia","category-brasil","category-feira-de-santana","category-mundo","category-policia","category-politica","post_format-post-format-gallery"],"featured_image_urls":{"full":["https:\/\/noticiasbahia360.com.br\/wp-content\/uploads\/2025\/05\/atracoes_saojoao_serrinha_foto_reproducao_assessoria.jpg",1200,1200,false],"thumbnail":["https:\/\/noticiasbahia360.com.br\/wp-content\/uploads\/2025\/05\/atracoes_saojoao_serrinha_foto_reproducao_assessoria-150x150.jpg",150,150,true],"medium":["https:\/\/noticiasbahia360.com.br\/wp-content\/uploads\/2025\/05\/atracoes_saojoao_serrinha_foto_reproducao_assessoria-300x300.jpg",300,300,true],"medium_large":["https:\/\/noticiasbahia360.com.br\/wp-content\/uploads\/2025\/05\/atracoes_saojoao_serrinha_foto_reproducao_assessoria-768x768.jpg",640,640,true],"large":["https:\/\/noticiasbahia360.com.br\/wp-content\/uploads\/2025\/05\/atracoes_saojoao_serrinha_foto_reproducao_assessoria-1024x1024.jpg",640,640,true],"1536x1536":["https:\/\/noticiasbahia360.com.br\/wp-content\/uploads\/2025\/05\/atracoes_saojoao_serrinha_foto_reproducao_assessoria.jpg",1200,1200,false],"2048x2048":["https:\/\/noticiasbahia360.com.br\/wp-content\/uploads\/2025\/05\/atracoes_saojoao_serrinha_foto_reproducao_assessoria.jpg",1200,1200,false],"chromenews-featured":["https:\/\/noticiasbahia360.com.br\/wp-content\/uploads\/2025\/05\/atracoes_saojoao_serrinha_foto_reproducao_assessoria-1024x1024.jpg",1024,1024,true],"chromenews-large":["https:\/\/noticiasbahia360.com.br\/wp-content\/uploads\/2025\/05\/atracoes_saojoao_serrinha_foto_reproducao_assessoria-825x575.jpg",825,575,true],"chromenews-medium":["https:\/\/noticiasbahia360.com.br\/wp-content\/uploads\/2025\/05\/atracoes_saojoao_serrinha_foto_reproducao_assessoria-590x410.jpg",590,410,true]},"author_info":{"display_name":"noticiasbahia360.com.br","author_link":"https:\/\/noticiasbahia360.com.br\/?author=1"},"category_info":"<a href=\"https:\/\/noticiasbahia360.com.br\/?cat=8\" rel=\"category\">Bahia<\/a> <a href=\"https:\/\/noticiasbahia360.com.br\/?cat=9\" rel=\"category\">Brasil<\/a> <a href=\"https:\/\/noticiasbahia360.com.br\/?cat=6\" rel=\"category\">Feira de Santana<\/a> <a href=\"https:\/\/noticiasbahia360.com.br\/?cat=57\" rel=\"category\">Mundo<\/a> <a href=\"https:\/\/noticiasbahia360.com.br\/?cat=56\" rel=\"category\">Pol\u00edcia<\/a> <a href=\"https:\/\/noticiasbahia360.com.br\/?cat=10\" rel=\"category\">Pol\u00edtica<\/a>","tag_info":"Pol\u00edtica","comment_count":"0","_links":{"self":[{"href":"https:\/\/noticiasbahia360.com.br\/index.php?rest_route=\/wp\/v2\/posts\/87220","targetHints":{"allow":["GET"]}}],"collection":[{"href":"https:\/\/noticiasbahia360.com.br\/index.php?rest_route=\/wp\/v2\/posts"}],"about":[{"href":"https:\/\/noticiasbahia360.com.br\/index.php?rest_route=\/wp\/v2\/types\/post"}],"author":[{"embeddable":true,"href":"https:\/\/noticiasbahia360.com.br\/index.php?rest_route=\/wp\/v2\/users\/1"}],"replies":[{"embeddable":true,"href":"https:\/\/noticiasbahia360.com.br\/index.php?rest_route=%2Fwp%2Fv2%2Fcomments&post=87220"}],"version-history":[{"count":0,"href":"https:\/\/noticiasbahia360.com.br\/index.php?rest_route=\/wp\/v2\/posts\/87220\/revisions"}],"wp:featuredmedia":[{"embeddable":true,"href":"https:\/\/noticiasbahia360.com.br\/index.php?rest_route=\/wp\/v2\/media\/87221"}],"wp:attachment":[{"href":"https:\/\/noticiasbahia360.com.br\/index.php?rest_route=%2Fwp%2Fv2%2Fmedia&parent=87220"}],"wp:term":[{"taxonomy":"category","embeddable":true,"href":"https:\/\/noticiasbahia360.com.br\/index.php?rest_route=%2Fwp%2Fv2%2Fcategories&post=87220"},{"taxonomy":"post_tag","embeddable":true,"href":"https:\/\/noticiasbahia360.com.br\/index.php?rest_route=%2Fwp%2Fv2%2Ftags&post=87220"}],"curies":[{"name":"wp","href":"https:\/\/api.w.org\/{rel}","templated":true}]}}