{"id":87222,"date":"2025-05-23T13:16:11","date_gmt":"2025-05-23T16:16:11","guid":{"rendered":"https:\/\/noticiasbahia360.com.br\/?p=87222"},"modified":"2025-05-23T13:16:11","modified_gmt":"2025-05-23T16:16:11","slug":"ultimo-dia-para-realizar-doacoes-para-a-campanha-do-agasalho-da-oab-de-feira-de-santana","status":"publish","type":"post","link":"https:\/\/noticiasbahia360.com.br\/?p=87222","title":{"rendered":"\u00daltimo dia para realizar doa\u00e7\u00f5es para a Campanha do Agasalho da OAB de Feira de Santana"},"content":{"rendered":"<div>\n<div>\n<figure><img decoding=\"async\" src=\"http:\/\/noticiasbahia360.com.br\/wp-content\/uploads\/2025\/05\/OAB-Feira-realiza-audiencia-publica-.jpg\" alt=\"OAB Feira realiza audi\u00eancia p\u00fablica\"><figcaption>Foto: Divulga\u00e7\u00e3o<\/figcaption><\/figure>\n<\/div>\n<p>As doa\u00e7\u00f5es da Campanha do Agasalho deste ano, organizada pela Comiss\u00e3o em Defesa dos Direitos das Mulheres \u2013 conhecida como OAB Mulher \u2013 at\u00e9 hoje (23), pois quem tem frio n\u00e3o pode esperar e as chuvas que tem ca\u00eddo na cidade, de forma oscilante, nos \u00faltimos dias, agrava ainda mais a situa\u00e7\u00e3o de quem n\u00e3o tem um agasalho ou cobertor pra se proteger do frio.<\/p>\n<p>A comiss\u00e3o tem o apoio da OAB Subse\u00e7\u00e3o <a href=\"https:\/\/www.acordacidade.com.br\/tag\/feira-de-santana\/\">Feira de Santana<\/a>, al\u00e9m das demais Comiss\u00f5es, \u201ccertos de que precisamos da uni\u00e3o para fazer a diferen\u00e7a na vida das pessoas. Por isso promovemos mais uma Campanha do Agasalho\u201d, explica Esmeralda Halana, presidente da OAB Mulher.<\/p>\n<p>Os(as) interessados(as) podem levar agasalhos e cobertores, em bom estado, para serem destinados \u00e0s pessoas em situa\u00e7\u00e3o de vulnerabilidade. Al\u00e9m disso, tamb\u00e9m \u00e9 poss\u00edvel levar roupas adulto e infantil, tamb\u00e9m em bom estado, todas para doa\u00e7\u00e3o.<\/p>\n<p>A doa\u00e7\u00e3o poder\u00e1 ser feita na sede da OAB Feira de Santana, situada na rua Cel. \u00c1lvaro Sim\u00f5es, n\u00b0 74. Centro, pr\u00f3xima ao F\u00f3rum Filinto Bastos. Mais informa\u00e7\u00f5es no Instagram da <a href=\"https:\/\/www.instagram.com\/oabmulherfsa?igsh=bG90emU3OGd2ZTNo\">@oabmulherfsa<\/a>.<\/p>\n<p><em>Siga o Acorda Cidade no<\/em><a href=\"https:\/\/news.google.com\/search?q=acorda%20cidade&amp;hl=pt-BR&amp;gl=BR&amp;ceid=BR%3Apt-419\"><strong><em> Google Not\u00edcias<\/em><\/strong><\/a><em> e receba os principais destaques do dia. Participe tamb\u00e9m dos nossos canais no <\/em><a href=\"https:\/\/whatsapp.com\/channel\/0029Va6Rb4v3WHTNnsh8WI3N\"><strong><em>WhatsApp<\/em><\/strong><\/a><em> e <\/em><a href=\"https:\/\/www.youtube.com\/@acordacidadenoticias\/videos\"><strong>Youtube<\/strong><\/a><em> e grupo de <\/em><a href=\"https:\/\/t.me\/+sSz0khrgARA0ZmRh\"><strong><em>Telegram<\/em><\/strong><\/a><em>.<\/em><\/p>\n<\/p>\n<\/div>\n","protected":false},"excerpt":{"rendered":"<div>\n<div>\n<figure><img decoding=\"async\" src=\"https:\/\/uploads.acordacidade.com.br\/2025\/04\/OAB-Feira-realiza-audiencia-publica-.jpg\" alt=\"OAB Feira realiza audi\u00eancia p\u00fablica\"><figcaption>Foto: Divulga\u00e7\u00e3o<\/figcaption><\/figure>\n<\/div>\n<p>A Campanha do Agasalho da OAB Feira acontece atrav\u00e9s da Comiss\u00e3o da Mulher<\/p><\/div>\n","protected":false},"author":1,"featured_media":87223,"comment_status":"closed","ping_status":"closed","sticky":false,"template":"","format":"gallery","meta":{"footnotes":""},"categories":[8,9,6,57,56,10],"tags":[],"class_list":["post-87222","post","type-post","status-publish","format-gallery","has-post-thumbnail","hentry","category-bahia","category-brasil","category-feira-de-santana","category-mundo","category-policia","category-politica","post_format-post-format-gallery"],"featured_image_urls":{"full":["https:\/\/noticiasbahia360.com.br\/wp-content\/uploads\/2025\/05\/OAB-Feira-realiza-audiencia-publica-.jpg",1200,801,false],"thumbnail":["https:\/\/noticiasbahia360.com.br\/wp-content\/uploads\/2025\/05\/OAB-Feira-realiza-audiencia-publica--150x150.jpg",150,150,true],"medium":["https:\/\/noticiasbahia360.com.br\/wp-content\/uploads\/2025\/05\/OAB-Feira-realiza-audiencia-publica--300x200.jpg",300,200,true],"medium_large":["https:\/\/noticiasbahia360.com.br\/wp-content\/uploads\/2025\/05\/OAB-Feira-realiza-audiencia-publica--768x513.jpg",640,428,true],"large":["https:\/\/noticiasbahia360.com.br\/wp-content\/uploads\/2025\/05\/OAB-Feira-realiza-audiencia-publica--1024x684.jpg",640,428,true],"1536x1536":["https:\/\/noticiasbahia360.com.br\/wp-content\/uploads\/2025\/05\/OAB-Feira-realiza-audiencia-publica-.jpg",1200,801,false],"2048x2048":["https:\/\/noticiasbahia360.com.br\/wp-content\/uploads\/2025\/05\/OAB-Feira-realiza-audiencia-publica-.jpg",1200,801,false],"chromenews-featured":["https:\/\/noticiasbahia360.com.br\/wp-content\/uploads\/2025\/05\/OAB-Feira-realiza-audiencia-publica--1024x684.jpg",1024,684,true],"chromenews-large":["https:\/\/noticiasbahia360.com.br\/wp-content\/uploads\/2025\/05\/OAB-Feira-realiza-audiencia-publica--825x575.jpg",825,575,true],"chromenews-medium":["https:\/\/noticiasbahia360.com.br\/wp-content\/uploads\/2025\/05\/OAB-Feira-realiza-audiencia-publica--590x410.jpg",590,410,true]},"author_info":{"display_name":"noticiasbahia360.com.br","author_link":"https:\/\/noticiasbahia360.com.br\/?author=1"},"category_info":"<a href=\"https:\/\/noticiasbahia360.com.br\/?cat=8\" rel=\"category\">Bahia<\/a> <a href=\"https:\/\/noticiasbahia360.com.br\/?cat=9\" rel=\"category\">Brasil<\/a> <a href=\"https:\/\/noticiasbahia360.com.br\/?cat=6\" rel=\"category\">Feira de Santana<\/a> <a href=\"https:\/\/noticiasbahia360.com.br\/?cat=57\" rel=\"category\">Mundo<\/a> <a href=\"https:\/\/noticiasbahia360.com.br\/?cat=56\" rel=\"category\">Pol\u00edcia<\/a> <a href=\"https:\/\/noticiasbahia360.com.br\/?cat=10\" rel=\"category\">Pol\u00edtica<\/a>","tag_info":"Pol\u00edtica","comment_count":"0","_links":{"self":[{"href":"https:\/\/noticiasbahia360.com.br\/index.php?rest_route=\/wp\/v2\/posts\/87222","targetHints":{"allow":["GET"]}}],"collection":[{"href":"https:\/\/noticiasbahia360.com.br\/index.php?rest_route=\/wp\/v2\/posts"}],"about":[{"href":"https:\/\/noticiasbahia360.com.br\/index.php?rest_route=\/wp\/v2\/types\/post"}],"author":[{"embeddable":true,"href":"https:\/\/noticiasbahia360.com.br\/index.php?rest_route=\/wp\/v2\/users\/1"}],"replies":[{"embeddable":true,"href":"https:\/\/noticiasbahia360.com.br\/index.php?rest_route=%2Fwp%2Fv2%2Fcomments&post=87222"}],"version-history":[{"count":0,"href":"https:\/\/noticiasbahia360.com.br\/index.php?rest_route=\/wp\/v2\/posts\/87222\/revisions"}],"wp:featuredmedia":[{"embeddable":true,"href":"https:\/\/noticiasbahia360.com.br\/index.php?rest_route=\/wp\/v2\/media\/87223"}],"wp:attachment":[{"href":"https:\/\/noticiasbahia360.com.br\/index.php?rest_route=%2Fwp%2Fv2%2Fmedia&parent=87222"}],"wp:term":[{"taxonomy":"category","embeddable":true,"href":"https:\/\/noticiasbahia360.com.br\/index.php?rest_route=%2Fwp%2Fv2%2Fcategories&post=87222"},{"taxonomy":"post_tag","embeddable":true,"href":"https:\/\/noticiasbahia360.com.br\/index.php?rest_route=%2Fwp%2Fv2%2Ftags&post=87222"}],"curies":[{"name":"wp","href":"https:\/\/api.w.org\/{rel}","templated":true}]}}