{"id":87224,"date":"2025-05-23T15:18:28","date_gmt":"2025-05-23T18:18:28","guid":{"rendered":"https:\/\/noticiasbahia360.com.br\/?p=87224"},"modified":"2025-05-23T15:18:28","modified_gmt":"2025-05-23T18:18:28","slug":"morre-aos-81-anos-o-fotografo-sebastiao-salgado","status":"publish","type":"post","link":"https:\/\/noticiasbahia360.com.br\/?p=87224","title":{"rendered":"Morre aos 81 anos o fot\u00f3grafo Sebasti\u00e3o Salgado"},"content":{"rendered":"<div>\n<div>\n<figure><img decoding=\"async\" src=\"http:\/\/noticiasbahia360.com.br\/wp-content\/uploads\/2025\/05\/sebastiao-salgado_reproducao_agenciabrasil.jpg\" alt=\"Sebasti\u00e3o Salgado\"><figcaption>Foto: Reprodu\u00e7\u00e3o Ag\u00eancia Brasil<\/figcaption><\/figure>\n<\/div>\n<p>Ag\u00eancia Brasil \u2013 O fot\u00f3grafo Sebasti\u00e3o Salgado morreu hoje (23) aos 81 anos em Paris. A informa\u00e7\u00e3o foi confirmada pelo Instituto Terra, organiza\u00e7\u00e3o n\u00e3o governamental fundada pelo fot\u00f3grafo.<img decoding=\"async\" src=\"https:\/\/agenciabrasil.ebc.com.br\/ebc.png?id=1643909&amp;o=node\"><img decoding=\"async\" src=\"https:\/\/agenciabrasil.ebc.com.br\/ebc.gif?id=1643909&amp;o=node\"><\/p>\n<p>\u201cSebasti\u00e3o foi muito mais do que um dos maiores fot\u00f3grafos de nosso tempo. Ao lado de sua companheira de vida, L\u00e9lia Deluiz Wanick Salgado, semeou esperan\u00e7a onde havia devasta\u00e7\u00e3o e fez florescer a ideia de que a restaura\u00e7\u00e3o ambiental \u00e9 tamb\u00e9m um gesto profundo de amor pela humanidade. Sua lente revelou o mundo e suas contradi\u00e7\u00f5es; sua vida, o poder da a\u00e7\u00e3o transformadora\u201d, diz o texto.<\/p>\n<p>Salgado nasceu em Aimor\u00e9s (MG), em 9 de fevereiro de 1944 e\u00a0j\u00e1 viajou por mais de 120 pa\u00edses para seus projetos fotogr\u00e1ficos.\u00a0<\/p>\n<p>Em nota, o presidente Luiz In\u00e1cio <a href=\"https:\/\/www.acordacidade.com.br\/tag\/lula\/\">Lula<\/a> da Silva lamentou a morte do fot\u00f3grafo e disse se sentir profundamente triste. \u201cSeu inconformismo com o fato de o mundo ser t\u00e3o desigual e seu talento obstinado em retratar a realidade dos oprimidos serviu, sempre, como um alerta para a consci\u00eancia de toda a humanidade\u201d, afirmou.<\/p>\n<p>\u201cSua obra continuar\u00e1 sendo um clamor pela solidariedade. E o lembrete de que somos todos iguais em nossa diversidade\u201d, completou Lula.\u00a0<\/p>\n<p><em>Siga o Acorda Cidade no<\/em><a href=\"https:\/\/news.google.com\/search?q=acorda%20cidade&amp;hl=pt-BR&amp;gl=BR&amp;ceid=BR%3Apt-419\"><strong><em> Google Not\u00edcias<\/em><\/strong><\/a><em> e receba os principais destaques do dia. Participe tamb\u00e9m dos nossos canais no <\/em><a href=\"https:\/\/whatsapp.com\/channel\/0029Va6Rb4v3WHTNnsh8WI3N\"><strong><em>WhatsApp<\/em><\/strong><\/a><em> e <\/em><a href=\"https:\/\/www.youtube.com\/@acordacidadenoticias\/videos\"><strong>Youtube<\/strong><\/a><em> e grupo de <\/em><a href=\"https:\/\/t.me\/+sSz0khrgARA0ZmRh\"><strong><em>Telegram<\/em><\/strong><\/a><em>.<\/em><\/p>\n<\/div>\n","protected":false},"excerpt":{"rendered":"<div>\n<div>\n<figure><img decoding=\"async\" src=\"https:\/\/uploads.acordacidade.com.br\/2025\/05\/sebastiao-salgado_reproducao_agenciabrasil.jpg\" alt=\"Sebasti\u00e3o Salgado\"><figcaption>Foto: Reprodu\u00e7\u00e3o Ag\u00eancia Brasil<\/figcaption><\/figure>\n<\/div>\n<p>Informa\u00e7\u00e3o foi confirmada pelo Instituto Terra<\/p><\/div>\n","protected":false},"author":1,"featured_media":87225,"comment_status":"closed","ping_status":"closed","sticky":false,"template":"","format":"gallery","meta":{"footnotes":""},"categories":[8,9,6,57,56,10],"tags":[],"class_list":["post-87224","post","type-post","status-publish","format-gallery","has-post-thumbnail","hentry","category-bahia","category-brasil","category-feira-de-santana","category-mundo","category-policia","category-politica","post_format-post-format-gallery"],"featured_image_urls":{"full":["https:\/\/noticiasbahia360.com.br\/wp-content\/uploads\/2025\/05\/sebastiao-salgado_reproducao_agenciabrasil.jpg",1200,718,false],"thumbnail":["https:\/\/noticiasbahia360.com.br\/wp-content\/uploads\/2025\/05\/sebastiao-salgado_reproducao_agenciabrasil-150x150.jpg",150,150,true],"medium":["https:\/\/noticiasbahia360.com.br\/wp-content\/uploads\/2025\/05\/sebastiao-salgado_reproducao_agenciabrasil-300x180.jpg",300,180,true],"medium_large":["https:\/\/noticiasbahia360.com.br\/wp-content\/uploads\/2025\/05\/sebastiao-salgado_reproducao_agenciabrasil-768x460.jpg",640,383,true],"large":["https:\/\/noticiasbahia360.com.br\/wp-content\/uploads\/2025\/05\/sebastiao-salgado_reproducao_agenciabrasil-1024x613.jpg",640,383,true],"1536x1536":["https:\/\/noticiasbahia360.com.br\/wp-content\/uploads\/2025\/05\/sebastiao-salgado_reproducao_agenciabrasil.jpg",1200,718,false],"2048x2048":["https:\/\/noticiasbahia360.com.br\/wp-content\/uploads\/2025\/05\/sebastiao-salgado_reproducao_agenciabrasil.jpg",1200,718,false],"chromenews-featured":["https:\/\/noticiasbahia360.com.br\/wp-content\/uploads\/2025\/05\/sebastiao-salgado_reproducao_agenciabrasil-1024x613.jpg",1024,613,true],"chromenews-large":["https:\/\/noticiasbahia360.com.br\/wp-content\/uploads\/2025\/05\/sebastiao-salgado_reproducao_agenciabrasil-825x575.jpg",825,575,true],"chromenews-medium":["https:\/\/noticiasbahia360.com.br\/wp-content\/uploads\/2025\/05\/sebastiao-salgado_reproducao_agenciabrasil-590x410.jpg",590,410,true]},"author_info":{"display_name":"noticiasbahia360.com.br","author_link":"https:\/\/noticiasbahia360.com.br\/?author=1"},"category_info":"<a href=\"https:\/\/noticiasbahia360.com.br\/?cat=8\" rel=\"category\">Bahia<\/a> <a href=\"https:\/\/noticiasbahia360.com.br\/?cat=9\" rel=\"category\">Brasil<\/a> <a href=\"https:\/\/noticiasbahia360.com.br\/?cat=6\" rel=\"category\">Feira de Santana<\/a> <a href=\"https:\/\/noticiasbahia360.com.br\/?cat=57\" rel=\"category\">Mundo<\/a> <a href=\"https:\/\/noticiasbahia360.com.br\/?cat=56\" rel=\"category\">Pol\u00edcia<\/a> <a href=\"https:\/\/noticiasbahia360.com.br\/?cat=10\" rel=\"category\">Pol\u00edtica<\/a>","tag_info":"Pol\u00edtica","comment_count":"0","_links":{"self":[{"href":"https:\/\/noticiasbahia360.com.br\/index.php?rest_route=\/wp\/v2\/posts\/87224","targetHints":{"allow":["GET"]}}],"collection":[{"href":"https:\/\/noticiasbahia360.com.br\/index.php?rest_route=\/wp\/v2\/posts"}],"about":[{"href":"https:\/\/noticiasbahia360.com.br\/index.php?rest_route=\/wp\/v2\/types\/post"}],"author":[{"embeddable":true,"href":"https:\/\/noticiasbahia360.com.br\/index.php?rest_route=\/wp\/v2\/users\/1"}],"replies":[{"embeddable":true,"href":"https:\/\/noticiasbahia360.com.br\/index.php?rest_route=%2Fwp%2Fv2%2Fcomments&post=87224"}],"version-history":[{"count":0,"href":"https:\/\/noticiasbahia360.com.br\/index.php?rest_route=\/wp\/v2\/posts\/87224\/revisions"}],"wp:featuredmedia":[{"embeddable":true,"href":"https:\/\/noticiasbahia360.com.br\/index.php?rest_route=\/wp\/v2\/media\/87225"}],"wp:attachment":[{"href":"https:\/\/noticiasbahia360.com.br\/index.php?rest_route=%2Fwp%2Fv2%2Fmedia&parent=87224"}],"wp:term":[{"taxonomy":"category","embeddable":true,"href":"https:\/\/noticiasbahia360.com.br\/index.php?rest_route=%2Fwp%2Fv2%2Fcategories&post=87224"},{"taxonomy":"post_tag","embeddable":true,"href":"https:\/\/noticiasbahia360.com.br\/index.php?rest_route=%2Fwp%2Fv2%2Ftags&post=87224"}],"curies":[{"name":"wp","href":"https:\/\/api.w.org\/{rel}","templated":true}]}}