{"id":87226,"date":"2025-05-23T15:38:53","date_gmt":"2025-05-23T18:38:53","guid":{"rendered":"https:\/\/noticiasbahia360.com.br\/?p=87226"},"modified":"2025-05-23T15:38:53","modified_gmt":"2025-05-23T18:38:53","slug":"ponte-sobre-o-rio-jequitinhonha-deve-ser-construida-em-tempo-recorde-diz-ministro","status":"publish","type":"post","link":"https:\/\/noticiasbahia360.com.br\/?p=87226","title":{"rendered":"Ponte sobre o Rio Jequitinhonha deve ser constru\u00edda em tempo recorde, diz ministro"},"content":{"rendered":"<div>\n<div>\n<figure><img decoding=\"async\" src=\"http:\/\/noticiasbahia360.com.br\/wp-content\/uploads\/2025\/05\/Sw3PWqwS-Reuniao-da-UPB.webp\" alt=\"audi\u00eancia da UPB - Ponte\"><figcaption>Foto: UPB<\/figcaption><\/figure>\n<\/div>\n<p>Uma audi\u00eancia intermediada pelo presidente da Uni\u00e3o dos Munic\u00edpios da Bahia (<a href=\"https:\/\/www.acordacidade.com.br\/tag\/upb\/\">UPB<\/a>), Wilson Cardoso, reuniu o ministro da Casa Civil, Rui Costa, com prefeitos dos munic\u00edpios afetados pela interdi\u00e7\u00e3o da ponte sobre o Rio <a href=\"https:\/\/www.acordacidade.com.br\/tag\/jequitinhonha\/\">Jequitinhonha<\/a>. A agenda foi realizada em Bras\u00edlia, na quinta-feira (22), para tratar da constru\u00e7\u00e3o de uma nova estrutura na \u00e1rea interditada no km 661 da BR-101, em Itapeb\u00ed, no Sul da Bahia. Foram discutidas tamb\u00e9m medidas emergenciais para mitigar os preju\u00edzos causados. A reuni\u00e3o contou com a presen\u00e7a do diretor-geral do Departamento Nacional de Infraestrutura de Transportes (Dnit), Fabr\u00edcio Galv\u00e3o, que junto com o ministro anunciou a constru\u00e7\u00e3o de uma nova ponte em tempo recorde, ao lado da atual, que tem 186 metros de comprimento.<\/p>\n<p>Segundo o ministro Rui Costa a ponte atual ser\u00e1 demolida e uma nova estrutura ser\u00e1 constru\u00edda no local em tempo recorde de 10 meses a no m\u00e1ximo um ano. \u201cFizemos essa reuni\u00e3o com o diretor do Dnit, que \u00e9 o \u00f3rg\u00e3o vinculado ao Minist\u00e9rio dos Transportes, porque v\u00e3o precisar demolir a ponte atual para construir uma ponte nova. E as provid\u00eancias de pavimenta\u00e7\u00e3o e de estrutura do desvio, assim como a instala\u00e7\u00e3o de balsas, v\u00e3o ser providenciadas. Vamos juntos l\u00e1 anunciar a demoli\u00e7\u00e3o da ponte e dar a ordem de servi\u00e7o\u201d, afirmou Rui Costa.<\/p>\n<p>O presidente da UPB, Wilson Cardoso, agradeceu a sensibilidade do ministro em garantir a\u00e7\u00f5es imediatas para minimizar os impactos \u00e0 popula\u00e7\u00e3o e ao setor produtivo. \u201cEssa resolutividade \u00e9 o mais importante. Acredito que todos os prefeitos aqui que est\u00e3o sofrendo e sa\u00edram da reuni\u00e3o com o cora\u00e7\u00e3o mais aliviado de responder com efici\u00eancia o que a popula\u00e7\u00e3o est\u00e1 precisando\u201d, avaliou o gestor ao destacar tamb\u00e9m o alinhamento do Governo do Estado da Bahia, atrav\u00e9s do governador Jer\u00f4nimo Rodrigues, com o Governo Federal para acelerar a resposta \u00e0 demanda dos munic\u00edpios.<\/p>\n<p>Desde janeiro deste ano, a situa\u00e7\u00e3o prec\u00e1ria da ponte impede o tr\u00e1fego de ve\u00edculos de carga e, agora em maio, a passagem foi interditada para todos os ve\u00edculos, causando preju\u00edzos para o transporte de carga, passageiros e, sobretudo, as ambul\u00e2ncias que transportam pacientes at\u00e9 hospitais. Os prefeitos relataram ao ministro que empresas est\u00e3o deixando de se instalar na regi\u00e3o pela falta de capacidade log\u00edstica para acesso aos munic\u00edpios e escoamento de produtos.<\/p>\n<p>O diretor-geral do Dnit refor\u00e7ou que ser\u00e1 feita uma reestrutura\u00e7\u00e3o do desvio para garantir a seguran\u00e7a e trafegabilidade, enquanto a nova ponte n\u00e3o for conclu\u00edda. \u201cVamos viabilizar um desvio totalmente trafeg\u00e1vel. Vamos colocar pedra, defensa met\u00e1lica, adi\u00e7\u00e3o de cimento, tudo o que for necess\u00e1rio para garantir a qualidade daquele desvio nos 50 quil\u00f4metros. E vamos tamb\u00e9m viabilizar uma balsa, principalmente para aquele transporte local\u201d, explicou Fabr\u00edcio Galv\u00e3o.<\/p>\n<p>A audi\u00eancia contou com a presen\u00e7a de prefeitos da regi\u00e3o afetada no Sul e Extremo Sul da Bahia: Isan Botelho de Itapebi , Luizinho de Itagimirim, Tonzinho de Lajed\u00e3o e Bemtivi de Itanh\u00e9m. Al\u00e9m do secret\u00e1rio especial do Programa de Acelera\u00e7\u00e3o do Crescimento (PAC) da Casa Civil, Maur\u00edcio Muniz.<\/p>\n<p><em>Siga o Acorda Cidade no<\/em><a href=\"https:\/\/news.google.com\/search?q=acorda%20cidade&amp;hl=pt-BR&amp;gl=BR&amp;ceid=BR%3Apt-419\"><strong><em>\u00a0Google Not\u00edcias<\/em><\/strong><\/a><em>\u00a0e receba os principais destaques do dia. Participe tamb\u00e9m dos nossos canais no\u00a0<\/em><a href=\"https:\/\/www.whatsapp.com\/channel\/0029Va6Rb4v3WHTNnsh8WI3N\"><strong><em>WhatsApp<\/em><\/strong><\/a><em>\u00a0e\u00a0<\/em><a href=\"https:\/\/www.youtube.com\/@acordacidadenoticias\/videos\"><strong>Youtube<\/strong><\/a><em>\u00a0e grupo de\u00a0<\/em><a href=\"https:\/\/t.me\/+sSz0khrgARA0ZmRh\"><strong><em>Telegram<\/em><\/strong><\/a><em>.<\/em><\/p>\n<\/div>\n","protected":false},"excerpt":{"rendered":"<div>\n<div>\n<figure><img decoding=\"async\" src=\"https:\/\/uploads.acordacidade.com.br\/2025\/05\/Sw3PWqwS-Reuniao-da-UPB.webp\" alt=\"audi\u00eancia da UPB - Ponte\"><figcaption>Foto: UPB<\/figcaption><\/figure>\n<\/div>\n<p>O ministro se reuniu com prefeitos do Sul e Extremo Sul em audi\u00eancia intermediada pelo presidente da UPB.<\/p><\/div>\n","protected":false},"author":1,"featured_media":87227,"comment_status":"closed","ping_status":"closed","sticky":false,"template":"","format":"gallery","meta":{"footnotes":""},"categories":[8,9,6,57,56,10],"tags":[],"class_list":["post-87226","post","type-post","status-publish","format-gallery","has-post-thumbnail","hentry","category-bahia","category-brasil","category-feira-de-santana","category-mundo","category-policia","category-politica","post_format-post-format-gallery"],"featured_image_urls":{"full":["https:\/\/noticiasbahia360.com.br\/wp-content\/uploads\/2025\/05\/Sw3PWqwS-Reuniao-da-UPB.webp",1200,710,false],"thumbnail":["https:\/\/noticiasbahia360.com.br\/wp-content\/uploads\/2025\/05\/Sw3PWqwS-Reuniao-da-UPB-150x150.webp",150,150,true],"medium":["https:\/\/noticiasbahia360.com.br\/wp-content\/uploads\/2025\/05\/Sw3PWqwS-Reuniao-da-UPB-300x178.webp",300,178,true],"medium_large":["https:\/\/noticiasbahia360.com.br\/wp-content\/uploads\/2025\/05\/Sw3PWqwS-Reuniao-da-UPB-768x454.webp",640,378,true],"large":["https:\/\/noticiasbahia360.com.br\/wp-content\/uploads\/2025\/05\/Sw3PWqwS-Reuniao-da-UPB-1024x606.webp",640,379,true],"1536x1536":["https:\/\/noticiasbahia360.com.br\/wp-content\/uploads\/2025\/05\/Sw3PWqwS-Reuniao-da-UPB.webp",1200,710,false],"2048x2048":["https:\/\/noticiasbahia360.com.br\/wp-content\/uploads\/2025\/05\/Sw3PWqwS-Reuniao-da-UPB.webp",1200,710,false],"chromenews-featured":["https:\/\/noticiasbahia360.com.br\/wp-content\/uploads\/2025\/05\/Sw3PWqwS-Reuniao-da-UPB-1024x606.webp",1024,606,true],"chromenews-large":["https:\/\/noticiasbahia360.com.br\/wp-content\/uploads\/2025\/05\/Sw3PWqwS-Reuniao-da-UPB-825x575.webp",825,575,true],"chromenews-medium":["https:\/\/noticiasbahia360.com.br\/wp-content\/uploads\/2025\/05\/Sw3PWqwS-Reuniao-da-UPB-590x410.webp",590,410,true]},"author_info":{"display_name":"noticiasbahia360.com.br","author_link":"https:\/\/noticiasbahia360.com.br\/?author=1"},"category_info":"<a href=\"https:\/\/noticiasbahia360.com.br\/?cat=8\" rel=\"category\">Bahia<\/a> <a href=\"https:\/\/noticiasbahia360.com.br\/?cat=9\" rel=\"category\">Brasil<\/a> <a href=\"https:\/\/noticiasbahia360.com.br\/?cat=6\" rel=\"category\">Feira de Santana<\/a> <a href=\"https:\/\/noticiasbahia360.com.br\/?cat=57\" rel=\"category\">Mundo<\/a> <a href=\"https:\/\/noticiasbahia360.com.br\/?cat=56\" rel=\"category\">Pol\u00edcia<\/a> <a href=\"https:\/\/noticiasbahia360.com.br\/?cat=10\" rel=\"category\">Pol\u00edtica<\/a>","tag_info":"Pol\u00edtica","comment_count":"0","_links":{"self":[{"href":"https:\/\/noticiasbahia360.com.br\/index.php?rest_route=\/wp\/v2\/posts\/87226","targetHints":{"allow":["GET"]}}],"collection":[{"href":"https:\/\/noticiasbahia360.com.br\/index.php?rest_route=\/wp\/v2\/posts"}],"about":[{"href":"https:\/\/noticiasbahia360.com.br\/index.php?rest_route=\/wp\/v2\/types\/post"}],"author":[{"embeddable":true,"href":"https:\/\/noticiasbahia360.com.br\/index.php?rest_route=\/wp\/v2\/users\/1"}],"replies":[{"embeddable":true,"href":"https:\/\/noticiasbahia360.com.br\/index.php?rest_route=%2Fwp%2Fv2%2Fcomments&post=87226"}],"version-history":[{"count":0,"href":"https:\/\/noticiasbahia360.com.br\/index.php?rest_route=\/wp\/v2\/posts\/87226\/revisions"}],"wp:featuredmedia":[{"embeddable":true,"href":"https:\/\/noticiasbahia360.com.br\/index.php?rest_route=\/wp\/v2\/media\/87227"}],"wp:attachment":[{"href":"https:\/\/noticiasbahia360.com.br\/index.php?rest_route=%2Fwp%2Fv2%2Fmedia&parent=87226"}],"wp:term":[{"taxonomy":"category","embeddable":true,"href":"https:\/\/noticiasbahia360.com.br\/index.php?rest_route=%2Fwp%2Fv2%2Fcategories&post=87226"},{"taxonomy":"post_tag","embeddable":true,"href":"https:\/\/noticiasbahia360.com.br\/index.php?rest_route=%2Fwp%2Fv2%2Ftags&post=87226"}],"curies":[{"name":"wp","href":"https:\/\/api.w.org\/{rel}","templated":true}]}}