{"id":87228,"date":"2025-05-23T15:44:38","date_gmt":"2025-05-23T18:44:38","guid":{"rendered":"https:\/\/noticiasbahia360.com.br\/?p=87228"},"modified":"2025-05-23T15:44:38","modified_gmt":"2025-05-23T18:44:38","slug":"classico-bahia-de-feira-enfrenta-o-touro-do-sertao-neste-sabado-24","status":"publish","type":"post","link":"https:\/\/noticiasbahia360.com.br\/?p=87228","title":{"rendered":"Cl\u00e1ssico: Bahia de Feira enfrenta o Touro do Sert\u00e3o neste s\u00e1bado (24)"},"content":{"rendered":"<div>\n<div>\n<figure><img decoding=\"async\" src=\"http:\/\/noticiasbahia360.com.br\/wp-content\/uploads\/2025\/05\/Bahia-de-Feira-goleia-Jacobina-em-Estreia-do-Baianao-2024-Foto-Reporter-Ed-Santos-Acorda-Cidade.jpg\" alt=\"Bahia de Feira goleia Jacobina\"><figcaption>ilustrativa | Foto: Ed Santos\/ Acorda Cidade<\/figcaption><\/figure>\n<\/div>\n<p>A pr\u00f3xima rodada da Segunda Divis\u00e3o Baiana ser\u00e1 marcada por um cl\u00e1ssico. O <a href=\"https:\/\/www.acordacidade.com.br\/tag\/bahia-de-feira\/\">Bahia de Feira<\/a> recebe o <a href=\"https:\/\/www.acordacidade.com.br\/tag\/fluminense-de-feira\/\">Fluminense de Feira<\/a> neste s\u00e1bado, (24), \u00e0s 15h, em um confronto direto na parte de cima da tabela da competi\u00e7\u00e3o.<\/p>\n<p>Goleiro do Tremend\u00e3o, Marcos falou sobre a partida. O jogador reconheceu a import\u00e2ncia do jogo e destacou a possibilidade do time saltar para a lideran\u00e7a do campeonato caso ven\u00e7a o cl\u00e1ssico.<\/p>\n<figure class=\"wp-block-image size-large\"><img fetchpriority=\"high\" data-dominant-color=\"595452\" data-has-transparency=\"false\" style=\"--dominant-color: #595452;\" fetchpriority=\"high\" decoding=\"async\" width=\"1024\" height=\"823\" sizes=\"(max-width: 1024px) 100vw, 1024px\" src=\"http:\/\/noticiasbahia360.com.br\/wp-content\/uploads\/2025\/05\/a4UPKnXF-Bahia-de-Feira-goleiro-1024x823-1.webp\" alt=\"Bahia de Feira\" class=\"wp-image-557123 not-transparent\" srcset=\"https:\/\/uploads.acordacidade.com.br\/2025\/05\/a4UPKnXF-Bahia-de-Feira-goleiro--300x241.webp 300w, http:\/\/noticiasbahia360.com.br\/wp-content\/uploads\/2025\/05\/a4UPKnXF-Bahia-de-Feira-goleiro-1024x823-1.webp 1024w, https:\/\/uploads.acordacidade.com.br\/2025\/05\/a4UPKnXF-Bahia-de-Feira-goleiro--768x617.webp 768w, https:\/\/uploads.acordacidade.com.br\/2025\/05\/a4UPKnXF-Bahia-de-Feira-goleiro--150x121.webp 150w, https:\/\/uploads.acordacidade.com.br\/2025\/05\/a4UPKnXF-Bahia-de-Feira-goleiro-.webp 1200w\"><figcaption class=\"wp-element-caption\">Foto: Divulga\u00e7\u00e3o\/Bahia de Feira<\/figcaption><\/figure>\n<p>\u201c\u00c9 um jogo especial, um cl\u00e1ssico da cidade que todo mundo quer vencer. Estamos nos preparando muito bem para esse grande jogo. Sabemos da import\u00e2ncia dessa partida e vamos com tudo para fazer uma boa atua\u00e7\u00e3o e sair com um resultado que pode nos levar \u00e0 lideran\u00e7a da competi\u00e7\u00e3o\u201d, afirmou.<\/p>\n<figure class=\"wp-block-image size-large\"><img data-dominant-color=\"595854\" data-has-transparency=\"false\" style=\"--dominant-color: #595854;\" decoding=\"async\" width=\"1024\" height=\"612\" sizes=\"(max-width: 1024px) 100vw, 1024px\" src=\"http:\/\/noticiasbahia360.com.br\/wp-content\/uploads\/2025\/05\/185EDpuf-Bahia-de-Feira-goleiro-1-1-1024x612-1.webp\" alt=\"Bahia de Feira\" class=\"wp-image-557124 not-transparent\" srcset=\"https:\/\/uploads.acordacidade.com.br\/2025\/05\/185EDpuf-Bahia-de-Feira-goleiro-1-1-300x179.webp 300w, http:\/\/noticiasbahia360.com.br\/wp-content\/uploads\/2025\/05\/185EDpuf-Bahia-de-Feira-goleiro-1-1-1024x612-1.webp 1024w, https:\/\/uploads.acordacidade.com.br\/2025\/05\/185EDpuf-Bahia-de-Feira-goleiro-1-1-768x459.webp 768w, https:\/\/uploads.acordacidade.com.br\/2025\/05\/185EDpuf-Bahia-de-Feira-goleiro-1-1-150x90.webp 150w, https:\/\/uploads.acordacidade.com.br\/2025\/05\/185EDpuf-Bahia-de-Feira-goleiro-1-1.webp 1200w\"><figcaption class=\"wp-element-caption\">Foto: Divulga\u00e7\u00e3o\/Bahia de Feira<br \/>\n<\/figcaption><\/figure>\n<p>Marcos tamb\u00e9m fez uma avalia\u00e7\u00e3o positiva do come\u00e7o do Bahia de Feira na S\u00e9rie B. Ap\u00f3s quatro rodadas disputadas, o time conta com uma campanha invicta, de tr\u00eas vit\u00f3rias e um empate, e est\u00e1 na vice-lideran\u00e7a com 10 pontos, dois atr\u00e1s do l\u00edder Itabuna.<\/p>\n<p>\u201cCome\u00e7amos a competi\u00e7\u00e3o com o p\u00e9 direito, mostrando muito comprometimento em todos os jogos. Temos constru\u00eddo uma campanha s\u00f3lida e com um grupo muito unido. Estar entre os primeiros colocados e ainda sem perder nos d\u00e1 confian\u00e7a para seguir firme na busca pelo nosso principal objetivo, que \u00e9 o acesso\u201d, concluiu o goleiro.<\/p>\n<p><em>Siga o Acorda Cidade no<\/em><a href=\"https:\/\/news.google.com\/search?q=acorda%20cidade&amp;hl=pt-BR&amp;gl=BR&amp;ceid=BR%3Apt-419\"><strong><em>\u00a0Google Not\u00edcias<\/em><\/strong><\/a><em>\u00a0e receba os principais destaques do dia. Participe tamb\u00e9m dos nossos canais no\u00a0<\/em><a href=\"https:\/\/www.whatsapp.com\/channel\/0029Va6Rb4v3WHTNnsh8WI3N\"><strong><em>WhatsApp<\/em><\/strong><\/a><em>\u00a0e\u00a0<\/em><a href=\"https:\/\/www.youtube.com\/@acordacidadenoticias\/videos\"><strong>Youtube<\/strong><\/a><em>\u00a0e grupo de\u00a0<\/em><a href=\"https:\/\/t.me\/+sSz0khrgARA0ZmRh\"><strong><em>Telegram<\/em><\/strong><\/a><em>.<\/em><\/p>\n<\/div>\n","protected":false},"excerpt":{"rendered":"<div>\n<div>\n<figure><img decoding=\"async\" src=\"https:\/\/uploads.acordacidade.com.br\/wp-content\/uploads\/2024\/01\/14175819\/Bahia-de-Feira-goleia-Jacobina-em-Estreia-do-Baianao-2024-Foto-Reporter-Ed-Santos-Acorda-Cidade.jpg\" alt=\"Bahia de Feira goleia Jacobina\"><figcaption>ilustrativa | Foto: Ed Santos\/ Acorda Cidade<\/figcaption><\/figure>\n<\/div>\n<p>Tremend\u00e3o pode assumir lideran\u00e7a em caso de vit\u00f3ria sobre rival.<\/p><\/div>\n","protected":false},"author":1,"featured_media":87229,"comment_status":"closed","ping_status":"closed","sticky":false,"template":"","format":"gallery","meta":{"footnotes":""},"categories":[8,9,6,57,56,10],"tags":[],"class_list":["post-87228","post","type-post","status-publish","format-gallery","has-post-thumbnail","hentry","category-bahia","category-brasil","category-feira-de-santana","category-mundo","category-policia","category-politica","post_format-post-format-gallery"],"featured_image_urls":{"full":["https:\/\/noticiasbahia360.com.br\/wp-content\/uploads\/2025\/05\/Bahia-de-Feira-goleia-Jacobina-em-Estreia-do-Baianao-2024-Foto-Reporter-Ed-Santos-Acorda-Cidade.jpg",640,360,false],"thumbnail":["https:\/\/noticiasbahia360.com.br\/wp-content\/uploads\/2025\/05\/Bahia-de-Feira-goleia-Jacobina-em-Estreia-do-Baianao-2024-Foto-Reporter-Ed-Santos-Acorda-Cidade-150x150.jpg",150,150,true],"medium":["https:\/\/noticiasbahia360.com.br\/wp-content\/uploads\/2025\/05\/Bahia-de-Feira-goleia-Jacobina-em-Estreia-do-Baianao-2024-Foto-Reporter-Ed-Santos-Acorda-Cidade-300x169.jpg",300,169,true],"medium_large":["https:\/\/noticiasbahia360.com.br\/wp-content\/uploads\/2025\/05\/Bahia-de-Feira-goleia-Jacobina-em-Estreia-do-Baianao-2024-Foto-Reporter-Ed-Santos-Acorda-Cidade.jpg",640,360,false],"large":["https:\/\/noticiasbahia360.com.br\/wp-content\/uploads\/2025\/05\/Bahia-de-Feira-goleia-Jacobina-em-Estreia-do-Baianao-2024-Foto-Reporter-Ed-Santos-Acorda-Cidade.jpg",640,360,false],"1536x1536":["https:\/\/noticiasbahia360.com.br\/wp-content\/uploads\/2025\/05\/Bahia-de-Feira-goleia-Jacobina-em-Estreia-do-Baianao-2024-Foto-Reporter-Ed-Santos-Acorda-Cidade.jpg",640,360,false],"2048x2048":["https:\/\/noticiasbahia360.com.br\/wp-content\/uploads\/2025\/05\/Bahia-de-Feira-goleia-Jacobina-em-Estreia-do-Baianao-2024-Foto-Reporter-Ed-Santos-Acorda-Cidade.jpg",640,360,false],"chromenews-featured":["https:\/\/noticiasbahia360.com.br\/wp-content\/uploads\/2025\/05\/Bahia-de-Feira-goleia-Jacobina-em-Estreia-do-Baianao-2024-Foto-Reporter-Ed-Santos-Acorda-Cidade.jpg",640,360,false],"chromenews-large":["https:\/\/noticiasbahia360.com.br\/wp-content\/uploads\/2025\/05\/Bahia-de-Feira-goleia-Jacobina-em-Estreia-do-Baianao-2024-Foto-Reporter-Ed-Santos-Acorda-Cidade.jpg",640,360,false],"chromenews-medium":["https:\/\/noticiasbahia360.com.br\/wp-content\/uploads\/2025\/05\/Bahia-de-Feira-goleia-Jacobina-em-Estreia-do-Baianao-2024-Foto-Reporter-Ed-Santos-Acorda-Cidade-590x360.jpg",590,360,true]},"author_info":{"display_name":"noticiasbahia360.com.br","author_link":"https:\/\/noticiasbahia360.com.br\/?author=1"},"category_info":"<a href=\"https:\/\/noticiasbahia360.com.br\/?cat=8\" rel=\"category\">Bahia<\/a> <a href=\"https:\/\/noticiasbahia360.com.br\/?cat=9\" rel=\"category\">Brasil<\/a> <a href=\"https:\/\/noticiasbahia360.com.br\/?cat=6\" rel=\"category\">Feira de Santana<\/a> <a href=\"https:\/\/noticiasbahia360.com.br\/?cat=57\" rel=\"category\">Mundo<\/a> <a href=\"https:\/\/noticiasbahia360.com.br\/?cat=56\" rel=\"category\">Pol\u00edcia<\/a> <a href=\"https:\/\/noticiasbahia360.com.br\/?cat=10\" rel=\"category\">Pol\u00edtica<\/a>","tag_info":"Pol\u00edtica","comment_count":"0","_links":{"self":[{"href":"https:\/\/noticiasbahia360.com.br\/index.php?rest_route=\/wp\/v2\/posts\/87228","targetHints":{"allow":["GET"]}}],"collection":[{"href":"https:\/\/noticiasbahia360.com.br\/index.php?rest_route=\/wp\/v2\/posts"}],"about":[{"href":"https:\/\/noticiasbahia360.com.br\/index.php?rest_route=\/wp\/v2\/types\/post"}],"author":[{"embeddable":true,"href":"https:\/\/noticiasbahia360.com.br\/index.php?rest_route=\/wp\/v2\/users\/1"}],"replies":[{"embeddable":true,"href":"https:\/\/noticiasbahia360.com.br\/index.php?rest_route=%2Fwp%2Fv2%2Fcomments&post=87228"}],"version-history":[{"count":0,"href":"https:\/\/noticiasbahia360.com.br\/index.php?rest_route=\/wp\/v2\/posts\/87228\/revisions"}],"wp:featuredmedia":[{"embeddable":true,"href":"https:\/\/noticiasbahia360.com.br\/index.php?rest_route=\/wp\/v2\/media\/87229"}],"wp:attachment":[{"href":"https:\/\/noticiasbahia360.com.br\/index.php?rest_route=%2Fwp%2Fv2%2Fmedia&parent=87228"}],"wp:term":[{"taxonomy":"category","embeddable":true,"href":"https:\/\/noticiasbahia360.com.br\/index.php?rest_route=%2Fwp%2Fv2%2Fcategories&post=87228"},{"taxonomy":"post_tag","embeddable":true,"href":"https:\/\/noticiasbahia360.com.br\/index.php?rest_route=%2Fwp%2Fv2%2Ftags&post=87228"}],"curies":[{"name":"wp","href":"https:\/\/api.w.org\/{rel}","templated":true}]}}