{"id":87232,"date":"2025-05-23T16:07:10","date_gmt":"2025-05-23T19:07:10","guid":{"rendered":"https:\/\/noticiasbahia360.com.br\/?p=87232"},"modified":"2025-05-23T16:07:10","modified_gmt":"2025-05-23T19:07:10","slug":"23o-festival-de-musica-da-educadora-fm-lanca-edicao-com-premiacao-recorde-e-espaco-para-estudantes-da-rede-publica","status":"publish","type":"post","link":"https:\/\/noticiasbahia360.com.br\/?p=87232","title":{"rendered":"23\u00ba Festival de M\u00fasica da Educadora FM lan\u00e7a edi\u00e7\u00e3o com premia\u00e7\u00e3o recorde e espa\u00e7o para estudantes da rede p\u00fablica"},"content":{"rendered":"<div>\n<div>\n<figure><img decoding=\"async\" src=\"http:\/\/noticiasbahia360.com.br\/wp-content\/uploads\/2025\/05\/IiGQyjSH-Festival-educadora-.webp\" alt=\"Festival educadora\"><figcaption>Foto: Emerson Santos<\/figcaption><\/figure>\n<\/div>\n<p>A R\u00e1dio <a href=\"https:\/\/www.acordacidade.com.br\/tag\/festival-de-musica-educadora-fm\/\">Educadora FM 107.5<\/a>, gerida pelo Instituto de Radiodifus\u00e3o Educativa da Bahia (Irdeb), lan\u00e7ou, na quinta-feira (22), no Cineteatro 2 de Julho, a 23\u00aa edi\u00e7\u00e3o do seu festival de m\u00fasica anual. A novidade deste ano \u00e9 a categoria voltada para estudantes das escolas p\u00fablicas estaduais.<\/p>\n<p>Os interessados poder\u00e3o se inscrever, de forma gratuita, atrav\u00e9s do site <a href=\"https:\/\/festivaleducadora.ba.gov.br\/\" target=\"_blank\" rel=\"noreferrer noopener\">https:\/\/festivaleducadora.ba.gov.br<\/a>, no per\u00edodo de 26 de maio a 1\u00b0 de agosto. Para a categoria profissional, o per\u00edodo ser\u00e1 de 26 de maio a 30 de junho.<\/p>\n<p>Ana C\u00e9lia Borges da Silva, 53 anos, estudante do curso t\u00e9cnico em M\u00fasica do Col\u00e9gio Estadual Deputado Manoel Novais e do curso de Belas Artes na Universidade Federal da Bahia (Ufba), conta que sua liga\u00e7\u00e3o com a m\u00fasica vem desde os 13 anos, quando j\u00e1 soltava a voz em casa. <\/p>\n<p>\u201cAos 19, cheguei a atuar como vocalista em uma banda e, desde ent\u00e3o, canto na igreja, em anivers\u00e1rios e outros pequenos eventos, sempre alimentando o desejo de cantar. Estou ansiosa e com grande expectativa para participar do Festival da Educadora. Vai ser um sonho!\u201d, relatou emocionada.<\/p>\n<figure class=\"wp-block-image size-large\"><img fetchpriority=\"high\" data-dominant-color=\"653f34\" data-has-transparency=\"false\" style=\"--dominant-color: #653f34;\" fetchpriority=\"high\" decoding=\"async\" width=\"1024\" height=\"632\" sizes=\"(max-width: 1024px) 100vw, 1024px\" src=\"http:\/\/noticiasbahia360.com.br\/wp-content\/uploads\/2025\/05\/pgFc9TOa-Festival-educadora-1024x632-1.webp\" alt=\"Festival educadora\" class=\"wp-image-557132 not-transparent\" srcset=\"https:\/\/uploads.acordacidade.com.br\/2025\/05\/pgFc9TOa-Festival-educadora-300x185.webp 300w, http:\/\/noticiasbahia360.com.br\/wp-content\/uploads\/2025\/05\/pgFc9TOa-Festival-educadora-1024x632-1.webp 1024w, https:\/\/uploads.acordacidade.com.br\/2025\/05\/pgFc9TOa-Festival-educadora-768x474.webp 768w, https:\/\/uploads.acordacidade.com.br\/2025\/05\/pgFc9TOa-Festival-educadora-150x93.webp 150w, https:\/\/uploads.acordacidade.com.br\/2025\/05\/pgFc9TOa-Festival-educadora.webp 1200w\"><figcaption class=\"wp-element-caption\">Foto: Emerson Santos<\/figcaption><\/figure>\n<p>A chefe de Gabinete da Secretaria da Educa\u00e7\u00e3o do Estado, Luciana Menezes, falou sobre o impacto da novidade na vida dos alunos da rede estadual. \u201cA gente espera mobilizar todas as escolas da nossa rede para elevar o potencial art\u00edstico e musical dos nossos estudantes. Este festival vai ser ainda mais inovador com a participa\u00e7\u00e3o deles\u201d, refor\u00e7ou.<\/p>\n<h2 class=\"wp-block-heading\" id=\"h-premiacao-sera-a-maior-dos-ultimos-tempos\">Premia\u00e7\u00e3o ser\u00e1 a maior dos \u00faltimos tempos<\/h2>\n<p>Considerado o maior festival de composi\u00e7\u00f5es in\u00e9ditas da Bahia, o 23\u00ba Festival de M\u00fasica da R\u00e1dio Educadora FM traz, este ano, outra novidade: a amplia\u00e7\u00e3o da premia\u00e7\u00e3o de R$ 300 mil para R$ 400 mil.<\/p>\n<p>O lan\u00e7amento contou com a apresenta\u00e7\u00e3o da estudante Vanessa Gomes, vencedora do Festival Anual da Can\u00e7\u00e3o Estudantil \u2013 Conecta Voz 2024, e de Fall Cl\u00e1ssico, artista vencedor do 22\u00ba Festival de M\u00fasica Educadora FM, na categoria Melhor M\u00fasica com Letra. A cerim\u00f4nia de premia\u00e7\u00e3o ocorrer\u00e1 no dia 7 de dezembro e ser\u00e1 transmitido pela TVE e R\u00e1dio Educadora FM, com show de um artista homenageado ainda a ser divulgado.<\/p>\n<p><em>Siga o Acorda Cidade no<\/em><a href=\"https:\/\/news.google.com\/search?q=acorda%20cidade&amp;hl=pt-BR&amp;gl=BR&amp;ceid=BR%3Apt-419\"><strong><em>\u00a0Google Not\u00edcias<\/em><\/strong><\/a><em>\u00a0e receba os principais destaques do dia. Participe tamb\u00e9m dos nossos canais no\u00a0<\/em><a href=\"https:\/\/www.whatsapp.com\/channel\/0029Va6Rb4v3WHTNnsh8WI3N\"><strong><em>WhatsApp<\/em><\/strong><\/a><em>\u00a0e\u00a0<\/em><a href=\"https:\/\/www.youtube.com\/@acordacidadenoticias\/videos\"><strong>Youtube<\/strong><\/a><em>\u00a0e grupo de\u00a0<\/em><a href=\"https:\/\/t.me\/+sSz0khrgARA0ZmRh\"><strong><em>Telegram<\/em><\/strong><\/a><em>.<\/em><\/p>\n<\/div>\n","protected":false},"excerpt":{"rendered":"<div>\n<div>\n<figure><img decoding=\"async\" src=\"https:\/\/uploads.acordacidade.com.br\/2025\/05\/IiGQyjSH-Festival-educadora-.webp\" alt=\"Festival educadora\"><figcaption>Foto: Emerson Santos<\/figcaption><\/figure>\n<\/div>\n<p>O 23\u00ba Festival de M\u00fasica da R\u00e1dio Educadora FM traz, este ano, outra novidade: a amplia\u00e7\u00e3o da premia\u00e7\u00e3o de R$ 300 mil para R$ 400 mil.<\/p><\/div>\n","protected":false},"author":1,"featured_media":87233,"comment_status":"closed","ping_status":"closed","sticky":false,"template":"","format":"gallery","meta":{"footnotes":""},"categories":[8,9,6,57,56,10],"tags":[],"class_list":["post-87232","post","type-post","status-publish","format-gallery","has-post-thumbnail","hentry","category-bahia","category-brasil","category-feira-de-santana","category-mundo","category-policia","category-politica","post_format-post-format-gallery"],"featured_image_urls":{"full":["https:\/\/noticiasbahia360.com.br\/wp-content\/uploads\/2025\/05\/IiGQyjSH-Festival-educadora-.webp",1200,801,false],"thumbnail":["https:\/\/noticiasbahia360.com.br\/wp-content\/uploads\/2025\/05\/IiGQyjSH-Festival-educadora--150x150.webp",150,150,true],"medium":["https:\/\/noticiasbahia360.com.br\/wp-content\/uploads\/2025\/05\/IiGQyjSH-Festival-educadora--300x200.webp",300,200,true],"medium_large":["https:\/\/noticiasbahia360.com.br\/wp-content\/uploads\/2025\/05\/IiGQyjSH-Festival-educadora--768x513.webp",640,428,true],"large":["https:\/\/noticiasbahia360.com.br\/wp-content\/uploads\/2025\/05\/IiGQyjSH-Festival-educadora--1024x684.webp",640,428,true],"1536x1536":["https:\/\/noticiasbahia360.com.br\/wp-content\/uploads\/2025\/05\/IiGQyjSH-Festival-educadora-.webp",1200,801,false],"2048x2048":["https:\/\/noticiasbahia360.com.br\/wp-content\/uploads\/2025\/05\/IiGQyjSH-Festival-educadora-.webp",1200,801,false],"chromenews-featured":["https:\/\/noticiasbahia360.com.br\/wp-content\/uploads\/2025\/05\/IiGQyjSH-Festival-educadora--1024x684.webp",1024,684,true],"chromenews-large":["https:\/\/noticiasbahia360.com.br\/wp-content\/uploads\/2025\/05\/IiGQyjSH-Festival-educadora--825x575.webp",825,575,true],"chromenews-medium":["https:\/\/noticiasbahia360.com.br\/wp-content\/uploads\/2025\/05\/IiGQyjSH-Festival-educadora--590x410.webp",590,410,true]},"author_info":{"display_name":"noticiasbahia360.com.br","author_link":"https:\/\/noticiasbahia360.com.br\/?author=1"},"category_info":"<a href=\"https:\/\/noticiasbahia360.com.br\/?cat=8\" rel=\"category\">Bahia<\/a> <a href=\"https:\/\/noticiasbahia360.com.br\/?cat=9\" rel=\"category\">Brasil<\/a> <a href=\"https:\/\/noticiasbahia360.com.br\/?cat=6\" rel=\"category\">Feira de Santana<\/a> <a href=\"https:\/\/noticiasbahia360.com.br\/?cat=57\" rel=\"category\">Mundo<\/a> <a href=\"https:\/\/noticiasbahia360.com.br\/?cat=56\" rel=\"category\">Pol\u00edcia<\/a> <a href=\"https:\/\/noticiasbahia360.com.br\/?cat=10\" rel=\"category\">Pol\u00edtica<\/a>","tag_info":"Pol\u00edtica","comment_count":"0","_links":{"self":[{"href":"https:\/\/noticiasbahia360.com.br\/index.php?rest_route=\/wp\/v2\/posts\/87232","targetHints":{"allow":["GET"]}}],"collection":[{"href":"https:\/\/noticiasbahia360.com.br\/index.php?rest_route=\/wp\/v2\/posts"}],"about":[{"href":"https:\/\/noticiasbahia360.com.br\/index.php?rest_route=\/wp\/v2\/types\/post"}],"author":[{"embeddable":true,"href":"https:\/\/noticiasbahia360.com.br\/index.php?rest_route=\/wp\/v2\/users\/1"}],"replies":[{"embeddable":true,"href":"https:\/\/noticiasbahia360.com.br\/index.php?rest_route=%2Fwp%2Fv2%2Fcomments&post=87232"}],"version-history":[{"count":0,"href":"https:\/\/noticiasbahia360.com.br\/index.php?rest_route=\/wp\/v2\/posts\/87232\/revisions"}],"wp:featuredmedia":[{"embeddable":true,"href":"https:\/\/noticiasbahia360.com.br\/index.php?rest_route=\/wp\/v2\/media\/87233"}],"wp:attachment":[{"href":"https:\/\/noticiasbahia360.com.br\/index.php?rest_route=%2Fwp%2Fv2%2Fmedia&parent=87232"}],"wp:term":[{"taxonomy":"category","embeddable":true,"href":"https:\/\/noticiasbahia360.com.br\/index.php?rest_route=%2Fwp%2Fv2%2Fcategories&post=87232"},{"taxonomy":"post_tag","embeddable":true,"href":"https:\/\/noticiasbahia360.com.br\/index.php?rest_route=%2Fwp%2Fv2%2Ftags&post=87232"}],"curies":[{"name":"wp","href":"https:\/\/api.w.org\/{rel}","templated":true}]}}