{"id":87235,"date":"2025-05-23T16:07:16","date_gmt":"2025-05-23T19:07:16","guid":{"rendered":"https:\/\/noticiasbahia360.com.br\/?p=87235"},"modified":"2025-05-23T16:07:16","modified_gmt":"2025-05-23T19:07:16","slug":"grupo-educacional-abre-cerca-de-70-vagas-de-trabalho-na-bahia-ha-vagas-para-feira-de-santana","status":"publish","type":"post","link":"https:\/\/noticiasbahia360.com.br\/?p=87235","title":{"rendered":"Grupo educacional abre cerca de 70 vagas de trabalho na Bahia; h\u00e1 vagas para Feira de Santana"},"content":{"rendered":"<div>\n<div>\n<figure><img decoding=\"async\" src=\"http:\/\/noticiasbahia360.com.br\/wp-content\/uploads\/2025\/05\/Estagio-emprego-mercado-de-trabalho-foto-Freepik.jpg\" alt=\"Est\u00e1gio, emprego, mercado de trabalho\"><figcaption>Foto: Freepik<\/figcaption><\/figure>\n<\/div>\n<p>A Cogna Educa\u00e7\u00e3o, maior e mais completo grupo educacional do pa\u00eds, est\u00e1 com cerca de 70 vagas abertas em 14 cidades da Bahia, como Feira de Santana, <a href=\"https:\/\/www.acordacidade.com.br\/tag\/lauro-de-freitas\/\">Lauro de Freitas<\/a> e Salvador.<\/p>\n<p>As oportunidades s\u00e3o para posi\u00e7\u00f5es nos setores acad\u00eamico, administrativo, atendimento, comercial, sa\u00fade e tecnologia. Al\u00e9m da Bahia, a Cogna Educa\u00e7\u00e3o tem, no total, mais de 900 oportunidades abertas em cerca de 100 cidades do Brasil, em todos os Estados. A rela\u00e7\u00e3o completa das vagas e o formul\u00e1rio para aplica\u00e7\u00e3o podem ser acessados em <a href=\"https:\/\/cogna.gupy.io\/\" target=\"_blank\" rel=\"noreferrer noopener\">https:\/\/cogna.gupy.io\/<\/a>.<\/p>\n<p>Em rela\u00e7\u00e3o aos benef\u00edcios das vagas, s\u00e3o eleg\u00edveis de acordo com a posi\u00e7\u00e3o e a regi\u00e3o de atua\u00e7\u00e3o e podem conter bolsas de estudos para Gradua\u00e7\u00e3o e P\u00f3s-Gradua\u00e7\u00e3o nas institui\u00e7\u00f5es de ensino superior da Cogna, acesso a Universidade Corporativa com centenas de cursos gratuitos, Wellhub, Seguro de Vida, Assist\u00eancia M\u00e9dica, Vale Refei\u00e7\u00e3o ou Alimenta\u00e7\u00e3o e Day Off de Anivers\u00e1rio.<\/p>\n<p>Com quase seis d\u00e9cadas de atua\u00e7\u00e3o, a Cogna \u00e9 hoje a maior e mais completa empresa de servi\u00e7os educacionais do Brasil. Est\u00e1 presente em todas as etapas da jornada do conhecimento, dos 2 aos 100 anos, atuando da educa\u00e7\u00e3o infantil \u00e0 p\u00f3s-gradua\u00e7\u00e3o, passando por idiomas, cursos t\u00e9cnicos, profissionalizantes e solu\u00e7\u00f5es digitais. A companhia tem opera\u00e7\u00f5es em todo o territ\u00f3rio nacional por meio das verticais Kroton, Somos (Vasta) e Saber, que re\u00fanem marcas reconhecidas como Anglo, Red Balloon, Anhanguera, pH e Editora Saraiva.<\/p>\n<p>Guiada pelo prop\u00f3sito de impulsionar pessoas a constru\u00edrem a melhor vers\u00e3o de si, a Cogna valoriza protagonismo, aprendizado cont\u00ednuo e foco no cliente. Certificada pelo selo Great Place to Work, a empresa aposta em programas estruturantes de lideran\u00e7a, feedback e desenvolvimento de talentos para sustentar sua transforma\u00e7\u00e3o cultural e estrat\u00e9gica. A combina\u00e7\u00e3o entre excel\u00eancia operacional e valoriza\u00e7\u00e3o das pessoas tem sido essencial para ampliar o impacto da companhia na educa\u00e7\u00e3o do Brasil.<\/p>\n<p>A Cogna Educa\u00e7\u00e3o \u00e9 o maior e mais completo grupo educacional do pa\u00eds, detentor de um completo portf\u00f3lio de servi\u00e7os e solu\u00e7\u00f5es para atender as necessidades dos estudantes de maneira personalizada e flex\u00edvel. Com mais de 55 anos de atua\u00e7\u00e3o, est\u00e1 presente, direta e indiretamente, em todos os estados do Brasil e em mais de 5 mil munic\u00edpios, oferecendo solu\u00e7\u00f5es e servi\u00e7os nos mercados B2B, B2C e B2G, abrangendo desde a educa\u00e7\u00e3o b\u00e1sica at\u00e9 a p\u00f3s-gradua\u00e7\u00e3o por meio das verticais Kroton, Somos e Saber. A Cogna atende a mais de 3 milh\u00f5es de estudantes, sendo mais de 1,2 milh\u00e3o de alunos na gradua\u00e7\u00e3o e p\u00f3s-gradua\u00e7\u00e3o e 2 milh\u00f5es de estudantes por meio das 7,2 mil escolas e institui\u00e7\u00f5es de ensino parceiras no ensino b\u00e1sico. Suas atividades e programas sociais geram um impacto anual de R$ 15 bilh\u00f5es \u00e0 sociedade, ajudando a transformar as comunidades onde est\u00e1 inserida.<\/p>\n<p><em>Siga o Acorda Cidade no<\/em><a href=\"https:\/\/news.google.com\/search?q=acorda%20cidade&amp;hl=pt-BR&amp;gl=BR&amp;ceid=BR%3Apt-419\"><strong><em> Google Not\u00edcias<\/em><\/strong><\/a><em> e receba os principais destaques do dia. Participe tamb\u00e9m dos nossos canais no <\/em><a href=\"https:\/\/whatsapp.com\/channel\/0029Va6Rb4v3WHTNnsh8WI3N\"><strong><em>WhatsApp<\/em><\/strong><\/a><em> e <\/em><a href=\"https:\/\/www.youtube.com\/@acordacidadenoticias\/videos\"><strong>YouTube<\/strong><\/a><em> e do grupo no <\/em><a href=\"https:\/\/t.me\/+sSz0khrgARA0ZmRh\"><strong><em>Telegram<\/em><\/strong><\/a><em>.<\/em> <\/p>\n<\/div>\n","protected":false},"excerpt":{"rendered":"<div>\n<div>\n<figure><img decoding=\"async\" src=\"https:\/\/uploads.acordacidade.com.br\/2025\/02\/Estagio-emprego-mercado-de-trabalho-foto-Freepik.jpg\" alt=\"Est\u00e1gio, emprego, mercado de trabalho\"><figcaption>Foto: Freepik<\/figcaption><\/figure>\n<\/div>\n<p>Al\u00e9m de Feira as vagas s\u00e3o pra Jequi\u00e9, Lauro de Freitas, Salvador e Teixeira de Freitas nas \u00e1reas comercial, administrativo, acad\u00eamico e outras.<\/p><\/div>\n","protected":false},"author":1,"featured_media":87236,"comment_status":"closed","ping_status":"closed","sticky":false,"template":"","format":"gallery","meta":{"footnotes":""},"categories":[8,9,6,57,56,10],"tags":[],"class_list":["post-87235","post","type-post","status-publish","format-gallery","has-post-thumbnail","hentry","category-bahia","category-brasil","category-feira-de-santana","category-mundo","category-policia","category-politica","post_format-post-format-gallery"],"featured_image_urls":{"full":["https:\/\/noticiasbahia360.com.br\/wp-content\/uploads\/2025\/05\/Estagio-emprego-mercado-de-trabalho-foto-Freepik.jpg",640,427,false],"thumbnail":["https:\/\/noticiasbahia360.com.br\/wp-content\/uploads\/2025\/05\/Estagio-emprego-mercado-de-trabalho-foto-Freepik-150x150.jpg",150,150,true],"medium":["https:\/\/noticiasbahia360.com.br\/wp-content\/uploads\/2025\/05\/Estagio-emprego-mercado-de-trabalho-foto-Freepik-300x200.jpg",300,200,true],"medium_large":["https:\/\/noticiasbahia360.com.br\/wp-content\/uploads\/2025\/05\/Estagio-emprego-mercado-de-trabalho-foto-Freepik.jpg",640,427,false],"large":["https:\/\/noticiasbahia360.com.br\/wp-content\/uploads\/2025\/05\/Estagio-emprego-mercado-de-trabalho-foto-Freepik.jpg",640,427,false],"1536x1536":["https:\/\/noticiasbahia360.com.br\/wp-content\/uploads\/2025\/05\/Estagio-emprego-mercado-de-trabalho-foto-Freepik.jpg",640,427,false],"2048x2048":["https:\/\/noticiasbahia360.com.br\/wp-content\/uploads\/2025\/05\/Estagio-emprego-mercado-de-trabalho-foto-Freepik.jpg",640,427,false],"chromenews-featured":["https:\/\/noticiasbahia360.com.br\/wp-content\/uploads\/2025\/05\/Estagio-emprego-mercado-de-trabalho-foto-Freepik.jpg",640,427,false],"chromenews-large":["https:\/\/noticiasbahia360.com.br\/wp-content\/uploads\/2025\/05\/Estagio-emprego-mercado-de-trabalho-foto-Freepik.jpg",640,427,false],"chromenews-medium":["https:\/\/noticiasbahia360.com.br\/wp-content\/uploads\/2025\/05\/Estagio-emprego-mercado-de-trabalho-foto-Freepik-590x410.jpg",590,410,true]},"author_info":{"display_name":"noticiasbahia360.com.br","author_link":"https:\/\/noticiasbahia360.com.br\/?author=1"},"category_info":"<a href=\"https:\/\/noticiasbahia360.com.br\/?cat=8\" rel=\"category\">Bahia<\/a> <a href=\"https:\/\/noticiasbahia360.com.br\/?cat=9\" rel=\"category\">Brasil<\/a> <a href=\"https:\/\/noticiasbahia360.com.br\/?cat=6\" rel=\"category\">Feira de Santana<\/a> <a href=\"https:\/\/noticiasbahia360.com.br\/?cat=57\" rel=\"category\">Mundo<\/a> <a href=\"https:\/\/noticiasbahia360.com.br\/?cat=56\" rel=\"category\">Pol\u00edcia<\/a> <a href=\"https:\/\/noticiasbahia360.com.br\/?cat=10\" rel=\"category\">Pol\u00edtica<\/a>","tag_info":"Pol\u00edtica","comment_count":"0","_links":{"self":[{"href":"https:\/\/noticiasbahia360.com.br\/index.php?rest_route=\/wp\/v2\/posts\/87235","targetHints":{"allow":["GET"]}}],"collection":[{"href":"https:\/\/noticiasbahia360.com.br\/index.php?rest_route=\/wp\/v2\/posts"}],"about":[{"href":"https:\/\/noticiasbahia360.com.br\/index.php?rest_route=\/wp\/v2\/types\/post"}],"author":[{"embeddable":true,"href":"https:\/\/noticiasbahia360.com.br\/index.php?rest_route=\/wp\/v2\/users\/1"}],"replies":[{"embeddable":true,"href":"https:\/\/noticiasbahia360.com.br\/index.php?rest_route=%2Fwp%2Fv2%2Fcomments&post=87235"}],"version-history":[{"count":0,"href":"https:\/\/noticiasbahia360.com.br\/index.php?rest_route=\/wp\/v2\/posts\/87235\/revisions"}],"wp:featuredmedia":[{"embeddable":true,"href":"https:\/\/noticiasbahia360.com.br\/index.php?rest_route=\/wp\/v2\/media\/87236"}],"wp:attachment":[{"href":"https:\/\/noticiasbahia360.com.br\/index.php?rest_route=%2Fwp%2Fv2%2Fmedia&parent=87235"}],"wp:term":[{"taxonomy":"category","embeddable":true,"href":"https:\/\/noticiasbahia360.com.br\/index.php?rest_route=%2Fwp%2Fv2%2Fcategories&post=87235"},{"taxonomy":"post_tag","embeddable":true,"href":"https:\/\/noticiasbahia360.com.br\/index.php?rest_route=%2Fwp%2Fv2%2Ftags&post=87235"}],"curies":[{"name":"wp","href":"https:\/\/api.w.org\/{rel}","templated":true}]}}